{"id":109886,"date":"2025-05-18T18:04:14","date_gmt":"2025-05-18T18:04:14","guid":{"rendered":"https:\/\/www.europesays.com\/fr\/109886\/"},"modified":"2025-05-18T18:04:14","modified_gmt":"2025-05-18T18:04:14","slug":"lara-fabian-se-livre-sur-ses-problemes-de-sante-video","status":"publish","type":"post","link":"https:\/\/www.europesays.com\/fr\/109886\/","title":{"rendered":"Lara Fabian se livre sur ses probl\u00e8mes de sant\u00e9 (VIDEO)"},"content":{"rendered":"<p>Ce 18\u00a0mai, <a href=\"https:\/\/www.programme-tv.net\/news\/people\/378753-michel-drucker-nous-revele-sa-petite-manie-qui-agace-sa-femme-dany-saval\/\" data-api-deeplink=\"teleloisirs:\/\/news\/378753\" target=\"_blank\" rel=\"noopener\">Michel Drucker a re\u00e7u du beau monde dans Vivement dimanche<\/a>, diffus\u00e9 sur France 3. Sur le plateau, l&rsquo;animateur a \u00e9chang\u00e9 avec Lara Fabian, Alex Lutz, Pauline D\u00e9roul\u00e8de, Alan Geaam, Maud Fontenoy, Emmanuel Chaunu et V\u00e9ronique Sanson. L&rsquo;interpr\u00e8te de Je t&rsquo;aime \u00e9tait venue parler de son album Je suis l\u00e0, co\u00e9crit avec Vianney et disponible depuis d\u00e9cembre dernier. <a href=\"https:\/\/www.programme-tv.net\/news\/musique\/377039-quelque-chose-qui-me-brise-le-coeur-lara-fabian-annonce-une-nouvelle-de-derniere-minute-qui-attristera-ses-fans\/\" data-api-deeplink=\"teleloisirs:\/\/news\/377039\" target=\"_blank\" rel=\"noopener\">L&rsquo;artiste de 55 ans<\/a> a \u00e9galement fait de nombreuses confidences sur sa vie priv\u00e9e. Sur le plateau de France 3, Lara Fabian a \u00e9voqu\u00e9 <a href=\"https:\/\/www.programme-tv.net\/news\/tv\/372500-jai-fait-une-crise-cardiaque-lara-fabian-evoque-ses-troubles-alimentaires-qui-l-ont-fait-tomber-a-41-kilos-dans-un-dimanche-a-la-campagne\/\" data-api-deeplink=\"teleloisirs:\/\/news\/372500\" target=\"_blank\" rel=\"noopener\">ses probl\u00e8mes de sant\u00e9<\/a> qui auraient pu lui faire arr\u00eater sa passion.<\/p>\n<p>\u00ab\u00a0Je n&rsquo;ai plus entendu pendant presque trois mois\u00a0\u00bb\u00a0: Lara Fabian \u00e9voque sa perte de l&rsquo;ou\u00efe qui a failli lui co\u00fbter sa carri\u00e8re<\/p>\n<p>En 2013, <a href=\"https:\/\/www.programme-tv.net\/news\/people\/378582-j-ai-perdu-cet-enfant-lara-fabian-revient-sur-le-drame-qu-elle-a-vecu-video\/\" data-api-deeplink=\"teleloisirs:\/\/news\/378582\" target=\"_blank\" rel=\"noopener\">l&rsquo;ic\u00f4ne de la chanson <\/a>avait perdu l\u2019ou\u00efe pendant plusieurs mois. \u00ab\u00a0Le tympan perfor\u00e9\u00a0?\u00a0\u00bb, a demand\u00e9 Michel Drucker. <b>\u00ab\u00a0Gr\u00e2ce \u00e0 Dieu, non, mais on n&rsquo;\u00e9tait pas loin d&rsquo;un accident irr\u00e9versible. Mon cerveau a compl\u00e8tement ferm\u00e9 les vannes et je n&rsquo;ai plus entendu pendant presque trois, quatre mois\u00a0\u00bb<\/b>, a racont\u00e9 Lara Fabian avant d&rsquo;ajouter\u00a0: \u00ab\u00a0C&rsquo;\u00e9tait dur, mais il y a quelque chose d&rsquo;incroyable qui se passe dans ces moments, c&rsquo;est qu&rsquo;on arrive \u00e0 percevoir, entendre et comprendre la musique autrement (&#8230;). Quand quelque chose vient \u00e0 nous manquer, si on a le courage de le faire \u00e0 ce moment-l\u00e0, on peut essayer de se tourner vers ce que \u00e7a permet\u00a0\u00bb. L&rsquo;artiste a ensuite expliqu\u00e9 ne pas avoir perdu sa voix, mais avoir eu du mal \u00e0 chanter. \u00ab\u00a0C&rsquo;est pas tellement que j&rsquo;ai perdu ma voix, mais c&rsquo;est qu&rsquo;en n&rsquo;entendant plus comment je chantais, je ne pouvais plus m&rsquo;exercer comme je le faisais. Donc, j&rsquo;ai perdu un peu de flexibilit\u00e9, d&rsquo;\u00e9lasticit\u00e9, puis, je me suis remis \u00e0 travailler et finalement, tout est revenu\u00a0\u00bb, a conclu Lara Fabien.<\/p>\n<p>                        <b>Lara Fabian se confie sur son trouble alimentaire dans <\/b><b>Un dimanche \u00e0 la campagne<\/b><\/p>\n<p>En mars dernier, la chanteuse avait \u00e9galement confi\u00e9 \u00e0 Fr\u00e9d\u00e9ric Lopez avoir <a href=\"https:\/\/www.programme-tv.net\/news\/tv\/372500-jai-fait-une-crise-cardiaque-lara-fabian-evoque-ses-troubles-alimentaires-qui-l-ont-fait-tomber-a-41-kilos-dans-un-dimanche-a-la-campagne\/\" data-api-deeplink=\"teleloisirs:\/\/news\/372500\" target=\"_blank\" rel=\"noopener\">souffert de trouble alimentaire<\/a> dans Un dimanche \u00e0 la campagne. \u00ab\u00a0Aujourd&rsquo;hui, c&rsquo;est un v\u00e9ritable plaisir que je continue d&rsquo;observer quand m\u00eame avec prudence. Parce que je me suis fait beaucoup de mal. J&rsquo;ai eu un d\u00e9sordre alimentaire tr\u00e8s complexe o\u00f9 je ne gardais pas la nourriture ou bien je me privais de manger de la nourriture. J&rsquo;avais trouv\u00e9 un truc tr\u00e8s sympa, je coupais une pomme en sept quartiers, j&rsquo;\u00e9crivais le jour de la semaine avec un petit cure-dent dessus. Je me suis fait beaucoup de mal comme \u00e7a, je suis arriv\u00e9e \u00e0 41\u00a0kilos \u00e0 peu pr\u00e8s, j&rsquo;ai fait une crise cardiaque, il pouvait arriver entre 15 et 18 vomissements par jour\u00a0\u00bb, avait-elle d\u00e9clar\u00e9.<\/p>\n","protected":false},"excerpt":{"rendered":"Ce 18\u00a0mai, Michel Drucker a re\u00e7u du beau monde dans Vivement dimanche, diffus\u00e9 sur France 3. Sur le&hellip;\n","protected":false},"author":2,"featured_media":109887,"comment_status":"","ping_status":"","sticky":false,"template":"","format":"standard","meta":{"footnotes":""},"categories":[1355],"tags":[244,58,59,1011,27,594,12238,877,1361,873,8755,878,1421],"class_list":{"0":"post-109886","1":"post","2":"type-post","3":"status-publish","4":"format-standard","5":"has-post-thumbnail","7":"category-musique","8":"tag-commentaire","9":"tag-divertissement","10":"tag-entertainment","11":"tag-fr","12":"tag-france","13":"tag-france-2","14":"tag-lara-fabian","15":"tag-michel-drucker","16":"tag-music","17":"tag-musique","18":"tag-santu00e9","19":"tag-vivement-dimanche","20":"tag-zap"},"share_on_mastodon":{"url":"https:\/\/pubeurope.com\/@fr\/114530161020908990","error":""},"_links":{"self":[{"href":"https:\/\/www.europesays.com\/fr\/wp-json\/wp\/v2\/posts\/109886","targetHints":{"allow":["GET"]}}],"collection":[{"href":"https:\/\/www.europesays.com\/fr\/wp-json\/wp\/v2\/posts"}],"about":[{"href":"https:\/\/www.europesays.com\/fr\/wp-json\/wp\/v2\/types\/post"}],"author":[{"embeddable":true,"href":"https:\/\/www.europesays.com\/fr\/wp-json\/wp\/v2\/users\/2"}],"replies":[{"embeddable":true,"href":"https:\/\/www.europesays.com\/fr\/wp-json\/wp\/v2\/comments?post=109886"}],"version-history":[{"count":0,"href":"https:\/\/www.europesays.com\/fr\/wp-json\/wp\/v2\/posts\/109886\/revisions"}],"wp:featuredmedia":[{"embeddable":true,"href":"https:\/\/www.europesays.com\/fr\/wp-json\/wp\/v2\/media\/109887"}],"wp:attachment":[{"href":"https:\/\/www.europesays.com\/fr\/wp-json\/wp\/v2\/media?parent=109886"}],"wp:term":[{"taxonomy":"category","embeddable":true,"href":"https:\/\/www.europesays.com\/fr\/wp-json\/wp\/v2\/categories?post=109886"},{"taxonomy":"post_tag","embeddable":true,"href":"https:\/\/www.europesays.com\/fr\/wp-json\/wp\/v2\/tags?post=109886"}],"curies":[{"name":"wp","href":"https:\/\/api.w.org\/{rel}","templated":true}]}}