{"id":109890,"date":"2025-05-18T18:06:16","date_gmt":"2025-05-18T18:06:16","guid":{"rendered":"https:\/\/www.europesays.com\/fr\/109890\/"},"modified":"2025-05-18T18:06:16","modified_gmt":"2025-05-18T18:06:16","slug":"approbation-du-premier-test-sanguin-de-depistage-dalzheimer-2","status":"publish","type":"post","link":"https:\/\/www.europesays.com\/fr\/109890\/","title":{"rendered":"Approbation du premier test sanguin de d\u00e9pistage d\u2019Alzheimer"},"content":{"rendered":"<p>Une innovation pour lutter contre la maladie<a href=\"https:\/\/www.20minutes.fr\/sante\/4095849-20240614-alzheimer-quoi-histoire-molecule-permettant-proteger-souris-maladie\" class=\"color-ultramarine c-link\" target=\"_blank\" rel=\"noopener\"> d\u2019Alzheimer<\/a>. Les Etats-Unis ont donn\u00e9 leur feu vert vendredi au premier test sanguin de d\u00e9pistage de cette maladie neurod\u00e9g\u00e9n\u00e9rative, ce qui pourrait permettre aux patients de prendre plus t\u00f4t des m\u00e9dicaments ralentissant la progression de cette maladie neurod\u00e9g\u00e9n\u00e9rative.<\/p>\n<p>Le test, mis au point par Fujirebio Diagnostics, mesure le ratio de deux prot\u00e9ines pr\u00e9sentes dans le sang. Ce ratio est corr\u00e9l\u00e9 \u00e0 la pr\u00e9sence de plaques b\u00eata-amylo\u00efdes dans le cerveau, caract\u00e9ristiques de la maladie d\u2019Alzheimer, qui jusqu\u2019ici n\u2019\u00e9taient d\u00e9tectables que par des scans du cerveau ou l\u2019analyse du <a href=\"https:\/\/www.20minutes.fr\/sante\/4090102-20240510-mulhouse-cancers-cerebraux-adn-va-faire-parler-coupables\" class=\"color-ultramarine c-link\" target=\"_blank\" rel=\"noopener\">liquide c\u00e9phalo-rachidien<\/a>.<\/p>\n<p>\u00ab\u00a0La maladie d\u2019Alzheimer touche trop de personnes\u00a0\u00bb<\/p>\n<p>\u00ab\u00a0La maladie d\u2019Alzheimer touche trop de personnes, plus que le cancer du sein et le cancer de la prostate r\u00e9unis\u00a0\u00bb, a d\u00e9clar\u00e9 Marty Makary, de la <a href=\"https:\/\/www.20minutes.fr\/monde\/etats-unis\/4130234-20241220-etats-unis-criteres-etiquetage-aliments-sains-revus-lutter-contre-maladies\" class=\"color-ultramarine c-link\" target=\"_blank\" rel=\"noopener\">Food and Drug Administration<\/a> (FDA), l\u2019agence de sant\u00e9 am\u00e9ricaine.<\/p>\n<p>\u00ab\u00a0Sachant que 10\u00a0% des gens \u00e2g\u00e9s de 65 ans et plus sont atteints de la maladie d\u2019Alzheimer et que ce chiffre devrait doubler d\u2019ici\u00a02050, j\u2019esp\u00e8re que de nouveaux produits m\u00e9dicaux tels que celui-ci aideront les patients.\u00a0\u00bb<\/p>\n<p>Il existe actuellement deux traitements approuv\u00e9s de l\u2019Alzheimer, les lecanemab et donanemab, qui ciblent la plaque amylo\u00efde et ralentissent modestement le d\u00e9clin cognitif. Elles ne permettent pas la gu\u00e9rison.<\/p>\n<p>Pas de gu\u00e9rison \u00e0 cette maladie<\/p>\n<p>Les partisans de ces traitements, dont de nombreux neurologues, avancent qu\u2019ils peuvent offrir aux malades quelques mois suppl\u00e9mentaires d\u2019ind\u00e9pendance, et qu\u2019ils devraient \u00eatre plus efficaces plus ils sont pris t\u00f4t.<\/p>\n<p>Lors d\u2019essais cliniques, le test sanguin a produit des r\u00e9sultats largement similaires \u00e0 ceux des scans du cerveau obtenus par la technique de la tomographie par \u00e9mission de positons (PET scan) et l\u2019analyse du liquide c\u00e9phalo-rachidien.<\/p>\n<\/p>\n<p>\u00ab\u00a0L\u2019autorisation accord\u00e9e aujourd\u2019hui est une \u00e9tape importante pour le diagnostic de la maladie d\u2019Alzheimer, car elle le rend plus facile et potentiellement plus accessible aux patients am\u00e9ricains \u00e0 un stade pr\u00e9coce de la maladie\u00a0\u00bb, a comment\u00e9 Michelle Tarver, du Centre des dispositifs et de la sant\u00e9 radiologique de la FDA.<\/p>\n<p>Le test est autoris\u00e9 en milieu clinique pour les patients pr\u00e9sentant des signes de d\u00e9clin cognitif, et les r\u00e9sultats doivent \u00eatre interpr\u00e9t\u00e9s parall\u00e8lement \u00e0 d\u2019autres informations cliniques.<\/p>\n","protected":false},"excerpt":{"rendered":"Une innovation pour lutter contre la maladie d\u2019Alzheimer. Les Etats-Unis ont donn\u00e9 leur feu vert vendredi au premier&hellip;\n","protected":false},"author":2,"featured_media":109891,"comment_status":"","ping_status":"","sticky":false,"template":"","format":"standard","meta":{"footnotes":""},"categories":[10],"tags":[47,772,101,73,1011,27,72,5701,226,2571,71,572],"class_list":{"0":"post-109890","1":"post","2":"type-post","3":"status-publish","4":"format-standard","5":"has-post-thumbnail","7":"category-sante","8":"tag-actualite","9":"tag-alzheimer","10":"tag-cancer","11":"tag-etats-unis","12":"tag-fr","13":"tag-france","14":"tag-health","15":"tag-innovation","16":"tag-maladie","17":"tag-personnes-agees","18":"tag-sante","19":"tag-vieillesse"},"share_on_mastodon":{"url":"https:\/\/pubeurope.com\/@fr\/114530168650188567","error":""},"_links":{"self":[{"href":"https:\/\/www.europesays.com\/fr\/wp-json\/wp\/v2\/posts\/109890","targetHints":{"allow":["GET"]}}],"collection":[{"href":"https:\/\/www.europesays.com\/fr\/wp-json\/wp\/v2\/posts"}],"about":[{"href":"https:\/\/www.europesays.com\/fr\/wp-json\/wp\/v2\/types\/post"}],"author":[{"embeddable":true,"href":"https:\/\/www.europesays.com\/fr\/wp-json\/wp\/v2\/users\/2"}],"replies":[{"embeddable":true,"href":"https:\/\/www.europesays.com\/fr\/wp-json\/wp\/v2\/comments?post=109890"}],"version-history":[{"count":0,"href":"https:\/\/www.europesays.com\/fr\/wp-json\/wp\/v2\/posts\/109890\/revisions"}],"wp:featuredmedia":[{"embeddable":true,"href":"https:\/\/www.europesays.com\/fr\/wp-json\/wp\/v2\/media\/109891"}],"wp:attachment":[{"href":"https:\/\/www.europesays.com\/fr\/wp-json\/wp\/v2\/media?parent=109890"}],"wp:term":[{"taxonomy":"category","embeddable":true,"href":"https:\/\/www.europesays.com\/fr\/wp-json\/wp\/v2\/categories?post=109890"},{"taxonomy":"post_tag","embeddable":true,"href":"https:\/\/www.europesays.com\/fr\/wp-json\/wp\/v2\/tags?post=109890"}],"curies":[{"name":"wp","href":"https:\/\/api.w.org\/{rel}","templated":true}]}}