{"id":10990,"date":"2025-04-08T19:38:13","date_gmt":"2025-04-08T19:38:13","guid":{"rendered":"https:\/\/www.europesays.com\/fr\/10990\/"},"modified":"2025-04-08T19:38:13","modified_gmt":"2025-04-08T19:38:13","slug":"ces-deux-quartiers-de-strasbourg-ont-ete-particulierement-infestes-en-2024","status":"publish","type":"post","link":"https:\/\/www.europesays.com\/fr\/10990\/","title":{"rendered":"ces deux quartiers de Strasbourg ont \u00e9t\u00e9 particuli\u00e8rement infest\u00e9s en 2024"},"content":{"rendered":"<p>            Par<br \/>\n        <strong><br \/>\n            <a href=\"https:\/\/actu.fr\/auteur\/margot-fournie\" title=\"Consulter tous les articles de Margot Fournie\" target=\"_blank\" rel=\"noopener\">Margot Fournie<\/a><br \/>\n        <\/strong><\/p>\n<p>        Publi\u00e9 le<\/p>\n<p>            7 avr. 2025 \u00e0 14h21        <\/p>\n<p>Le <a href=\"https:\/\/actu.fr\/tag\/moustique-tigre\" target=\"_blank\" rel=\"noopener\">moustique tigre<\/a> est pr\u00e9sent sur le territoire de l\u2019Eurom\u00e9tropole <a href=\"https:\/\/actu.fr\/grand-est\/strasbourg_67482\/le-guide-pratique-du-moustique-tigre-a-strasbourg_52510013.html\" target=\"_blank\" rel=\"noopener\">depuis 2014<\/a>. En 2024, il avait colonis\u00e9 l\u2019enti\u00e8ret\u00e9 des 33 communes qui composent la collectivit\u00e9.<\/p>\n<p class=\" wall-content\">Il y a des zones o\u00f9 il pullule. <strong>Deux quartiers<\/strong> de <a href=\"https:\/\/actu.fr\/strasbourg\/\" target=\"_blank\" rel=\"noopener\">Strasbourg<\/a> <strong>ont \u00e9t\u00e9 particuli\u00e8rement infest\u00e9s<\/strong> en 2024. Voici lesquels.<\/p>\n<p>Le moustique tigre est actif partout, mais particuli\u00e8rement ici<\/p>\n<p class=\" wall-content\">D\u2019apr\u00e8s le syndicat de lutte contre les moustiques tigres du Bas-Rhin, c\u2019est \u00e0 <strong>la Roberstau<\/strong> et dans <strong>le quartier du Neudorf<\/strong>\u00a0que l\u2019insecte est particuli\u00e8rement pr\u00e9sent.<\/p>\n<p class=\" wall-content\">\u00ab\u2009Dans ces deux zones, sa pr\u00e9sence a \u00e9t\u00e9 \u00e9norm\u00e9ment notifi\u00e9e sur Si-Lav, le site de signalement de moustique tigre\u2009\u00bb, certifie La\u00ebtitia Delsemme, la responsable du syndicat.<\/p>\n<p>Vid\u00e9os : en ce moment sur ActuLa densit\u00e9 de population et les points d\u2019eau nombreux favorisent sa prolif\u00e9ration<\/p>\n<p class=\" wall-content\">Comme raison \u00e0 la pr\u00e9sence accrue de l\u2019insecte dans ces zones, elle \u00e9voque \u00ab\u2009la <strong>densit\u00e9 de population<\/strong> et les <strong>points d\u2019eau<\/strong> qui sont nombreux.\u2009\u00bb<\/p>\n<p class=\" wall-content\">En rappelant que ces moustiques \u00ab\u2009ont besoin de lame d\u2019eau* ou d\u2019eaux stagnantes pour pondre.\u2009\u00bb<\/p>\n<p>L\u2019Eurom\u00e9tropole a un plan de lutte sp\u00e9cial moustique tigre<\/p>\n<p class=\" wall-content\">Pour endiguer les pontes, les risques de maladie, l\u2019Eurom\u00e9tropole de Strasbourg a un plan de lutte, reposant sur un budget <a href=\"https:\/\/actu.fr\/grand-est\/strasbourg_67482\/strasbourg-pourquoi-le-budget-de-lutte-contre-le-moustique-tigre-a-plus-que-quadruple_62416408.html\" target=\"_blank\" rel=\"noopener\">revu \u00e0 la hausse<\/a>. Elle l\u2019a pr\u00e9sent\u00e9 le mardi 7 avril.<\/p>\n<p class=\" wall-content\">Dans son plan, il y a l\u2019usage d\u2019actions de sensibilisation.<\/p>\n<p class=\" wall-content\">Mais aussi \u00ab\u2009le <strong>traitement des avaloirs publics<\/strong> et la <strong>formation des architectes<\/strong>\u2009\u00bb, expose Fran\u00e7oise Schaetzel, vice-pr\u00e9sidente de la collectivit\u00e9 en charge de la sant\u00e9 environnementale.<\/p>\n<p>Une diminution de la population de moustique tigre \u00e0 la fin de l\u2019\u00e9t\u00e9<\/p>\n<p class=\" wall-content\">Dans le quartier de<strong> Koenigshoffen<\/strong>, les r\u00e9sultats de cette politique ont \u00e9t\u00e9 \u00e9valu\u00e9s.<\/p>\n<p class=\" wall-content\">\u00ab\u2009On a constat\u00e9 une diminution de la population de moustique tigre \u00e0 la fin de l\u2019\u00e9t\u00e9. En septembre, il n\u2019y en avait plus\u2009\u00bb, avance Marie Paris, charg\u00e9e de missions en sant\u00e9 environnementale pour l\u2019Eurom\u00e9tropole.<\/p>\n<p class=\" wall-content\">Cependant, \u00ab\u2009il faut <strong>au moins cinq ans<\/strong> pour avoir un <strong>r\u00e9sultat significatif<\/strong> selon les \u00e9tudes scientifiques\u00a0\u00bb, rappelle Fran\u00e7oise Schaetzel.<\/p>\n<p class=\" wall-content\">*Une lame d\u2019eau est la hauteur d\u2019eau en millim\u00e8tres correspondant \u00e0 la quantit\u00e9 de pr\u00e9cipitations tomb\u00e9es sur une surface donn\u00e9e.<\/p>\n<p class=\" wall-content\">Suivez toute l\u2019actualit\u00e9 de vos villes et m\u00e9dias favoris en vous inscrivant \u00e0 <a href=\"https:\/\/moncompte.actu.fr\" title=\"D\u00e9couvez Mon Actu\" rel=\"nofollow noopener\" data-trk=\"{&quot;cta&quot;:{&quot;action&quot;:&quot;https:\\\/\\\/moncompte.actu.fr&quot;,&quot;category&quot;:&quot;mon compte&quot;,&quot;from&quot;:&quot;article footer&quot;,&quot;name&quot;:&quot;Mon actu&quot;,&quot;type&quot;:&quot;cta&quot;}}\" target=\"_blank\">Mon Actu<\/a>.<\/p>\n","protected":false},"excerpt":{"rendered":"Par Margot Fournie Publi\u00e9 le 7 avr. 2025 \u00e0 14h21 Le moustique tigre est pr\u00e9sent sur le territoire&hellip;\n","protected":false},"author":2,"featured_media":10991,"comment_status":"","ping_status":"","sticky":false,"template":"","format":"standard","meta":{"footnotes":""},"categories":[2820],"tags":[1111,11,1777,5342,674,1011,27,775,2856,12,25,71,104,640],"class_list":{"0":"post-10990","1":"post","2":"type-post","3":"status-publish","4":"format-standard","5":"has-post-thumbnail","7":"category-strasbourg","8":"tag-actu","9":"tag-actualites","10":"tag-eu","11":"tag-eurometropole-de-strasbourg","12":"tag-europe","13":"tag-fr","14":"tag-france","15":"tag-grand-est","16":"tag-moustique-tigre","17":"tag-news","18":"tag-republique-francaise","19":"tag-sante","20":"tag-societe","21":"tag-strasbourg"},"share_on_mastodon":{"url":"https:\/\/pubeurope.com\/@fr\/114304037872295574","error":""},"_links":{"self":[{"href":"https:\/\/www.europesays.com\/fr\/wp-json\/wp\/v2\/posts\/10990","targetHints":{"allow":["GET"]}}],"collection":[{"href":"https:\/\/www.europesays.com\/fr\/wp-json\/wp\/v2\/posts"}],"about":[{"href":"https:\/\/www.europesays.com\/fr\/wp-json\/wp\/v2\/types\/post"}],"author":[{"embeddable":true,"href":"https:\/\/www.europesays.com\/fr\/wp-json\/wp\/v2\/users\/2"}],"replies":[{"embeddable":true,"href":"https:\/\/www.europesays.com\/fr\/wp-json\/wp\/v2\/comments?post=10990"}],"version-history":[{"count":0,"href":"https:\/\/www.europesays.com\/fr\/wp-json\/wp\/v2\/posts\/10990\/revisions"}],"wp:featuredmedia":[{"embeddable":true,"href":"https:\/\/www.europesays.com\/fr\/wp-json\/wp\/v2\/media\/10991"}],"wp:attachment":[{"href":"https:\/\/www.europesays.com\/fr\/wp-json\/wp\/v2\/media?parent=10990"}],"wp:term":[{"taxonomy":"category","embeddable":true,"href":"https:\/\/www.europesays.com\/fr\/wp-json\/wp\/v2\/categories?post=10990"},{"taxonomy":"post_tag","embeddable":true,"href":"https:\/\/www.europesays.com\/fr\/wp-json\/wp\/v2\/tags?post=10990"}],"curies":[{"name":"wp","href":"https:\/\/api.w.org\/{rel}","templated":true}]}}