{"id":109903,"date":"2025-05-18T18:14:09","date_gmt":"2025-05-18T18:14:09","guid":{"rendered":"https:\/\/www.europesays.com\/fr\/109903\/"},"modified":"2025-05-18T18:14:09","modified_gmt":"2025-05-18T18:14:09","slug":"aucun-grimpeur-ne-pourra-dire-quil-ignorait-leur-presence","status":"publish","type":"post","link":"https:\/\/www.europesays.com\/fr\/109903\/","title":{"rendered":"\u00ab Aucun grimpeur ne pourra dire qu\u2019il ignorait leur pr\u00e9sence \u00bb"},"content":{"rendered":"<p>Ils avaient disparu de la Loire, les revoici. Les faucons p\u00e8lerins reviennent nicher dans le d\u00e9partement depuis un peu moins d\u2019une dizaine d\u2019ann\u00e9es. L\u2019esp\u00e8ce, victime du braconnage et des pesticides, ne trouvait plus en France de quoi s\u2019installer pour se reproduire. Mais les efforts ont pay\u00e9 et d\u00e9sormais, sept \u00e0 huit couples de\u00a0l\u2019animal le plus rapide de la plan\u00e8te (390\u00a0km\/h en piqu\u00e9) choisissent chaque ann\u00e9e le d\u00e9partement pour leur nidification.<\/p>\n<p>Un ancien nid de grand corbeau dans une falaise \u00e0 pic<\/p>\n<p>La Roche Corbi\u00e8re, au Gouffre d\u2019enfer \u00e0 Rochetaill\u00e9e (commune de Saint-Etienne), leur pla\u00eet particuli\u00e8rement. Dans la falaise \u00e0 pic, un ancien nid de grand corbeau est de nouveau occup\u00e9, depuis d\u00e9but avril, par un couple&#8230;<\/p>\n","protected":false},"excerpt":{"rendered":"Ils avaient disparu de la Loire, les revoici. Les faucons p\u00e8lerins reviennent nicher dans le d\u00e9partement depuis un&hellip;\n","protected":false},"author":2,"featured_media":109904,"comment_status":"","ping_status":"","sticky":false,"template":"","format":"standard","meta":{"footnotes":""},"categories":[9653],"tags":[1111,11,1867,2430,7539,18093,1777,674,107,1011,27,3367,12,25,4001,7538,4604,104],"class_list":{"0":"post-109903","1":"post","2":"type-post","3":"status-publish","4":"format-standard","5":"has-post-thumbnail","7":"category-saint-etienne","8":"tag-actu","9":"tag-actualites","10":"tag-animaux","11":"tag-auvergne-rhone-alpes","12":"tag-edition-loire-sud","13":"tag-escalade","14":"tag-eu","15":"tag-europe","16":"tag-fil-info","17":"tag-fr","18":"tag-france","19":"tag-loire","20":"tag-news","21":"tag-republique-francaise","22":"tag-saint-etienne","23":"tag-saint-etienne-ville","24":"tag-selection-abonne","25":"tag-societe"},"share_on_mastodon":{"url":"https:\/\/pubeurope.com\/@fr\/114530200253171246","error":""},"_links":{"self":[{"href":"https:\/\/www.europesays.com\/fr\/wp-json\/wp\/v2\/posts\/109903","targetHints":{"allow":["GET"]}}],"collection":[{"href":"https:\/\/www.europesays.com\/fr\/wp-json\/wp\/v2\/posts"}],"about":[{"href":"https:\/\/www.europesays.com\/fr\/wp-json\/wp\/v2\/types\/post"}],"author":[{"embeddable":true,"href":"https:\/\/www.europesays.com\/fr\/wp-json\/wp\/v2\/users\/2"}],"replies":[{"embeddable":true,"href":"https:\/\/www.europesays.com\/fr\/wp-json\/wp\/v2\/comments?post=109903"}],"version-history":[{"count":0,"href":"https:\/\/www.europesays.com\/fr\/wp-json\/wp\/v2\/posts\/109903\/revisions"}],"wp:featuredmedia":[{"embeddable":true,"href":"https:\/\/www.europesays.com\/fr\/wp-json\/wp\/v2\/media\/109904"}],"wp:attachment":[{"href":"https:\/\/www.europesays.com\/fr\/wp-json\/wp\/v2\/media?parent=109903"}],"wp:term":[{"taxonomy":"category","embeddable":true,"href":"https:\/\/www.europesays.com\/fr\/wp-json\/wp\/v2\/categories?post=109903"},{"taxonomy":"post_tag","embeddable":true,"href":"https:\/\/www.europesays.com\/fr\/wp-json\/wp\/v2\/tags?post=109903"}],"curies":[{"name":"wp","href":"https:\/\/api.w.org\/{rel}","templated":true}]}}