{"id":109913,"date":"2025-05-18T18:20:10","date_gmt":"2025-05-18T18:20:10","guid":{"rendered":"https:\/\/www.europesays.com\/fr\/109913\/"},"modified":"2025-05-18T18:20:10","modified_gmt":"2025-05-18T18:20:10","slug":"premiere-edition-du-festival-spring-break-avec-les-sheriff","status":"publish","type":"post","link":"https:\/\/www.europesays.com\/fr\/109913\/","title":{"rendered":"premi\u00e8re \u00e9dition du festival Spring Break avec&#8230; les Sheriff\u00a0!"},"content":{"rendered":"<p>            Par<br \/>\n        <strong><br \/>\n            <a href=\"https:\/\/actu.fr\/auteur\/g-martin\" title=\"Consulter tous les articles de Gil Martin\" rel=\"nofollow noopener\" target=\"_blank\">Gil Martin<\/a><br \/>\n        <\/strong><\/p>\n<p>        Publi\u00e9 le<\/p>\n<p>            18 mai 2025 \u00e0 19h32        <\/p>\n<p>\u00ab\u00a0Le <strong>premier festival de l\u2019\u00e9t\u00e9<\/strong> s\u2019installe \u00e0 Montpellier\u00a0\u00bb, annonce fi\u00e8rement <strong>Victoire 2<\/strong>, la salle de concert bien connue des Montpelli\u00e9rains qui surench\u00e9rit : \u00ab A seulement 20 minutes de la M\u00e9diterran\u00e9e, ce festival in\u00e9dit lance la saison estivale avec <strong>deux jours de musique live,<\/strong> de partage et de bonne humeur\u00a0\u00bb.<\/p>\n<p>Un \u00e9v\u00e9nement ancr\u00e9 dans son territoire<\/p>\n<p class=\" wall-content\">Ce festival est annonc\u00e9 \u00ab\u00a0\u00e0 la crois\u00e9e entre mini road trip r\u00e9gional et grande sc\u00e8ne alternative\u2026 Le site de Victoire 2 se transforme pour l\u2019occasion <strong>en oasis culturelle<\/strong> : des concerts en ext\u00e9rieur dans le patio, foodtrucks, stands de merch et autres sur le parvis, et bien s\u00fbr des concerts dans la salle \u00bb.<\/p>\n<p>L\u00e9gendes locales et DJs<\/p>\n<p class=\" wall-content\">C\u00f4t\u00e9 sc\u00e8ne, Victoire 2 propose \u00ab\u00a0un <strong>m\u00e9lange de l\u00e9gendes locales<\/strong>, de groupes francophones et d\u2019artistes \u00e9mergent \u00bb, soit <strong>12 groupes et 3 DJs<\/strong> de l\u2019\u00e9curie KICKING. On retrouvera notamment <strong>un groupe mythique, les Sheriff<\/strong>, qui profiteront de ce festival pour f\u00eater leurs 40 ans de carri\u00e8re ! Et qui joueront quelques jours plus tard, le 28 mai, \u00e0 la Cigale \u00e0 Paris.<\/p>\n<p>    <img   decoding=\"async\" loading=\"lazy\" src=\"https:\/\/www.europesays.com\/fr\/wp-content\/uploads\/2025\/05\/photo-spring-break-affiche-960x640.jpg\" alt=\"12 groupe et 3 DJs au programme du festival organis\u00e9 \u00e0 la salle Victoire 2\" width=\"960\" height=\"640\"\/><br \/>\n    12 groupe et 3 DJs au programme du festival organis\u00e9 \u00e0 la salle Victoire 2 (\u00a9dr)<br \/>\n    <a href=\"https:\/\/www.google.com\/maps\/embed?pb=!1m18!1m12!1m3!1d2890.5039674539476!2d3.8471844111795392!3d43.57521805735134!2m3!1f0!2f0!3f0!3m2!1i1024!2i768!4f13.1!3m3!1m2!1s0x12b6ae20d7b51bc9%3A0x9efac66a2515f4c5!2sVictoire%202!5e0!3m2!1sfr!2sfr!4v1747268544312!5m2!1sfr!2sfr\" title=\"Ouvrie le lien\" rel=\"nofollow noopener\" target=\"_blank\">Cliquez ici pour visualiser le contenu<\/a><\/p>\n<p>Vid\u00e9os : en ce moment sur Actu<\/p>\n<p class=\" wall-content\"><strong>Les temps du Spring Break 2025 :<\/strong><br \/>-Les Sheriff\u00a0 : un concert anniversaire tr\u00e8s attendu \u00e0 domicile (40 ans de carri\u00e8re) <br \/>-Vulgaires Machins :\u00a0 : la r\u00e9f\u00e9rence punk qu\u00e9b\u00e9coise<br \/>-Krav Boka : fusion rap-punk explosive<br \/>Et aussi Po\u00e9sie Z\u00e9ro, le R\u00e9parateur, Not Scientists, Bad Bad Trip, Dirty Fonzy, Forest Pooky Quartet, The Dead Krazukies, The Mercenaries, panic Monster\u2026\u00a0 \u00a0<br \/>-Et pour prolonger les soir\u00e9es : DJ Lou Strummer et le duo Freak Out DJs.<\/p>\n<p><strong>Infos pratiques :<\/strong><br \/>\nSpring Break Montpellier<br \/>\nVendredi 23 &amp; Samedi 24 mai 2025<br \/>\nA la salle Victoire 2<br \/>\nLe site\u00a0: <a href=\"http:\/\/www.seetickets.com\/fr\/tour\/spring-break-festival\" rel=\"nofollow noopener\" target=\"_blank\">www.seetickets.com\/fr\/tour\/spring-break-festival<\/a><\/p>\n<p class=\" wall-content\">.<\/p>\n<p class=\" wall-content\">Suivez toute l\u2019actualit\u00e9 de vos villes et m\u00e9dias favoris en vous inscrivant \u00e0 <a href=\"https:\/\/moncompte.actu.fr\" title=\"D\u00e9couvez Mon Actu\" rel=\"nofollow noopener\" data-trk=\"{&quot;cta&quot;:{&quot;action&quot;:&quot;https:\\\/\\\/moncompte.actu.fr&quot;,&quot;category&quot;:&quot;mon compte&quot;,&quot;from&quot;:&quot;article footer&quot;,&quot;name&quot;:&quot;Mon actu&quot;,&quot;type&quot;:&quot;cta&quot;}}\" target=\"_blank\">Mon Actu<\/a>.<\/p>\n","protected":false},"excerpt":{"rendered":"Par Gil Martin Publi\u00e9 le 18 mai 2025 \u00e0 19h32 \u00ab\u00a0Le premier festival de l\u2019\u00e9t\u00e9 s\u2019installe \u00e0 Montpellier\u00a0\u00bb,&hellip;\n","protected":false},"author":2,"featured_media":109914,"comment_status":"","ping_status":"","sticky":false,"template":"","format":"standard","meta":{"footnotes":""},"categories":[9599],"tags":[1111,11,1777,674,849,1011,27,1652,2208,12,2680,25],"class_list":{"0":"post-109913","1":"post","2":"type-post","3":"status-publish","4":"format-standard","5":"has-post-thumbnail","7":"category-montpellier","8":"tag-actu","9":"tag-actualites","10":"tag-eu","11":"tag-europe","12":"tag-festival","13":"tag-fr","14":"tag-france","15":"tag-loisirs-culture","16":"tag-montpellier","17":"tag-news","18":"tag-occitanie","19":"tag-republique-francaise"},"share_on_mastodon":{"url":"https:\/\/pubeurope.com\/@fr\/114530223600311674","error":""},"_links":{"self":[{"href":"https:\/\/www.europesays.com\/fr\/wp-json\/wp\/v2\/posts\/109913","targetHints":{"allow":["GET"]}}],"collection":[{"href":"https:\/\/www.europesays.com\/fr\/wp-json\/wp\/v2\/posts"}],"about":[{"href":"https:\/\/www.europesays.com\/fr\/wp-json\/wp\/v2\/types\/post"}],"author":[{"embeddable":true,"href":"https:\/\/www.europesays.com\/fr\/wp-json\/wp\/v2\/users\/2"}],"replies":[{"embeddable":true,"href":"https:\/\/www.europesays.com\/fr\/wp-json\/wp\/v2\/comments?post=109913"}],"version-history":[{"count":0,"href":"https:\/\/www.europesays.com\/fr\/wp-json\/wp\/v2\/posts\/109913\/revisions"}],"wp:featuredmedia":[{"embeddable":true,"href":"https:\/\/www.europesays.com\/fr\/wp-json\/wp\/v2\/media\/109914"}],"wp:attachment":[{"href":"https:\/\/www.europesays.com\/fr\/wp-json\/wp\/v2\/media?parent=109913"}],"wp:term":[{"taxonomy":"category","embeddable":true,"href":"https:\/\/www.europesays.com\/fr\/wp-json\/wp\/v2\/categories?post=109913"},{"taxonomy":"post_tag","embeddable":true,"href":"https:\/\/www.europesays.com\/fr\/wp-json\/wp\/v2\/tags?post=109913"}],"curies":[{"name":"wp","href":"https:\/\/api.w.org\/{rel}","templated":true}]}}