{"id":109917,"date":"2025-05-18T18:22:14","date_gmt":"2025-05-18T18:22:14","guid":{"rendered":"https:\/\/www.europesays.com\/fr\/109917\/"},"modified":"2025-05-18T18:22:14","modified_gmt":"2025-05-18T18:22:14","slug":"paris-pau-toulouse-les-taxis-en-greve-ce-lundi-contre-les-nouveaux-tarifs-du-transport-sanitaire","status":"publish","type":"post","link":"https:\/\/www.europesays.com\/fr\/109917\/","title":{"rendered":"Paris, Pau, Toulouse\u2026 Les taxis en gr\u00e8ve ce lundi contre les nouveaux tarifs du transport sanitaire"},"content":{"rendered":"<p>Les organisations repr\u00e9sentatives de la profession annoncent \u00abdes manifestations dans les d\u00e9partements, des op\u00e9rations escargot \u00e0 Paris et une journ\u00e9e blanche pour tous les transports\u00bb.<\/p>\n<p class=\"fig-paragraph\">\u00abTrop c\u2019est trop. Les chauffeurs de taxi de France sont \u00e0 bout.\u00bb Le ton est donn\u00e9 dans ce communiqu\u00e9 de la F\u00e9d\u00e9ration nationale du taxi (FNDT). Les\u00a0<a href=\"http:\/\/www.lefigaro.fr\/automobile\/aucune-impression-de-danger-on-a-teste-un-robot-taxi-et-l-experience-est-bluffante-20250422\" target=\"_blank\" data-fig-type=\"Article\" rel=\"noopener\" data-gtm-custom-categorie=\"navigation\" data-gtm-custom-action=\"crossclick\" data-gtm-custom-label=\"Contextuel\" data-gtm-event=\"customEventSPE\" data-fig-domain=\"LEFIGARO\">taxis<\/a>\u00a0veulent faire entendre leur col\u00e8re, appelant \u00e0 une gr\u00e8ve nationale massive ce lundi 19 mai. Dans un tract interf\u00e9d\u00e9ral, les syndicats repr\u00e9sentatifs de la profession annoncent \u00abdes manifestations dans les d\u00e9partements, des op\u00e9rations escargot \u00e0 Paris et une journ\u00e9e blanche pour tous les transports\u00bb.<\/p>\n<p class=\"fig-paragraph\">Ils veulent protester contre la nouvelle tarification du transport de malades en taxis conventionn\u00e9s,\u00a0<a href=\"http:\/\/www.lefigaro.fr\/social\/transport-sanitaire-en-taxi-le-plan-de-l-assurance-maladie-pour-lutter-contre-la-fraude-et-les-situations-absurdes-20250515\" target=\"_blank\" data-fig-type=\"Article\" rel=\"noopener\" data-gtm-custom-categorie=\"navigation\" data-gtm-custom-action=\"crossclick\" data-gtm-custom-label=\"Contextuel\" data-gtm-event=\"customEventSPE\" data-fig-domain=\"LEFIGARO\">pr\u00e9sent\u00e9e jeudi par l\u2019Assurance-maladie<\/a>\u00a0et qui doit entrer en vigueur le 1er octobre prochain. Le but de cette nouvelle convention-cadre &#8211; un projet en discussion depuis plusieurs mois et contre lequel les taxis\u00a0<a href=\"http:\/\/www.lefigaro.fr\/social\/pourquoi-les-taxis-manifestent-contre-la-baisse-prevue-des-tarifs-du-transport-medical-20241202\" target=\"_blank\" data-fig-type=\"Article\" rel=\"noopener\" data-gtm-custom-categorie=\"navigation\" data-gtm-custom-action=\"crossclick\" data-gtm-custom-label=\"Contextuel\" data-gtm-event=\"customEventSPE\" data-fig-domain=\"LEFIGARO\">ont d\u00e9j\u00e0 manifest\u00e9<\/a>\u00a0\u00e0 plusieurs reprises &#8211; \u00e9tant d\u2019all\u00e9ger la facture des transports sanitaires rembours\u00e9s par la S\u00e9curit\u00e9 sociale. Celle-ci\u00a0<a href=\"http:\/\/www.lefigaro.fr\/lefigaromagazine\/6-4-milliards-d-euros-par-an-le-grand-derapage-du-cout-des-transports-medicaux-20241227\" target=\"_blank\" data-fig-type=\"Article\" rel=\"noopener\" data-gtm-custom-categorie=\"navigation\" data-gtm-custom-action=\"crossclick\" data-gtm-custom-label=\"Contextuel\" data-gtm-event=\"customEventSPE\" data-fig-domain=\"LEFIGARO\">a explos\u00e9<\/a>\u00a0pour atteindre 6,74 milliards d\u2019euros en 2024, dont 3,07 milliards pour les taxis conventionn\u00e9s (+45% depuis 2019). Concr\u00e8tement, ce plan pr\u00e9voit la mise en place d\u2019un forfait unique de prise en charge et d\u2019accompagnement \u00e0 13 euros, un seul tarif kilom\u00e9trique par d\u00e9partement (contre quatre aujourd\u2019hui) et des \u00absuppl\u00e9ments cibl\u00e9s\u00bb, par exemple pour le transport de personnes \u00e0 mobilit\u00e9 r\u00e9duite.<\/p>\n<p>Le transport de malades, vital pour les taxis<\/p>\n<p class=\"fig-paragraph\">\u00abCette tentative de red\u00e9finir unilat\u00e9ralement les tarifs met en p\u00e9ril l\u2019\u00e9quilibre \u00e9conomique des entreprises de taxis, [&#8230;] et risque de r\u00e9duire l\u2019offre de transport, accentuant les in\u00e9galit\u00e9s r\u00e9gionales et fragilisant l\u2019acc\u00e8s aux soins pour de nombreux assur\u00e9s\u00bb, estiment les f\u00e9d\u00e9rations de taxis dans un communiqu\u00e9, alors que le transport sanitaire repr\u00e9sente en moyenne plus de 50% du chiffre d\u2019affaires des taxis conventionn\u00e9s, et parfois beaucoup plus. Cela va \u00abimpacter tr\u00e8s fortement nos soci\u00e9t\u00e9s et le transport de patients, ce qui va d\u00e9s\u00e9quilibrer l\u2019acc\u00e8s aux soins. Pour nous, c\u2019est inacceptable\u00bb, a fustig\u00e9 ce dimanche sur RMC Emmanuelle Cordier, pr\u00e9sidente de la FNDT. Le syndicat estime que la nouvelle tarification \u00abva r\u00e9duire le chiffre d\u2019affaires des chauffeurs de 30 \u00e0 40%\u00bb.<\/p>\n<blockquote class=\"fig-quote&#10;    \">\n<p class=\"fig-quote__text\">Paris et Pau vont \u00eatre bloqu\u00e9es, et d\u2019autres grandes villes \u00e9galement<\/p>\n<p>            Emmanuelle Cordier, pr\u00e9sidente de la F\u00e9d\u00e9ration nationale du taxi (FNDT)\n    <\/p><\/blockquote>\n<p class=\"fig-paragraph\">Faux, selon l\u2019<a href=\"http:\/\/www.lefigaro.fr\/conjoncture\/facturations-fictives-actes-non-realises-les-professionnels-de-sante-premiers-fraudeurs-de-l-assurance-maladie-20250320\" target=\"_blank\" data-fig-type=\"NewsFlash\" rel=\"noopener\" data-gtm-custom-categorie=\"navigation\" data-gtm-custom-action=\"crossclick\" data-gtm-custom-label=\"Contextuel\" data-gtm-event=\"customEventSPE\" data-fig-domain=\"LEFIGARO\">Assurance-maladie<\/a>. \u00abLa nouvelle tarification sera favorable aux taxis conventionn\u00e9s dans deux tiers des d\u00e9partements, notamment ruraux\u00bb, a affirm\u00e9 jeudi Marguerite Cazeneuve, la num\u00e9ro 2 de la Cnam. Dans le tiers restant, les taxis \u00abpourront \u00eatre gagnants s\u2019ils font moins de transport \u00e0 vide\u00bb, a-t-elle indiqu\u00e9. Les taxis, eux, ne veulent rien entendre et r\u00e9clament le \u00abgel imm\u00e9diat\u00bb de cette convention. Ils exigent le \u00abmaintien de la tarification au taxim\u00e8tre sans harmonisation nationale impos\u00e9e\u00bb, et disent s\u2019opposer \u00ab\u00e0 toute r\u00e9forme visant \u00e0 uniformiser les tarifs au d\u00e9triment des r\u00e9alit\u00e9s locales\u00bb. Parmi les autres griefs des chauffeurs figure \u00e9galement \u00abl\u2019impunit\u00e9\u00bb dont b\u00e9n\u00e9ficieraient les plateformes num\u00e9riques de VTC, accus\u00e9es de \u00abpratiques abusives\u00bb et de \u00abcontournements r\u00e9glementaires\u00bb.<\/p>\n<p>Les taxis demandent \u00e0 \u00eatre re\u00e7us \u00e0 Matignon<\/p>\n<p class=\"fig-paragraph\">La journ\u00e9e de lundi s\u2019annonce donc particuli\u00e8rement perturb\u00e9e sur les routes de France. \u00abParis et Pau vont \u00eatre bloqu\u00e9es, et d\u2019autres grandes villes \u00e9galement\u00bb, a averti ce dimanche sur RMC Emmanuelle Cordier, confirmant \u00e9galement une \u00abjourn\u00e9e blanche d\u2019acc\u00e8s aux soins\u00bb. Ce qui signifie que \u00abnous ne ferons plus en majorit\u00e9 les transports m\u00e9dicaux vers les h\u00f4pitaux demain [lundi, NDLR]\u00bb, a-t-elle expliqu\u00e9. Dans la capitale, les taxis franciliens sont appel\u00e9s par les syndicats \u00e0 converger \u00e0 partir de 7h au niveau de l\u2019angle entre le boulevard Saint-Germain et le boulevard Raspail, dans le 7e arrondissement. Pau est \u00e9galement particuli\u00e8rement cibl\u00e9e par les taxis puisqu\u2019il s\u2019agit de la ville du premier ministre\u00a0<a href=\"http:\/\/www.lefigaro.fr\/politique\/affaire-betharram-la-charge-de-bayrou-contre-la-commission-et-lfi-20250514\" target=\"_blank\" data-fig-type=\"Article\" rel=\"noopener\" data-gtm-custom-categorie=\"navigation\" data-gtm-custom-action=\"crossclick\" data-gtm-custom-label=\"Contextuel\" data-gtm-event=\"customEventSPE\" data-fig-domain=\"LEFIGARO\">Fran\u00e7ois Bayrou<\/a>, dont il est encore maire. \u00abNous demandons \u00e0 \u00eatre re\u00e7us \u00e0 Matignon, et voir enfin nos ministres de tutelle\u00bb, a d\u00e9clar\u00e9 Emmanuelle Cordier sur RMC.<\/p>\n<p class=\"fig-paragraph\">Des actions sont pr\u00e9vues dans de nombreuses autres villes\u00a0: Toulouse, Strasbourg, Nice, Lyon, Marseille, Lorient, Perpignan, Grenoble, Colmar, Mulhouse, Toulon, ou encore Clermont-Ferrand, pour ne citer qu\u2019elles. \u00c0 Toulouse par exemple, des op\u00e9rations escargot sont annonc\u00e9es d\u00e8s 6h du matin au d\u00e9part de l\u2019<a href=\"http:\/\/www.lefigaro.fr\/flash-eco\/aeroports-parisiens-hausse-de-6-du-trafic-en-avril-20250514\" target=\"_blank\" data-fig-type=\"NewsFlash\" rel=\"noopener\" data-gtm-custom-categorie=\"navigation\" data-gtm-custom-action=\"crossclick\" data-gtm-custom-label=\"Contextuel\" data-gtm-event=\"customEventSPE\" data-fig-domain=\"LEFIGARO\">a\u00e9roport<\/a>\u00a0de Toulouse-Blagnac, puis sur le p\u00e9riph\u00e9rique dans les deux sens \u00e0 partir de 7h45, rapporte Radio Vinci Autoroutes. En Provence, des op\u00e9rations escargot sont pr\u00e9vues sur les autoroutes A7, A55 et A50 \u00e0 Marseille et Toulon, indique le m\u00e9dia local Ici Provence. Dans les Pyr\u00e9n\u00e9es-Orientales, la pr\u00e9fecture pr\u00e9vient que \u00abdes perturbations importantes de circulation sont \u00e0 pr\u00e9voir\u00bb \u00e0 Perpignan, invitant les automobilistes \u00ab\u00e0 limiter\/reporter leurs d\u00e9placements entre 7h00 et 17h00 dans la mesure du possible\u00bb. Cette mobilisation des taxis pourrait se poursuivre apr\u00e8s lundi. Les organisations de chauffeurs pr\u00e9cisent en effet qu\u2019\u00abelle pourra \u00eatre reconduite ou adapt\u00e9e [&#8230;], en fonction de l\u2019\u00e9volution des discussions avec les pouvoirs publics\u00bb.<\/p>\n","protected":false},"excerpt":{"rendered":"Les organisations repr\u00e9sentatives de la profession annoncent \u00abdes manifestations dans les d\u00e9partements, des op\u00e9rations escargot \u00e0 Paris et&hellip;\n","protected":false},"author":2,"featured_media":109918,"comment_status":"","ping_status":"","sticky":false,"template":"","format":"standard","meta":{"footnotes":""},"categories":[9587],"tags":[1111,11,8334,343,8327,8324,8328,257,1777,674,590,8333,1011,27,8329,6151,12,5161,8325,8331,8332,8323,25,8322,1019,9590,801,9548,8330,8326],"class_list":{"0":"post-109917","1":"post","2":"type-post","3":"status-publish","4":"format-standard","5":"has-post-thumbnail","7":"category-rouen","8":"tag-actu","9":"tag-actualites","10":"tag-actualites-sociales","11":"tag-cac-40","12":"tag-comoite-dentreprise","13":"tag-conjoncture","14":"tag-elections-syndicales","15":"tag-entreprise","16":"tag-eu","17":"tag-europe","18":"tag-finance","19":"tag-fiscalite-des-entreprises","20":"tag-fr","21":"tag-france","22":"tag-gestion-entreprise","23":"tag-greve","24":"tag-news","25":"tag-normandie","26":"tag-oeuvres-sociales","27":"tag-pme","28":"tag-pmi","29":"tag-primes","30":"tag-republique-francaise","31":"tag-ressources-humaines","32":"tag-rh","33":"tag-rouen","34":"tag-social","35":"tag-taxis","36":"tag-tpe","37":"tag-trseorerie"},"share_on_mastodon":{"url":"https:\/\/pubeurope.com\/@fr\/114530231485901708","error":""},"_links":{"self":[{"href":"https:\/\/www.europesays.com\/fr\/wp-json\/wp\/v2\/posts\/109917","targetHints":{"allow":["GET"]}}],"collection":[{"href":"https:\/\/www.europesays.com\/fr\/wp-json\/wp\/v2\/posts"}],"about":[{"href":"https:\/\/www.europesays.com\/fr\/wp-json\/wp\/v2\/types\/post"}],"author":[{"embeddable":true,"href":"https:\/\/www.europesays.com\/fr\/wp-json\/wp\/v2\/users\/2"}],"replies":[{"embeddable":true,"href":"https:\/\/www.europesays.com\/fr\/wp-json\/wp\/v2\/comments?post=109917"}],"version-history":[{"count":0,"href":"https:\/\/www.europesays.com\/fr\/wp-json\/wp\/v2\/posts\/109917\/revisions"}],"wp:featuredmedia":[{"embeddable":true,"href":"https:\/\/www.europesays.com\/fr\/wp-json\/wp\/v2\/media\/109918"}],"wp:attachment":[{"href":"https:\/\/www.europesays.com\/fr\/wp-json\/wp\/v2\/media?parent=109917"}],"wp:term":[{"taxonomy":"category","embeddable":true,"href":"https:\/\/www.europesays.com\/fr\/wp-json\/wp\/v2\/categories?post=109917"},{"taxonomy":"post_tag","embeddable":true,"href":"https:\/\/www.europesays.com\/fr\/wp-json\/wp\/v2\/tags?post=109917"}],"curies":[{"name":"wp","href":"https:\/\/api.w.org\/{rel}","templated":true}]}}