{"id":109921,"date":"2025-05-18T18:24:15","date_gmt":"2025-05-18T18:24:15","guid":{"rendered":"https:\/\/www.europesays.com\/fr\/109921\/"},"modified":"2025-05-18T18:24:15","modified_gmt":"2025-05-18T18:24:15","slug":"grenoble-linstitution-bayard-fete-ses-190-ans","status":"publish","type":"post","link":"https:\/\/www.europesays.com\/fr\/109921\/","title":{"rendered":"Grenoble. L\u2019Institution Bayard f\u00eate ses 190 ans"},"content":{"rendered":"<p>Ce samedi 17\u00a0mai, l\u2019Institution Bayard \u00e9tait \u00e0 la f\u00eate. Cr\u00e9\u00e9e en 1934, elle c\u00e9l\u00e8bre ses 190 ans cette ann\u00e9e. Une c\u00e9l\u00e9bration \u00e0 la coll\u00e9giale Saint-Andr\u00e9 a \u00e9t\u00e9 men\u00e9e par Mgr\u00a0Eychenne. Des discours et allocutions officielles ont \u00e9t\u00e9 prononc\u00e9s dans la cour de Bayard par les deux directeurs\u00a0: Didier Tissot, chef d\u2019\u00e9tablissement et Yves Ardisson, directeur du primaire. Des visites de l\u2019\u00e9tablissement \u00e9taient aussi organis\u00e9es pour ceux qui le souhaitent, accompagn\u00e9s par des coll\u00e9giens et un concert donn\u00e9 par des \u00e9l\u00e8ves du coll\u00e8ge en salle polyvalente.<\/p>\n","protected":false},"excerpt":{"rendered":"Ce samedi 17\u00a0mai, l\u2019Institution Bayard \u00e9tait \u00e0 la f\u00eate. Cr\u00e9\u00e9e en 1934, elle c\u00e9l\u00e8bre ses 190 ans cette&hellip;\n","protected":false},"author":2,"featured_media":109922,"comment_status":"","ping_status":"","sticky":false,"template":"","format":"standard","meta":{"footnotes":""},"categories":[9566],"tags":[1111,11,2430,1687,112,1777,674,1795,1011,27,2731,2732,12,25],"class_list":{"0":"post-109921","1":"post","2":"type-post","3":"status-publish","4":"format-standard","5":"has-post-thumbnail","7":"category-grenoble","8":"tag-actu","9":"tag-actualites","10":"tag-auvergne-rhone-alpes","11":"tag-culture-loisirs","12":"tag-edition-grenoble-agglomeration","13":"tag-eu","14":"tag-europe","15":"tag-fil-web","16":"tag-fr","17":"tag-france","18":"tag-grenoble","19":"tag-grenoble-bassin","20":"tag-news","21":"tag-republique-francaise"},"share_on_mastodon":{"url":"https:\/\/pubeurope.com\/@fr\/114530239708601217","error":""},"_links":{"self":[{"href":"https:\/\/www.europesays.com\/fr\/wp-json\/wp\/v2\/posts\/109921","targetHints":{"allow":["GET"]}}],"collection":[{"href":"https:\/\/www.europesays.com\/fr\/wp-json\/wp\/v2\/posts"}],"about":[{"href":"https:\/\/www.europesays.com\/fr\/wp-json\/wp\/v2\/types\/post"}],"author":[{"embeddable":true,"href":"https:\/\/www.europesays.com\/fr\/wp-json\/wp\/v2\/users\/2"}],"replies":[{"embeddable":true,"href":"https:\/\/www.europesays.com\/fr\/wp-json\/wp\/v2\/comments?post=109921"}],"version-history":[{"count":0,"href":"https:\/\/www.europesays.com\/fr\/wp-json\/wp\/v2\/posts\/109921\/revisions"}],"wp:featuredmedia":[{"embeddable":true,"href":"https:\/\/www.europesays.com\/fr\/wp-json\/wp\/v2\/media\/109922"}],"wp:attachment":[{"href":"https:\/\/www.europesays.com\/fr\/wp-json\/wp\/v2\/media?parent=109921"}],"wp:term":[{"taxonomy":"category","embeddable":true,"href":"https:\/\/www.europesays.com\/fr\/wp-json\/wp\/v2\/categories?post=109921"},{"taxonomy":"post_tag","embeddable":true,"href":"https:\/\/www.europesays.com\/fr\/wp-json\/wp\/v2\/tags?post=109921"}],"curies":[{"name":"wp","href":"https:\/\/api.w.org\/{rel}","templated":true}]}}