{"id":109925,"date":"2025-05-18T18:28:30","date_gmt":"2025-05-18T18:28:30","guid":{"rendered":"https:\/\/www.europesays.com\/fr\/109925\/"},"modified":"2025-05-18T18:28:30","modified_gmt":"2025-05-18T18:28:30","slug":"om-rennes-les-coulisses-de-lhommage-du-velodrome-a-steve-mandanda","status":"publish","type":"post","link":"https:\/\/www.europesays.com\/fr\/109925\/","title":{"rendered":"OM &#8211; Rennes, les coulisses de l\u2019hommage du V\u00e9lodrome \u00e0 Steve Mandanda"},"content":{"rendered":"<p data-testid=\"article-teaser\">En fin de contrat avec Rennes, Steve Mandanda a \u00e9t\u00e9 c\u00e9l\u00e9br\u00e9 par les supporters de l\u2019OM au Stade V\u00e9lodrome, samedi.<\/p>\n<p>Il y a des moments qui marquent \u00e0 jamais une carri\u00e8re. Samedi soir, l\u2019enceinte du V\u00e9lodrome s\u2019est fig\u00e9e l\u2019espace d\u2019un instant pour saluer l\u2019un de ses h\u00e9ros les plus embl\u00e9matiques. Le score importait peu, l\u2019\u00e9motion a pris le dessus. Dans les derni\u00e8res secondes d\u2019un match anim\u00e9 entre l\u2019Olympique de Marseille et Rennes (4-2), un changement symbolique a boulevers\u00e9 le stade tout entier. Un retour, une ovation, un hommage&#8230; mais aussi une histoire m\u00e9connue. Voici les dessous de ce moment rare que Steve Mandanda n\u2019oubliera jamais.<\/p>\n<p>L&rsquo;article continue ci-dessous<\/p>\n","protected":false},"excerpt":{"rendered":"En fin de contrat avec Rennes, Steve Mandanda a \u00e9t\u00e9 c\u00e9l\u00e9br\u00e9 par les supporters de l\u2019OM au Stade&hellip;\n","protected":false},"author":2,"featured_media":109926,"comment_status":"","ping_status":"","sticky":false,"template":"","format":"standard","meta":{"footnotes":""},"categories":[2821],"tags":[1111,11,829,1777,674,1011,27,66,884,20448,12,7329,584,25,22513],"class_list":{"0":"post-109925","1":"post","2":"type-post","3":"status-publish","4":"format-standard","5":"has-post-thumbnail","7":"category-rennes","8":"tag-actu","9":"tag-actualites","10":"tag-bretagne","11":"tag-eu","12":"tag-europe","13":"tag-fr","14":"tag-france","15":"tag-ligue-1","16":"tag-marseille","17":"tag-marseille-vs-rennes","18":"tag-news","19":"tag-r-de-zerbi","20":"tag-rennes","21":"tag-republique-francaise","22":"tag-s-mandanda"},"share_on_mastodon":{"url":"https:\/\/pubeurope.com\/@fr\/114530255066560082","error":""},"_links":{"self":[{"href":"https:\/\/www.europesays.com\/fr\/wp-json\/wp\/v2\/posts\/109925","targetHints":{"allow":["GET"]}}],"collection":[{"href":"https:\/\/www.europesays.com\/fr\/wp-json\/wp\/v2\/posts"}],"about":[{"href":"https:\/\/www.europesays.com\/fr\/wp-json\/wp\/v2\/types\/post"}],"author":[{"embeddable":true,"href":"https:\/\/www.europesays.com\/fr\/wp-json\/wp\/v2\/users\/2"}],"replies":[{"embeddable":true,"href":"https:\/\/www.europesays.com\/fr\/wp-json\/wp\/v2\/comments?post=109925"}],"version-history":[{"count":0,"href":"https:\/\/www.europesays.com\/fr\/wp-json\/wp\/v2\/posts\/109925\/revisions"}],"wp:featuredmedia":[{"embeddable":true,"href":"https:\/\/www.europesays.com\/fr\/wp-json\/wp\/v2\/media\/109926"}],"wp:attachment":[{"href":"https:\/\/www.europesays.com\/fr\/wp-json\/wp\/v2\/media?parent=109925"}],"wp:term":[{"taxonomy":"category","embeddable":true,"href":"https:\/\/www.europesays.com\/fr\/wp-json\/wp\/v2\/categories?post=109925"},{"taxonomy":"post_tag","embeddable":true,"href":"https:\/\/www.europesays.com\/fr\/wp-json\/wp\/v2\/tags?post=109925"}],"curies":[{"name":"wp","href":"https:\/\/api.w.org\/{rel}","templated":true}]}}