{"id":109927,"date":"2025-05-18T18:29:10","date_gmt":"2025-05-18T18:29:10","guid":{"rendered":"https:\/\/www.europesays.com\/fr\/109927\/"},"modified":"2025-05-18T18:29:10","modified_gmt":"2025-05-18T18:29:10","slug":"plus-de-100-participants-a-la-troisieme-cargo-race","status":"publish","type":"post","link":"https:\/\/www.europesays.com\/fr\/109927\/","title":{"rendered":"plus de 100 participants \u00e0 la troisi\u00e8me Cargo Race"},"content":{"rendered":"<p>Enlever une chaussure, retrouver son casque, changer de sens au moment du d\u00e9part\u00a0: c\u2019est le parcours du combattant \u00e0 effectuer avant la finale \u00ab\u00a0homme\u00a0\u00bb de la Cargo Race, \u00e9v\u00e9nement festif consacr\u00e9 au v\u00e9lo utilitaire, organis\u00e9 ce dimanche 18\u00a0mai sur la place Alfred-Muller de Schiltigheim. Ensuite, la course, avec ses cartons parsem\u00e9s sur le chemin, ses virages \u00e9troits et son parking sous-terrain-discoth\u00e8que, n\u2019est pas de tout repos. Apr\u00e8s cinq tours, c\u2019est Camille, avec son flamant rose autour de la taille, qui a lev\u00e9 les bras sur la ligne d\u2019arriv\u00e9e.<\/p>\n<p>Tout sourire, il est \u00e9tonn\u00e9 d\u2019avoir gagn\u00e9. Mais il \u00ab\u00a0conna\u00eet&#8230;<\/p>\n","protected":false},"excerpt":{"rendered":"Enlever une chaussure, retrouver son casque, changer de sens au moment du d\u00e9part\u00a0: c\u2019est le parcours du combattant&hellip;\n","protected":false},"author":2,"featured_media":109928,"comment_status":"","ping_status":"","sticky":false,"template":"","format":"standard","meta":{"footnotes":""},"categories":[2820],"tags":[1111,11,1687,207,2880,1777,674,3326,107,1011,27,775,12,25,5512,517,640,3265,2803],"class_list":{"0":"post-109927","1":"post","2":"type-post","3":"status-publish","4":"format-standard","5":"has-post-thumbnail","7":"category-strasbourg","8":"tag-actu","9":"tag-actualites","10":"tag-culture-loisirs","11":"tag-cyclisme","12":"tag-edition-strasbourg","13":"tag-eu","14":"tag-europe","15":"tag-fete-locale","16":"tag-fil-info","17":"tag-fr","18":"tag-france","19":"tag-grand-est","20":"tag-news","21":"tag-republique-francaise","22":"tag-schiltigheim","23":"tag-sport","24":"tag-strasbourg","25":"tag-strasbourg-nord","26":"tag-transport"},"share_on_mastodon":{"url":"https:\/\/pubeurope.com\/@fr\/114530259025480879","error":""},"_links":{"self":[{"href":"https:\/\/www.europesays.com\/fr\/wp-json\/wp\/v2\/posts\/109927","targetHints":{"allow":["GET"]}}],"collection":[{"href":"https:\/\/www.europesays.com\/fr\/wp-json\/wp\/v2\/posts"}],"about":[{"href":"https:\/\/www.europesays.com\/fr\/wp-json\/wp\/v2\/types\/post"}],"author":[{"embeddable":true,"href":"https:\/\/www.europesays.com\/fr\/wp-json\/wp\/v2\/users\/2"}],"replies":[{"embeddable":true,"href":"https:\/\/www.europesays.com\/fr\/wp-json\/wp\/v2\/comments?post=109927"}],"version-history":[{"count":0,"href":"https:\/\/www.europesays.com\/fr\/wp-json\/wp\/v2\/posts\/109927\/revisions"}],"wp:featuredmedia":[{"embeddable":true,"href":"https:\/\/www.europesays.com\/fr\/wp-json\/wp\/v2\/media\/109928"}],"wp:attachment":[{"href":"https:\/\/www.europesays.com\/fr\/wp-json\/wp\/v2\/media?parent=109927"}],"wp:term":[{"taxonomy":"category","embeddable":true,"href":"https:\/\/www.europesays.com\/fr\/wp-json\/wp\/v2\/categories?post=109927"},{"taxonomy":"post_tag","embeddable":true,"href":"https:\/\/www.europesays.com\/fr\/wp-json\/wp\/v2\/tags?post=109927"}],"curies":[{"name":"wp","href":"https:\/\/api.w.org\/{rel}","templated":true}]}}