{"id":109951,"date":"2025-05-18T18:44:08","date_gmt":"2025-05-18T18:44:08","guid":{"rendered":"https:\/\/www.europesays.com\/fr\/109951\/"},"modified":"2025-05-18T18:44:08","modified_gmt":"2025-05-18T18:44:08","slug":"bruno-retailleau-largement-elu-devant-laurent-wauquiez","status":"publish","type":"post","link":"https:\/\/www.europesays.com\/fr\/109951\/","title":{"rendered":"Bruno Retailleau largement \u00e9lu devant Laurent Wauquiez"},"content":{"rendered":"<p itemprop=\"description\"><strong>Ce dimanche soir, le r\u00e9sultat de l&rsquo;\u00e9lection du pr\u00e9sident des R\u00e9publicains est tomb\u00e9.<\/strong><\/p>\n<p>Et c&rsquo;est le ministre de l&rsquo;Int\u00e9rieur Bruno Retailleau qui a \u00e9t\u00e9 \u00e9lu par les militants avec 72 629 voix (74,31%), loin devant les 25 107 voix de l&rsquo;ancien pr\u00e9sident de la R\u00e9gion Auvergne-Rh\u00f4ne-Alpes <a href=\"https:\/\/www.lyonmag.com\/profil-personnalite-lyonnaise\/55\/laurent-wauquiez\" target=\"_blank\" rel=\"noopener\">Laurent Wauquiez<\/a> (25,69%).<\/p>\n<p>Les deux candidats avaient multipli\u00e9 les r\u00e9unions publiques et meetings, notamment dans l&rsquo;agglom\u00e9ration lyonnaise. D&rsquo;ailleurs, Bruno Retailleau avait choisi Lyon et la Confluence mercredi dernier, tandis que Laurent Wauquiez \u00e9tait \u00e0 Jonage vendredi.<\/p>\n<p>Le d\u00e9put\u00e9 de Haute-Loire a pris la parole \u00e0 19h au Puy-en-Velay, aux c\u00f4t\u00e9s notamment du maire du 2e arrondissement de Lyon <a href=\"https:\/\/www.lyonmag.com\/profil-personnalite-lyonnaise\/512\/pierre-oliver\" target=\"_blank\" rel=\"noopener\">Pierre Oliver<\/a> ou de son successeur \u00e0 la R\u00e9gion <a href=\"https:\/\/www.lyonmag.com\/profil-personnalite-lyonnaise\/747\/fabrice-pannekoucke\" target=\"_blank\" rel=\"noopener\">Fabrice Pannekoucke<\/a>.<\/p>\n<p>\u00ab\u00a0Je sais trop \u00e0 quel point le poison de la division a si souvent fait mal \u00e0 notre famille politique. J&rsquo;ai toujours dit qu&rsquo;il fallait additionner plut\u00f4t que de diviser\u00a0\u00bb, a d\u00e9clar\u00e9 Laurent Wauquiez. \u00ab\u00a0Il faut rassembler toute la droite et porter un projet de rupture. Nous ne pourrons le faire si nous sommes dilu\u00e9s dans le macronisme. (&#8230;) Il faut commencer \u00e0 lib\u00e9rer notre pays de ses cha\u00eenes. La droite doit pr\u00e9parer un projet de rupture, (\u2026) assumer des id\u00e9es fortes\u00a0\u00bb.<\/p>\n<p>De leur c\u00f4t\u00e9, les soutiens de Bruno Retailleau comme le maire de Saint-Priest <a href=\"https:\/\/www.lyonmag.com\/profil-personnalite-lyonnaise\/259\/gilles-gascon\" target=\"_blank\" rel=\"noopener\">Gilles Gascon<\/a>, sont ravis.<\/p>\n<blockquote class=\"twitter-tweet\"><p>&#13;<\/p>\n<p dir=\"ltr\" lang=\"fr\">F\u00e9licitations \u00e0 <a href=\"https:\/\/twitter.com\/BrunoRetailleau?ref_src=twsrc%5Etfw\" target=\"_blank\" rel=\"noopener\">@BrunoRetailleau<\/a> pour son \u00e9lection \u00e0 la pr\u00e9sidence <a href=\"https:\/\/twitter.com\/lesRepublicains?ref_src=twsrc%5Etfw\" target=\"_blank\" rel=\"noopener\">@lesRepublicains<\/a>. Une nouvelle page s\u2019ouvre pour notre parti. Je salue <a href=\"https:\/\/twitter.com\/laurentwauquiez?ref_src=twsrc%5Etfw\" target=\"_blank\" rel=\"noopener\">@laurentwauquiez<\/a> dont l\u2019engagement est pr\u00e9cieux pour notre famille politique. L\u2019unit\u00e9 est notre meilleure arme pour pr\u00e9parer l\u2019avenir. <a href=\"https:\/\/twitter.com\/hashtag\/LR?src=hash&amp;ref_src=twsrc%5Etfw\" target=\"_blank\" rel=\"noopener\">#LR<\/a><\/p>\n<p>&#13;<br \/>\n\u2014 Fran\u00e7ois-No\u00ebl BUFFET (@fnb_officiel) <a href=\"https:\/\/twitter.com\/fnb_officiel\/status\/1924144719409381818?ref_src=twsrc%5Etfw\" target=\"_blank\" rel=\"noopener\">May 18, 2025<\/a><\/p><\/blockquote>\n<p>\t\t  <script async src=\"https:\/\/platform.twitter.com\/widgets.js\" charset=\"utf-8\"><\/script><\/p>\n","protected":false},"excerpt":{"rendered":"Ce dimanche soir, le r\u00e9sultat de l&rsquo;\u00e9lection du pr\u00e9sident des R\u00e9publicains est tomb\u00e9. Et c&rsquo;est le ministre de&hellip;\n","protected":false},"author":2,"featured_media":109952,"comment_status":"","ping_status":"","sticky":false,"template":"","format":"standard","meta":{"footnotes":""},"categories":[1889],"tags":[1111,11,2813,2190,2430,1109,251,1112,2811,1777,674,118,1011,27,1922,1110,1114,2428,2810,12,241,316,25,2812,517,800],"class_list":{"0":"post-109951","1":"post","2":"type-post","3":"status-publish","4":"format-standard","5":"has-post-thumbnail","7":"category-lyon","8":"tag-actu","9":"tag-actualites","10":"tag-article","11":"tag-asvel","12":"tag-auvergne-rhone-alpes","13":"tag-breves","14":"tag-culture","15":"tag-depeches","16":"tag-economique","17":"tag-eu","18":"tag-europe","19":"tag-faits-divers","20":"tag-fr","21":"tag-france","22":"tag-info","23":"tag-informations","24":"tag-infos","25":"tag-lyon","26":"tag-lyonmag","27":"tag-news","28":"tag-ol","29":"tag-politique","30":"tag-republique-francaise","31":"tag-sociale","32":"tag-sport","33":"tag-transports"},"share_on_mastodon":{"url":"https:\/\/pubeurope.com\/@fr\/114530318124406540","error":""},"_links":{"self":[{"href":"https:\/\/www.europesays.com\/fr\/wp-json\/wp\/v2\/posts\/109951","targetHints":{"allow":["GET"]}}],"collection":[{"href":"https:\/\/www.europesays.com\/fr\/wp-json\/wp\/v2\/posts"}],"about":[{"href":"https:\/\/www.europesays.com\/fr\/wp-json\/wp\/v2\/types\/post"}],"author":[{"embeddable":true,"href":"https:\/\/www.europesays.com\/fr\/wp-json\/wp\/v2\/users\/2"}],"replies":[{"embeddable":true,"href":"https:\/\/www.europesays.com\/fr\/wp-json\/wp\/v2\/comments?post=109951"}],"version-history":[{"count":0,"href":"https:\/\/www.europesays.com\/fr\/wp-json\/wp\/v2\/posts\/109951\/revisions"}],"wp:featuredmedia":[{"embeddable":true,"href":"https:\/\/www.europesays.com\/fr\/wp-json\/wp\/v2\/media\/109952"}],"wp:attachment":[{"href":"https:\/\/www.europesays.com\/fr\/wp-json\/wp\/v2\/media?parent=109951"}],"wp:term":[{"taxonomy":"category","embeddable":true,"href":"https:\/\/www.europesays.com\/fr\/wp-json\/wp\/v2\/categories?post=109951"},{"taxonomy":"post_tag","embeddable":true,"href":"https:\/\/www.europesays.com\/fr\/wp-json\/wp\/v2\/tags?post=109951"}],"curies":[{"name":"wp","href":"https:\/\/api.w.org\/{rel}","templated":true}]}}