{"id":109959,"date":"2025-05-18T18:48:10","date_gmt":"2025-05-18T18:48:10","guid":{"rendered":"https:\/\/www.europesays.com\/fr\/109959\/"},"modified":"2025-05-18T18:48:10","modified_gmt":"2025-05-18T18:48:10","slug":"le-trafic-interrompu-entre-paris-et-lessonne","status":"publish","type":"post","link":"https:\/\/www.europesays.com\/fr\/109959\/","title":{"rendered":"le trafic interrompu entre Paris et l&rsquo;Essonne"},"content":{"rendered":"<p>            Par<br \/>\n        <strong><br \/>\n            <a href=\"https:\/\/actu.fr\/auteur\/antoine-grotteria02\" title=\"Consulter tous les articles de Antoine Grotteria\" target=\"_blank\" rel=\"noopener\">Antoine Grotteria<\/a><br \/>\n        <\/strong><\/p>\n<p>        Publi\u00e9 le<\/p>\n<p>            11 mai 2025 \u00e0 11h20        <\/p>\n<p>Les trains sont \u00e0 <strong>l\u2019arr\u00eat<\/strong>. Ce dimanche 11\u00a0mai 2025, un accident de personne s\u2019est produit \u00e0 la <strong>gare d\u2019Austerlitz<\/strong>. Cons\u00e9quence, le trafic du <a href=\"https:\/\/actu.fr\/tag\/rer-c\" target=\"_blank\" rel=\"noopener\">RER C<\/a> est partiellement interrompu entre <a href=\"https:\/\/actu.fr\/paris\/\" target=\"_blank\" rel=\"noopener\">Paris<\/a> et l\u2019Essonne, a annonc\u00e9 la <a href=\"https:\/\/actu.fr\/tag\/sncf\" target=\"_blank\" rel=\"noopener\">SNCF<\/a> sur le r\u00e9seau social X. La reprise est estim\u00e9e vers <strong>12\u00a0heures<\/strong>, d\u2019apr\u00e8s la r\u00e9gie.<\/p>\n<p>Une personne secourue<\/p>\n<p class=\" wall-content\">L\u2019incident s\u2019est d\u00e9roul\u00e9 vers 10h30. D\u2019abord \u00ab\u2009perturb\u00e9 (e)\u2009\u00bb, la circulation a \u00e9t\u00e9 coup\u00e9e entre la station du <strong>Champ-de-Mars<\/strong> et la station <strong>Juvisy<\/strong> (Essonne) dans les deux sens de circulation. L\u2019autre branche reliant le Champ-de-Mars \u00e0 Massy-Palaiseau (Essonne) est \u00ab\u2009perturb\u00e9 (e)\u2009\u00bb. Sur X, la SNCF indique que \u00ab\u2009la personne est <strong>prise en charge par les pompiers<\/strong> actuellement sur place\u2009\u00bb. Mais le protocole, d\u00e9clench\u00e9 apr\u00e8s le signalement du conducteur, implique l\u2019arr\u00eat de la circulation.<\/p>\n<p class=\" wall-content\">\n<p class=\" wall-content\">\n<p class=\" wall-content\">Des itin\u00e9raires alternatifs sont propos\u00e9s sur le site <a href=\"https:\/\/www.transilien.com\/fr\/page-lignes\/ligne-c\" target=\"_blank\" rel=\"noopener\">transilien.com<\/a>. Cet accident se produit alors que le trafic du RER C est r\u00e9duit en mai. Jusqu\u2019\u00e0 17\u00a0heures, ce dimanche 11\u00a0mai, aucun traint ne circule entre <strong>Br\u00e9tigny-sur-Orge<\/strong> et <strong>Saint-Martin d\u2019\u00c9tampes<\/strong> et entre <strong>Br\u00e9tigny<\/strong> et <strong>Dourdan<\/strong>. En cause, des <a href=\"https:\/\/actu.fr\/tag\/travaux\" target=\"_blank\" rel=\"noopener\">travaux<\/a> sur un ouvrage d\u2019art.<\/p>\n<p class=\" wall-content\">Suivez toute l\u2019actualit\u00e9 de vos villes et m\u00e9dias favoris en vous inscrivant \u00e0 <a href=\"https:\/\/moncompte.actu.fr\" title=\"D\u00e9couvez Mon Actu\" rel=\"nofollow noopener\" data-trk=\"{&quot;cta&quot;:{&quot;action&quot;:&quot;https:\\\/\\\/moncompte.actu.fr&quot;,&quot;category&quot;:&quot;mon compte&quot;,&quot;from&quot;:&quot;article footer&quot;,&quot;name&quot;:&quot;Mon actu&quot;,&quot;type&quot;:&quot;cta&quot;}}\" target=\"_blank\">Mon Actu<\/a>.<\/p>\n","protected":false},"excerpt":{"rendered":"Par Antoine Grotteria Publi\u00e9 le 11 mai 2025 \u00e0 11h20 Les trains sont \u00e0 l\u2019arr\u00eat. Ce dimanche 11\u00a0mai&hellip;\n","protected":false},"author":2,"featured_media":109960,"comment_status":"","ping_status":"","sticky":false,"template":"","format":"standard","meta":{"footnotes":""},"categories":[1888],"tags":[1111,1928,11,1927,1777,674,1011,27,22821,12,1926,626,1925,25,2215,104,2803],"class_list":{"0":"post-109959","1":"post","2":"type-post","3":"status-publish","4":"format-standard","5":"has-post-thumbnail","7":"category-paris","8":"tag-actu","9":"tag-actu-paris","10":"tag-actualites","11":"tag-actualites-paris","12":"tag-eu","13":"tag-europe","14":"tag-fr","15":"tag-france","16":"tag-gare-dausterlitz","17":"tag-news","18":"tag-news-paris","19":"tag-paris","20":"tag-paris-news","21":"tag-republique-francaise","22":"tag-sncf","23":"tag-societe","24":"tag-transport"},"share_on_mastodon":{"url":"https:\/\/pubeurope.com\/@fr\/114530333740649050","error":""},"_links":{"self":[{"href":"https:\/\/www.europesays.com\/fr\/wp-json\/wp\/v2\/posts\/109959","targetHints":{"allow":["GET"]}}],"collection":[{"href":"https:\/\/www.europesays.com\/fr\/wp-json\/wp\/v2\/posts"}],"about":[{"href":"https:\/\/www.europesays.com\/fr\/wp-json\/wp\/v2\/types\/post"}],"author":[{"embeddable":true,"href":"https:\/\/www.europesays.com\/fr\/wp-json\/wp\/v2\/users\/2"}],"replies":[{"embeddable":true,"href":"https:\/\/www.europesays.com\/fr\/wp-json\/wp\/v2\/comments?post=109959"}],"version-history":[{"count":0,"href":"https:\/\/www.europesays.com\/fr\/wp-json\/wp\/v2\/posts\/109959\/revisions"}],"wp:featuredmedia":[{"embeddable":true,"href":"https:\/\/www.europesays.com\/fr\/wp-json\/wp\/v2\/media\/109960"}],"wp:attachment":[{"href":"https:\/\/www.europesays.com\/fr\/wp-json\/wp\/v2\/media?parent=109959"}],"wp:term":[{"taxonomy":"category","embeddable":true,"href":"https:\/\/www.europesays.com\/fr\/wp-json\/wp\/v2\/categories?post=109959"},{"taxonomy":"post_tag","embeddable":true,"href":"https:\/\/www.europesays.com\/fr\/wp-json\/wp\/v2\/tags?post=109959"}],"curies":[{"name":"wp","href":"https:\/\/api.w.org\/{rel}","templated":true}]}}