{"id":1099629,"date":"2026-07-31T18:00:20","date_gmt":"2026-07-31T18:00:20","guid":{"rendered":"https:\/\/www.europesays.com\/fr\/1099629\/"},"modified":"2026-07-31T18:00:20","modified_gmt":"2026-07-31T18:00:20","slug":"mes-vetements-sentaient-le-feu-christine-cauchemar-en-cuisine-raconte-lincendie-qui-a-eu-lieu-dans-la-rue-de-son-restaurant-a-chambery","status":"publish","type":"post","link":"https:\/\/www.europesays.com\/fr\/1099629\/","title":{"rendered":"\u00ab\u00a0Mes v\u00eatements sentaient le feu\u00a0\u00bb : Christine (Cauchemar en cuisine) raconte l&rsquo;incendie qui a eu lieu dans la rue de son restaurant \u00e0 Chamb\u00e9ry"},"content":{"rendered":"<p>P\u00e9riode estivale oblige, les cha\u00eenes sont pass\u00e9es en mode rediffusion. Ce jeudi 30 juillet, M6 proposait plusieurs num\u00e9ros de<b> Cauchemar en cuisine<\/b>, d\u00e9j\u00e0 diffus\u00e9s par le pass\u00e9. En deuxi\u00e8me partie de soir\u00e9e, la cha\u00eene revenait ainsi sur l&rsquo;\u00e9tablissement de Christine \u00e0 Chamb\u00e9ry. <a href=\"https:\/\/www.programme-tv.net\/news\/tv\/354829-cauchemar-en-cuisine-que-devient-le-restaurant-de-christine-a-chambery-apres-le-passage-de-philippe-etchebest\/\" data-api-deeplink=\"teleloisirs:\/\/news\/354829\" rel=\"nofollow noopener\" target=\"_blank\">Philippe Etchebest y \u00e9tait venu en 2024<\/a> et revenu un an apr\u00e8s pour un <a href=\"https:\/\/www.programme-tv.net\/news\/tv\/383053-toujours-pas-assez-pour-me-loger-que-devient-christine-a-chambery-apres-cauchemar-en-cuisine-et-le-passage-de-philippe-etchebest\/\" data-api-deeplink=\"teleloisirs:\/\/news\/383053\" rel=\"nofollow noopener\" target=\"_blank\">\u00e9pisode sp\u00e9cial Que sont-ils devenus ?<\/a> Il avait pu y constater le meilleur \u00e9tat de sant\u00e9 du restaurant.<\/p>\n<p>\u00ab\u00a0Je n&rsquo;ai plus de concours bancaires, d&rsquo;arri\u00e9r\u00e9s, je commence \u00e0 avoir une tr\u00e9sorerie saine mais toujours pas assez pour me payer et me loger\u00a0\u00bb, avait expliqu\u00e9 Christine en 2025. La cheffe d&rsquo;entreprise vivait en effet dans un abri de jardin qu&rsquo;elle avait am\u00e9nag\u00e9. Un an apr\u00e8s, et \u00e0 l&rsquo;occasion de la rediffusion de l&rsquo;\u00e9mission, T\u00e9l\u00e9-Loisirs a pris de ses nouvelles.<\/p>\n<p>                        \u00ab\u00a0On a un peu rat\u00e9 la saison\u00a0\u00bb : Christine (Cauchemar en cuisine) se confie sur sa m\u00e9saventure il y a deux mois<\/p>\n<p><b>T\u00e9l\u00e9-Loisirs <\/b><b>: Comment se porte votre \u00e9tablissement, le <\/b><a href=\"https:\/\/www.facebook.com\/cafechabert\/photos?locale=fr_FR\" rel=\"nofollow noopener\" target=\"_blank\"><b>Caf\u00e9 Chabert<\/b><\/a><b> ?<\/b><br \/><b>Christine<\/b> : Je n&rsquo;ai pas ferm\u00e9, je n&rsquo;ai pas encore d\u00e9pos\u00e9 le bilan et j&rsquo;ai un serveur au top donc tout va bien ! Il y a un fort pouvoir promotionnel de M6, c&rsquo;est incroyable. Donc <b>j&rsquo;ai pass\u00e9 une tr\u00e8s bonne ann\u00e9e 2025<\/b>. L\u00e0, c&rsquo;est un peu plus compliqu\u00e9 parce qu&rsquo;il n&rsquo;y a personne de mani\u00e8re g\u00e9n\u00e9rale dans Chamb\u00e9ry.<\/p>\n<p>Les gens ne peuvent pas se garer ou alors le parking est tr\u00e8s cher, il fait une chaleur \u00e9pouvantable donc personne n&rsquo;a faim. <b>Et il y a eu un incendie dans la rue le 1er juin et depuis la rue est ferm\u00e9e<\/b><b> <\/b>(\u00e0 la circulation, ndlr). <b>Cela fait deux mois<\/b>. On esp\u00e8re qu&rsquo;ils la rouvrent la semaine prochaine. <b>On a un peu rat\u00e9 la saison<\/b>. Et apr\u00e8s le 15 ao\u00fbt, la saison est termin\u00e9e.<\/p>\n<p><b>Vous parlez d&rsquo;un incendie, que s&rsquo;est-il pass\u00e9 ?<\/b><br \/>Le 1er juin, 4 appartements dans un immeuble de la rue basse. C&rsquo;\u00e9tait tr\u00e8s impressionnant. On a tous \u00e9t\u00e9 \u00e9vacu\u00e9s et on a pu revenir vers 16h30. Il n&rsquo;y avait pas de courant ni d&rsquo;eau. Quand je suis rentr\u00e9e chez moi, <b>mes v\u00eatements sentaient le feu<\/b>. Le lendemain on a ouvert mais c&rsquo;\u00e9tait un peu sinistre.<\/p>\n<p>Mais m\u00eame si la rue est bouch\u00e9e, les commer\u00e7ants de la rue basse existent toujours ! Il faut passer par les passages, soit le passage de Morand, soit l&rsquo;all\u00e9e Louis Petraz, pour avoir acc\u00e8s \u00e0 la rue.<\/p>\n<p>\u00ab\u00a0C&rsquo;est toujours rustique\u00a0\u00bb : Christine (Cauchemar en cuisine) vit toujours dans son abri de jardin<\/p>\n<p><b>Votre tr\u00e9sorerie est-elle saine ?<\/b><br \/>Elle \u00e9tait saine, mais maintenant elle ne l&rsquo;est plus. Comme je vous le disais, la p\u00e9riode est un peu compliqu\u00e9e. Je le vois avec mes confr\u00e8res restaurateurs, mais aussi avec d&rsquo;autres artisans et commer\u00e7ants de la rue.<\/p>\n<p><b>\u00cates-vous toujours accompagn\u00e9e par Rivalis, que l&rsquo;on voit dans <\/b><b>Cauchemar en cuisine<\/b><b> ?<\/b><br \/>Non. Apr\u00e8s, la comptabilit\u00e9, je connais, je n&rsquo;avais pas besoin d&rsquo;eux pour \u00e7a. J&rsquo;ai \u00e9t\u00e9 responsable administratif et financier pendant dix-sept ans. <b>Heureusement que j&rsquo;avais cette connaissance-l\u00e0, sinon j&rsquo;aurais ferm\u00e9 depuis longtemps.<\/b><\/p>\n<p>Mais l\u00e0 o\u00f9 M6 m&rsquo;a sauv\u00e9 la vie, c&rsquo;est sur le pouvoir promotionnel de l&rsquo;\u00e9mission. Et ils m&rsquo;ont aid\u00e9 sur des outils de communication, comme Facebook. D&rsquo;ailleurs, sur Google, on a plut\u00f4t de bons avis.<\/p>\n<p><b>Et vous avez embauch\u00e9 un serveur ! <\/b><br \/>\u00c0 chaque saison, j&rsquo;ai toujours eu un serveur. Sauf que l\u00e0,<b> je l&rsquo;ai embauch\u00e9 en CD<\/b>I. Il est tr\u00e8s accueillant, les gens sont plut\u00f4t contents, c&rsquo;est tr\u00e8s positif.<\/p>\n<p><b>\u00c0 l&rsquo;\u00e9poque des tournages, vous viviez dans un abri de jardin. Est-ce toujours le cas ?<\/b><br \/>Oui. Mais<b> je n&rsquo;ai pas les moyens de me loger ailleurs<\/b>. L\u00e0, je paie mes charges, c&rsquo;est ce qui compte. Apr\u00e8s, j&rsquo;habite comme je peux, mais je ne dors pas dans ma voiture.<\/p>\n<p>Lorsque M6 est venu, je venais de construire \u00e0 l&rsquo;abri, ce n&rsquo;\u00e9tait pas isol\u00e9. L&rsquo;hiver suivant, j&rsquo;ai pu isoler et mettre un chauffage, donc c&rsquo;\u00e9tait bien. Mais <b>c&rsquo;est toujours rustique<\/b>.<\/p>\n<p><b>Avez-vous des nouvelles de Philippe Etchebest ?<\/b><br \/>Non. Mais il est venu un an apr\u00e8s, d\u00e9guis\u00e9. J&rsquo;avais Madame Doubtfire dans mon restaurant ! J&rsquo;en garde un souvenir incroyable.<\/p>\n<p>Mon serveur l&rsquo;a reconnu au bout d&rsquo;un moment, avec les yeux. Mais il avait d\u00e9guis\u00e9 sa voix, n&rsquo;avait pas la m\u00eame corpulence ni le m\u00eame visage. Quand j&rsquo;ai vu un client retirer ses cheveux \u00e0 table, je lui ai dit qu&rsquo;il ne pouvait pas faire \u00e7a ici !<\/p>\n","protected":false},"excerpt":{"rendered":"P\u00e9riode estivale oblige, les cha\u00eenes sont pass\u00e9es en mode rediffusion. Ce jeudi 30 juillet, M6 proposait plusieurs num\u00e9ros&hellip;\n","protected":false},"author":2,"featured_media":1099630,"comment_status":"","ping_status":"","sticky":false,"template":"","format":"standard","meta":{"footnotes":"","_share_on_mastodon":"0"},"categories":[1356],"tags":[10976,244,58,59,1011,27,2173,494,5387,252,1364,1630],"class_list":["post-1099629","post","type-post","status-publish","format-standard","has-post-thumbnail","category-television","tag-cauchemar-en-cuisine","tag-commentaire","tag-divertissement","tag-entertainment","tag-fr","tag-france","tag-interview","tag-m6","tag-philippe-etchebest","tag-television","tag-tv","tag-zapping"],"share_on_mastodon":{"url":"https:\/\/pubeurope.com\/@fr\/117015899528101471","error":""},"_links":{"self":[{"href":"https:\/\/www.europesays.com\/fr\/wp-json\/wp\/v2\/posts\/1099629","targetHints":{"allow":["GET"]}}],"collection":[{"href":"https:\/\/www.europesays.com\/fr\/wp-json\/wp\/v2\/posts"}],"about":[{"href":"https:\/\/www.europesays.com\/fr\/wp-json\/wp\/v2\/types\/post"}],"author":[{"embeddable":true,"href":"https:\/\/www.europesays.com\/fr\/wp-json\/wp\/v2\/users\/2"}],"replies":[{"embeddable":true,"href":"https:\/\/www.europesays.com\/fr\/wp-json\/wp\/v2\/comments?post=1099629"}],"version-history":[{"count":0,"href":"https:\/\/www.europesays.com\/fr\/wp-json\/wp\/v2\/posts\/1099629\/revisions"}],"wp:featuredmedia":[{"embeddable":true,"href":"https:\/\/www.europesays.com\/fr\/wp-json\/wp\/v2\/media\/1099630"}],"wp:attachment":[{"href":"https:\/\/www.europesays.com\/fr\/wp-json\/wp\/v2\/media?parent=1099629"}],"wp:term":[{"taxonomy":"category","embeddable":true,"href":"https:\/\/www.europesays.com\/fr\/wp-json\/wp\/v2\/categories?post=1099629"},{"taxonomy":"post_tag","embeddable":true,"href":"https:\/\/www.europesays.com\/fr\/wp-json\/wp\/v2\/tags?post=1099629"}],"curies":[{"name":"wp","href":"https:\/\/api.w.org\/{rel}","templated":true}]}}