{"id":109965,"date":"2025-05-18T18:51:18","date_gmt":"2025-05-18T18:51:18","guid":{"rendered":"https:\/\/www.europesays.com\/fr\/109965\/"},"modified":"2025-05-18T18:51:18","modified_gmt":"2025-05-18T18:51:18","slug":"panne-a-laeroport-de-paris-orly-130-vols-annules-dimanche-18-05-2025-a-2027","status":"publish","type":"post","link":"https:\/\/www.europesays.com\/fr\/109965\/","title":{"rendered":"Panne \u00e0 l&rsquo;a\u00e9roport de Paris-Orly, 130 vols annul\u00e9s dimanche &#8211; 18\/05\/2025 \u00e0 20:27"},"content":{"rendered":"<p>        <img fetchpriority=\"high\" decoding=\"async\" src=\"https:\/\/www.europesays.com\/fr\/wp-content\/uploads\/2025\/05\/62a93eca1d27387e24d2b53e91608307-760x570.jpg\" alt=\"Des panneaux d'information sur les vols au d\u00e9part lors d'une panne des syst\u00e8mes de contr\u00f4le a\u00e9rien \u00e0 l'a\u00e9roport de Paris-Orly, au sud de Paris, le 18 mai 2025 ( AFP \/ Aurore MESENGE )\" loading=\"eager\" width=\"760\" height=\"570\" style=\"max-width: 100%!important; height: auto;\"\/><\/p>\n<p class=\"c-image-news__legend\">Des panneaux d&rsquo;information sur les vols au d\u00e9part lors d&rsquo;une panne des syst\u00e8mes de contr\u00f4le a\u00e9rien \u00e0 l&rsquo;a\u00e9roport de Paris-Orly, au sud de Paris, le 18 mai 2025 ( AFP \/ Aurore MESENGE )<\/p>\n<p>\n Des milliers de passagers qui devaient d\u00e9coller de l&rsquo;a\u00e9roport de Paris-Orly ou y atterrir dimanche ont vu leur vol annul\u00e9 \u00e0 la derni\u00e8re minute, parfois m\u00eame alors qu&rsquo;ils \u00e9taient d\u00e9j\u00e0 install\u00e9s dans l&rsquo;avion, apr\u00e8s une panne de contr\u00f4le a\u00e9rien, sans visibilit\u00e9 sur le retour \u00e0 la normale.\n<\/p>\n<p>\n Environ 130 vols \u00e9taient annul\u00e9s, pour moiti\u00e9 au d\u00e9part de l&rsquo;a\u00e9roport, pour moiti\u00e9 \u00e0 l&rsquo;arriv\u00e9e, soit 40% des quelque 330 vols pr\u00e9vus, a indiqu\u00e9 \u00e0 l&rsquo;AFP un porte-parole d&rsquo;A\u00e9roports de Paris (<br \/>\n <a href=\"https:\/\/www.boursorama.com\/cours\/1rPADP\/\" rel=\"nofollow noopener\" target=\"_blank\"><br \/>\n  ADP<br \/>\n <\/a><br \/>\n ).\n<\/p>\n<p>\n Debout pr\u00e8s de valises \u00e0 roulettes, Agn\u00e8s Zilouri, 46 ans, cherche o\u00f9 faire asseoir sa m\u00e8re de 86 ans qui se rend au Maroc pour les obs\u00e8ques de son fr\u00e8re. \u00ab\u00a0Notre vol pour Oujda, pr\u00e9vu \u00e0 21H20, est annul\u00e9. Heureusement que j&rsquo;accompagne ma m\u00e8re\u00a0\u00bb, dit-elle, au c\u00f4t\u00e9 de son fils de 6 ans.\n<\/p>\n<p>\n Dans le hall des d\u00e9parts de l&rsquo;a\u00e9roport d&rsquo;Orly 4, un message sur fond orange avertit les voyageurs: \u00ab\u00a0Panne des dispositifs de contr\u00f4le de la navigation a\u00e9rienne, des retards et annulations de vols sont \u00e0 pr\u00e9voir.\u00a0\u00bb\n<\/p>\n<p>\n La Direction g\u00e9n\u00e9rale de l&rsquo;aviation civile (DGAC) a en effet \u00ab\u00a0demand\u00e9 aux compagnies a\u00e9riennes de r\u00e9duire leur programme de vols de 40% sur l&rsquo;a\u00e9roport de Paris-Orly pour la fin de journ\u00e9e\u00a0\u00bb, jusqu&rsquo;au couvre-feu de 23H30, \u00ab\u00a0suite \u00e0 une panne des dispositifs de contr\u00f4le a\u00e9rien de la tour d&rsquo;Orly\u00a0\u00bb.\n<\/p>\n<p>\n \u00ab\u00a0Il s&rsquo;agit d&rsquo;une panne de radar\u00a0\u00bb, a indiqu\u00e9 \u00e0 l&rsquo;AFP une source a\u00e9roportuaire.\n<\/p>\n<p>\n La DGAC n&rsquo;\u00e9tait pas en mesure dimanche soir d&rsquo;indiquer le moment auquel un retour \u00e0 la normale \u00e9tait envisag\u00e9, mais si la panne se prolonge, de nouvelles annulations pourraient \u00eatre \u00e0 pr\u00e9voir lundi.\n<\/p>\n<p>\n Annul\u00e9s, le vol Air France de 19H20 en provenance de Toulouse, le Vueling de 18H40 \u00e0 destination de Londres ou encore celui de Transavia qui devait d\u00e9coller pour Amsterdam \u00e0 19H10: sur le site internet de l&rsquo;a\u00e9roport, le tableau des vols affiche de nombreux vols supprim\u00e9s ou retard\u00e9s.\n<\/p>\n<p> &#8211; Seule solution: un vol \u00e0 300 euros &#8211;<\/p>\n<p>        <img decoding=\"async\" src=\"https:\/\/www.europesays.com\/fr\/wp-content\/uploads\/2025\/05\/ed5dba86cee0e06b078d47f95eddf28f-760x570.jpg\" alt=\"Un voyageur regarde des panneaux d'informatino sur les vols lors d'une panne des syst\u00e8mes de contr\u00f4le a\u00e9rien \u00e0 l'a\u00e9roport de Paris-Orly, au sud de Paris, le 18 mai 2025 ( AFP \/ Aurore MESENGE )\" loading=\"eager\" width=\"760\" height=\"570\" style=\"max-width: 100%!important; height: auto;\"\/><\/p>\n<p class=\"c-image-news__legend\">Un voyageur regarde des panneaux d&rsquo;informatino sur les vols lors d&rsquo;une panne des syst\u00e8mes de contr\u00f4le a\u00e9rien \u00e0 l&rsquo;a\u00e9roport de Paris-Orly, au sud de Paris, le 18 mai 2025 ( AFP \/ Aurore MESENGE )<\/p>\n<p>\n Dans une caf\u00e9t\u00e9ria, nombre de voyageurs t\u00e9l\u00e9phonent pour annoncer, dans diff\u00e9rentes langues, \u00e0 leurs proches que leur vol est retard\u00e9 ou annul\u00e9&#8230;\n<\/p>\n<p>\n Fay\u00e7al Benkhaldoun, 63 ans, cherche \u00e0 tout prix \u00e0 voyager vers la Tunisie, apr\u00e8s l&rsquo;annulation du dernier vol pour Oujda. \u00ab\u00a0Je vais essayer de prendre le prochain vol pour Casablanca puis je prendrai un taxi pour Oujda. On a une r\u00e9union \u00e0 9h du matin que je ne veux pas manquer\u00a0\u00bb.\n<\/p>\n<p>\n \u00c9lodie B\u00e9licot, 44 ans, qui partait en vacances, explique prendre l&rsquo;annulation de son vol \u00ab\u00a0plut\u00f4t bien, il y a des choses plus graves dans la vie que ne pas partir en vacances. Il y avait une dame tout \u00e0 l&rsquo;heure devant nous qui devait rejoindre sa maman qui \u00e9tait mourante pour la voir la derni\u00e8re fois.\u00a0\u00bb\n<\/p>\n<p>\n Au guichet d&rsquo;une compagnie a\u00e9rienne, Azgal Abichou, chef d&rsquo;entreprise de 63 ans, explique qu&rsquo;il cherche un autre vol apr\u00e8s l&rsquo;annulation de son vol pour Tunis. \u00ab\u00a0On \u00e9tait dans l&rsquo;avion, tous assis et ceintur\u00e9s, pr\u00eats \u00e0 partir, quand ils nous ont fait d\u00e9barquer et r\u00e9cup\u00e9rer nos bagages&#8230; puis gal\u00e9rer\u00a0\u00bb, a-t-il \u00e0 l&rsquo;AFP, dans l&rsquo;attente depuis plusieurs heures d&rsquo;un mail promis par la compagnie Transavia.\n<\/p>\n<p>\n Romane Penault, \u00e9tudiante de 22 ans, attend elle aussi un mail de la compagnie a\u00e9rienne qui \u00e9tait cens\u00e9e la faire voyager: \u00ab\u00a0la seule solution c&rsquo;est un vol \u00e0 300 euros mais il ne reste qu&rsquo;une seule place et on est deux. Et on n&rsquo;est pas s\u00fbr qu&rsquo;il d\u00e9colle. Pour l&rsquo;instant on va rentrer chez nous\u00a0\u00bb.\n<\/p>\n<p>\n L&rsquo;a\u00e9roport de Paris-Orly, situ\u00e9 \u00e0 10 kilom\u00e8tres au sud de la capitale fran\u00e7aise, a vu passer plus de 33 millions de passagers en 2024, soit la moiti\u00e9 de la fr\u00e9quentation de Paris-Charles-de-Gaulle, selon les chiffres publi\u00e9s par A\u00e9roport de Paris (ADP).<\/p>\n","protected":false},"excerpt":{"rendered":"Des panneaux d&rsquo;information sur les vols au d\u00e9part lors d&rsquo;une panne des syst\u00e8mes de contr\u00f4le a\u00e9rien \u00e0 l&rsquo;a\u00e9roport&hellip;\n","protected":false},"author":2,"featured_media":109966,"comment_status":"","ping_status":"","sticky":false,"template":"","format":"standard","meta":{"footnotes":""},"categories":[1888],"tags":[400,11,398,408,405,1777,674,1011,27,403,402,399,404,12,626,25,401,406,407],"class_list":{"0":"post-109965","1":"post","2":"type-post","3":"status-publish","4":"format-standard","5":"has-post-thumbnail","7":"category-paris","8":"tag-action-cac-40","9":"tag-actualites","10":"tag-bourse-de-paris","11":"tag-boursorama","12":"tag-cotations","13":"tag-eu","14":"tag-europe","15":"tag-fr","16":"tag-france","17":"tag-indices-devises","18":"tag-investir","19":"tag-investissement","20":"tag-marche-boursier","21":"tag-news","22":"tag-paris","23":"tag-republique-francaise","24":"tag-sicav","25":"tag-trackers","26":"tag-warrants"},"share_on_mastodon":{"url":"https:\/\/pubeurope.com\/@fr\/114530345553302011","error":""},"_links":{"self":[{"href":"https:\/\/www.europesays.com\/fr\/wp-json\/wp\/v2\/posts\/109965","targetHints":{"allow":["GET"]}}],"collection":[{"href":"https:\/\/www.europesays.com\/fr\/wp-json\/wp\/v2\/posts"}],"about":[{"href":"https:\/\/www.europesays.com\/fr\/wp-json\/wp\/v2\/types\/post"}],"author":[{"embeddable":true,"href":"https:\/\/www.europesays.com\/fr\/wp-json\/wp\/v2\/users\/2"}],"replies":[{"embeddable":true,"href":"https:\/\/www.europesays.com\/fr\/wp-json\/wp\/v2\/comments?post=109965"}],"version-history":[{"count":0,"href":"https:\/\/www.europesays.com\/fr\/wp-json\/wp\/v2\/posts\/109965\/revisions"}],"wp:featuredmedia":[{"embeddable":true,"href":"https:\/\/www.europesays.com\/fr\/wp-json\/wp\/v2\/media\/109966"}],"wp:attachment":[{"href":"https:\/\/www.europesays.com\/fr\/wp-json\/wp\/v2\/media?parent=109965"}],"wp:term":[{"taxonomy":"category","embeddable":true,"href":"https:\/\/www.europesays.com\/fr\/wp-json\/wp\/v2\/categories?post=109965"},{"taxonomy":"post_tag","embeddable":true,"href":"https:\/\/www.europesays.com\/fr\/wp-json\/wp\/v2\/tags?post=109965"}],"curies":[{"name":"wp","href":"https:\/\/api.w.org\/{rel}","templated":true}]}}