{"id":109970,"date":"2025-05-18T18:54:08","date_gmt":"2025-05-18T18:54:08","guid":{"rendered":"https:\/\/www.europesays.com\/fr\/109970\/"},"modified":"2025-05-18T18:54:08","modified_gmt":"2025-05-18T18:54:08","slug":"trump-est-fascine-par-la-force-mais-la-democratie-americaine-sen-sortira","status":"publish","type":"post","link":"https:\/\/www.europesays.com\/fr\/109970\/","title":{"rendered":"\u00abTrump est fascin\u00e9 par la force, mais la d\u00e9mocratie am\u00e9ricaine s\u2019en sortira\u00bb"},"content":{"rendered":"<p><strong>EXCLUSIF &#8211;<\/strong> Pour l\u2019ancien chef de la diplomatie am\u00e9ricaine, le go\u00fbt du 47e\u00a0pr\u00e9sident pour les pouvoirs forts renvoie les \u00c9tats-Unis aux sch\u00e9mas du XIXe\u00a0si\u00e8cle.<\/p>\n<p class=\"fig-paragraph\">Antony Blinken a \u00e9t\u00e9 le secr\u00e9taire d\u2019\u00c9tat de Joe Biden de 2021 \u00e0 2025, apr\u00e8s avoir servi sous les Administrations Clinton et Obama. De passage \u00e0 Paris, il a accord\u00e9 un entretien exclusif au Figaro.<\/p>\n<p class=\"fig-paragraph\"><strong>LE FIGARO. &#8211; Vous attendiez-vous \u00e0\u00a0<\/strong><a href=\"http:\/\/www.lefigaro.fr\/vox\/monde\/l-editorial-de-philippe-gelie-le-sherif-trump-et-les-lecheurs-20250410\" target=\"_blank\" data-fig-type=\"Article\" rel=\"noopener nofollow\" data-gtm-custom-categorie=\"navigation\" data-gtm-custom-action=\"crossclick\" data-gtm-custom-label=\"Contextuel\" data-gtm-event=\"customEventSPE\" data-fig-domain=\"LEFIGARO\"><strong>l\u2019ampleur des bouleversements<\/strong><\/a> <strong>\u00a0observ\u00e9s depuis l\u2019arriv\u00e9e au pouvoir de Donald Trump\u00a0?<\/strong><\/p>\n<p class=\"fig-paragraph\"><strong>Antony BLINKEN.<\/strong> <strong>&#8211;<\/strong> Nous assistons \u00e0 la remise en cause de principes fondateurs qui ont anim\u00e9 la politique \u00e9trang\u00e8re des \u00c9tats-Unis, et la politique am\u00e9ricaine en g\u00e9n\u00e9ral, depuis quasiment la Seconde Guerre mondiale. Pour ceux qui, comme moi, ont exerc\u00e9 des responsabilit\u00e9s dans ce syst\u00e8me, c\u2019est un choc, oui, mais c\u2019\u00e9tait aussi attendu apr\u00e8s l\u2019exp\u00e9rience du premier mandat. Si celui-ci est un peu diff\u00e9rent, il y a quand m\u00eame des id\u00e9es centrales qui sont l\u00e0 depuis 2017.<\/p>\n<p class=\"fig-paragraph\"><strong>Trump 2 parvient-il \u00e0 vous surprendre\u00a0?<\/strong><\/p>\n<p class=\"fig-paragraph\">Oui et non. Sur le plan int\u00e9rieur, il y a une politique tr\u00e8s muscl\u00e9e contre les institutions et tout ce qui pourrait nuire au pouvoir ex\u00e9cutif. C\u2019est surprenant \u2013 non\u2026<\/p>\n<p class=\"fig-premium-paywall__infos\">\n        Cet article est r\u00e9serv\u00e9 aux abonn\u00e9s.        Il vous reste 92% \u00e0 d\u00e9couvrir.\n    <\/p>\n<p>                <img  data- alt=\"Le Figaro\" class=\"fig-img--complete fig-img\"\/><\/p>\n<p class=\"fig-premium-paywall__title\">Vente Flash<\/p>\n<p class=\"fig-premium-paywall__subtitle\">4,99\u20ac par mois pendant 12 mois. Sans engagement.<\/p>\n<p class=\"fig-premium-paywall__connect\">\n                D\u00e9j\u00e0 abonn\u00e9\u00a0?                <a class=\"fig-premium-paywall__connect-link\" href=\"https:\/\/connect.lefigaro.fr\/login?client=horizon_web&amp;type=main&amp;redirect_uri=https%3A%2F%2Fwww.lefigaro.fr%2Finternational%2Fantony-blinken-au-figaro-trump-est-fascine-par-la-force-mais-la-democratie-americaine-s-en-sortira-20250518\" data-js-gtm=\"{&quot;customCategorie&quot;: &quot;conversion&quot;, &quot;customAction&quot;: &quot;before_Landing_Connexion_paywall_auto&quot;, &quot;customLabel&quot;: &quot;bGVmaWdhcm8uZnJfXzFmMDMzYmRkLWZmYzktNjdmOC04NDY1LTBmM2M0ZjJjMzIyYl9fQXJ0aWNsZQ==_Antony Blinken au &lt;i&gt;Figaro\u00a0&lt;\/i&gt;: \u00abTrump est fascin\u00e9 par la force, mais la d\u00e9mocratie am\u00e9ricaine s\u2019en sortira\u00bb_164&quot;, &quot;customIDSPE&quot;: &quot;bGVmaWdhcm8uZnJfXzFmMDMzYmRkLWZmYzktNjdmOC04NDY1LTBmM2M0ZjJjMzIyYl9fQXJ0aWNsZQ==&quot;, &quot;event&quot;: &quot;customEventSPE&quot;}\" rel=\"nofollow noopener\" target=\"_blank\"><br \/>\n                    Connectez-vous<br \/>\n                <\/a>\n            <\/p>\n","protected":false},"excerpt":{"rendered":"EXCLUSIF &#8211; Pour l\u2019ancien chef de la diplomatie am\u00e9ricaine, le go\u00fbt du 47e\u00a0pr\u00e9sident pour les pouvoirs forts renvoie&hellip;\n","protected":false},"author":2,"featured_media":109971,"comment_status":"","ping_status":"","sticky":false,"template":"","format":"standard","meta":{"footnotes":""},"categories":[1589],"tags":[259,11,260,22822,75,73,1866,14,261,12,262,1864,1865,1863,308],"class_list":{"0":"post-109970","1":"post","2":"type-post","3":"status-publish","4":"format-standard","5":"has-post-thumbnail","7":"category-etats-unis","8":"tag-actualite-internationale","9":"tag-actualites","10":"tag-affaires-etrangeres","11":"tag-antony-blinken","12":"tag-donald-trump","13":"tag-etats-unis","14":"tag-etats-unis-damerique","15":"tag-international","16":"tag-ministere-des-affaires-etrangeres","17":"tag-news","18":"tag-politique-etrangere","19":"tag-united-states","20":"tag-united-states-of-america","21":"tag-us","22":"tag-usa"},"share_on_mastodon":{"url":"https:\/\/pubeurope.com\/@fr\/114530357284573666","error":""},"_links":{"self":[{"href":"https:\/\/www.europesays.com\/fr\/wp-json\/wp\/v2\/posts\/109970","targetHints":{"allow":["GET"]}}],"collection":[{"href":"https:\/\/www.europesays.com\/fr\/wp-json\/wp\/v2\/posts"}],"about":[{"href":"https:\/\/www.europesays.com\/fr\/wp-json\/wp\/v2\/types\/post"}],"author":[{"embeddable":true,"href":"https:\/\/www.europesays.com\/fr\/wp-json\/wp\/v2\/users\/2"}],"replies":[{"embeddable":true,"href":"https:\/\/www.europesays.com\/fr\/wp-json\/wp\/v2\/comments?post=109970"}],"version-history":[{"count":0,"href":"https:\/\/www.europesays.com\/fr\/wp-json\/wp\/v2\/posts\/109970\/revisions"}],"wp:featuredmedia":[{"embeddable":true,"href":"https:\/\/www.europesays.com\/fr\/wp-json\/wp\/v2\/media\/109971"}],"wp:attachment":[{"href":"https:\/\/www.europesays.com\/fr\/wp-json\/wp\/v2\/media?parent=109970"}],"wp:term":[{"taxonomy":"category","embeddable":true,"href":"https:\/\/www.europesays.com\/fr\/wp-json\/wp\/v2\/categories?post=109970"},{"taxonomy":"post_tag","embeddable":true,"href":"https:\/\/www.europesays.com\/fr\/wp-json\/wp\/v2\/tags?post=109970"}],"curies":[{"name":"wp","href":"https:\/\/api.w.org\/{rel}","templated":true}]}}