{"id":1099713,"date":"2026-07-31T18:48:17","date_gmt":"2026-07-31T18:48:17","guid":{"rendered":"https:\/\/www.europesays.com\/fr\/1099713\/"},"modified":"2026-07-31T18:48:17","modified_gmt":"2026-07-31T18:48:17","slug":"recits-industriels-et-synergies-interurbaines-hangzhou-et-paris-en-dialogue","status":"publish","type":"post","link":"https:\/\/www.europesays.com\/fr\/1099713\/","title":{"rendered":"R\u00e9cits industriels et synergies interurbaines : Hangzhou et Paris en dialogue"},"content":{"rendered":"\n<p class=\"text text-block paragraph text-left neo-font-paragraph-xl-reg  yf-18d6y07\" style=\"text-decoration: none; font-style: normal; text-transform: none; text-align: inherit; font-variant-numeric: normal;\">PARIS et HANGZHOU, Chine, 31 juillet 2026 \/PRNewswire\/ &#8212; Paris et\u00a0Hangzhou, bien que s\u00e9par\u00e9es par des milliers de miles, partagent depuis longtemps une affinit\u00e9 tacite. Cette affinit\u00e9 a pris un sens nouveau lors de l&rsquo;\u00e9v\u00e9nement de promotion de Hangzhou, qui a donn\u00e9 lieu \u00e0 un nouveau type de dialogue sur les rives de la Seine.  <\/p>\n<p class=\"text text-block paragraph text-left neo-font-paragraph-xl-reg  yf-18d6y07\" style=\"text-decoration: none; font-style: normal; text-transform: none; text-align: inherit; font-variant-numeric: normal;\">Organis\u00e9 conjointement par le Centre international de communication de Hangzhou (HZICC) et le Centre international de communication du district de Linping, cet \u00e9v\u00e9nement s&rsquo;est d\u00e9roul\u00e9 sous le th\u00e8me \u00ab Dialogue des civilisations : Du patrimoine culturel au r\u00e9cit industriel \u00bb et a pr\u00e9sent\u00e9 une ville de Hangzhou charg\u00e9e d&rsquo;histoire, mais tourn\u00e9e r\u00e9solument vers l&rsquo;avenir.  <\/p>\n<p>    <a href=\"https:\/\/s.yimg.com\/lo\/mysterio\/api\/96AEA0CD1F689128F787D9C41B6C6A6CE91A77B2447247B5DAFBE6B140EF56EF\/subgraphmysterio\/resizefit_w960;quality_80;format_webp\/https:%2F%2Fmedia.zenfs.com%2Ffr%2Fprnewswire.fr%2F75149ef6f5a1905cb07a127bf30623f8\" target=\"_blank\" rel=\"noopener noreferrer nofollow\"><img loading=\"lazy\" decoding=\"async\" src=\"data:image\/gif;base64,R0lGODlhAQABAIAAAAAAAP\/\/\/ywAAAAAAQABAAACAUwAOw==\" height=\"267\" width=\"400\" class=\"yf-j98iil loader\"\/><\/a>          <\/p>\n<p class=\"text text-block paragraph text-left neo-font-paragraph-xl-reg  yf-18d6y07\" style=\"text-decoration: none; font-style: normal; text-transform: none; text-align: inherit; font-variant-numeric: normal;\">Apr\u00e8s la tourn\u00e9e de dialogue m\u00e9diterran\u00e9enne intitul\u00e9e \u00ab Hangzhou, une fen\u00eatre sur les 5 000 ans de civilisation chinoise \u00bb, organis\u00e9e en 2025, le HZICC a r\u00e9orient\u00e9 ses efforts, passant de la mise en valeur des racines anciennes \u00e0 la cr\u00e9ation de liens industriels. \u00ab Hangzhou transforme ses atouts industriels, son dynamisme en mati\u00e8re d&rsquo;innovation et ses histoires urbaines en un r\u00e9cit mondial que l&rsquo;on peut ressentir, comprendre et partager \u00bb, a d\u00e9clar\u00e9 Ji Tao, directeur des op\u00e9rations du centre.  <\/p>\n<p class=\"text text-block paragraph text-left neo-font-paragraph-xl-reg  yf-18d6y07\" style=\"text-decoration: none; font-style: normal; text-transform: none; text-align: inherit; font-variant-numeric: normal;\">Ce sont les t\u00e9moignages d&rsquo;entreprises qui ont donn\u00e9 vie \u00e0 ce r\u00e9cit. Une table ronde consacr\u00e9e aux synergies industrielles et aux \u00e9changes culturels a permis d&rsquo;approfondir le d\u00e9bat.  <\/p>\n<p class=\"text text-block paragraph text-left neo-font-paragraph-xl-reg  yf-18d6y07\" style=\"text-decoration: none; font-style: normal; text-transform: none; text-align: inherit; font-variant-numeric: normal;\">Cainiao Global Supply Chain a d\u00e9voil\u00e9 les mesures prises pour r\u00e9duire le d\u00e9lai de livraison entre la Chine et la France \u00e0 trois jours, tandis qu&rsquo;AliExpress a soulign\u00e9 que le renforcement des capacit\u00e9s de localisation et les r\u00e9formes fiscales de l&rsquo;UE incitaient les marques haut de gamme \u00e0 cr\u00e9er des entrep\u00f4ts locaux.  <\/p>\n<p class=\"text text-block paragraph text-left neo-font-paragraph-xl-reg  yf-18d6y07\" style=\"text-decoration: none; font-style: normal; text-transform: none; text-align: inherit; font-variant-numeric: normal;\">E-Fashion Town a retrac\u00e9 une collaboration de dix ans avec l&rsquo;Institut Fran\u00e7ais de la Mode et des marques internationales. CFMOTO a expliqu\u00e9 comment les marques chinoises de sports motoris\u00e9s devancent leurs concurrents gr\u00e2ce \u00e0 la technologie et \u00e0 leur strat\u00e9gie de marque.  <\/p>\n<p class=\"text text-block paragraph text-left neo-font-paragraph-xl-reg  yf-18d6y07\" style=\"text-decoration: none; font-style: normal; text-transform: none; text-align: inherit; font-variant-numeric: normal;\">Charles-Emmanuel Dewees, fondateur de la plateforme d&rsquo;\u00e9changes culturels NICE, s&rsquo;est montr\u00e9 cat\u00e9gorique : \u00ab Les romans en ligne peuvent-ils devenir une langue commune ? Tout \u00e0 fait. Quand la langue n&rsquo;est pas un obstacle, ce qui touche le c\u0153ur, c&rsquo;est le langage universel. \u00bb  <\/p>\n<p class=\"text text-block paragraph text-left neo-font-paragraph-xl-reg  yf-18d6y07\" style=\"text-decoration: none; font-style: normal; text-transform: none; text-align: inherit; font-variant-numeric: normal;\">\u00c0 l&rsquo;ext\u00e9rieur du hall de conf\u00e9rence, un stand d\u00e9di\u00e9 \u00e0 Hangzhou pr\u00e9sentait des maquettes de construction \u00e0 tenons et mortaises, des services \u00e0 th\u00e9 en c\u00e9ladon, les mascottes de la ville ainsi que d&rsquo;autres produits culturels et cr\u00e9atifs. Hugo Nicoli, un visiteur fran\u00e7ais qui avait d\u00e9j\u00e0 d\u00e9gust\u00e9 du th\u00e9 au bord du lac de l&rsquo;Ouest, a d\u00e9clar\u00e9 que les miniatures en porcelaine et les maquettes architecturales lui avaient donn\u00e9 envie d&rsquo;y retourner avec sa famille.  <\/p>\n","protected":false},"excerpt":{"rendered":"PARIS et HANGZHOU, Chine, 31 juillet 2026 \/PRNewswire\/ &#8212; Paris et\u00a0Hangzhou, bien que s\u00e9par\u00e9es par des milliers de&hellip;\n","protected":false},"author":2,"featured_media":1099714,"comment_status":"","ping_status":"","sticky":false,"template":"","format":"standard","meta":{"footnotes":"","_share_on_mastodon":"0"},"categories":[1888],"tags":[1111,1928,11,1927,113206,113207,98263,1777,674,1011,27,113208,12,1926,626,1925,25,113209],"class_list":["post-1099713","post","type-post","status-publish","format-standard","has-post-thumbnail","category-paris","tag-actu","tag-actu-paris","tag-actualites","tag-actualites-paris","tag-centre-international-de-communication","tag-dialogue-des-civilisations","tag-directeur-des-operations","tag-eu","tag-europe","tag-fr","tag-france","tag-hangzhou","tag-news","tag-news-paris","tag-paris","tag-paris-news","tag-republique-francaise","tag-strategie-de-marque"],"share_on_mastodon":{"url":"https:\/\/pubeurope.com\/@fr\/117016088373396697","error":""},"_links":{"self":[{"href":"https:\/\/www.europesays.com\/fr\/wp-json\/wp\/v2\/posts\/1099713","targetHints":{"allow":["GET"]}}],"collection":[{"href":"https:\/\/www.europesays.com\/fr\/wp-json\/wp\/v2\/posts"}],"about":[{"href":"https:\/\/www.europesays.com\/fr\/wp-json\/wp\/v2\/types\/post"}],"author":[{"embeddable":true,"href":"https:\/\/www.europesays.com\/fr\/wp-json\/wp\/v2\/users\/2"}],"replies":[{"embeddable":true,"href":"https:\/\/www.europesays.com\/fr\/wp-json\/wp\/v2\/comments?post=1099713"}],"version-history":[{"count":0,"href":"https:\/\/www.europesays.com\/fr\/wp-json\/wp\/v2\/posts\/1099713\/revisions"}],"wp:featuredmedia":[{"embeddable":true,"href":"https:\/\/www.europesays.com\/fr\/wp-json\/wp\/v2\/media\/1099714"}],"wp:attachment":[{"href":"https:\/\/www.europesays.com\/fr\/wp-json\/wp\/v2\/media?parent=1099713"}],"wp:term":[{"taxonomy":"category","embeddable":true,"href":"https:\/\/www.europesays.com\/fr\/wp-json\/wp\/v2\/categories?post=1099713"},{"taxonomy":"post_tag","embeddable":true,"href":"https:\/\/www.europesays.com\/fr\/wp-json\/wp\/v2\/tags?post=1099713"}],"curies":[{"name":"wp","href":"https:\/\/api.w.org\/{rel}","templated":true}]}}