{"id":109978,"date":"2025-05-18T18:58:09","date_gmt":"2025-05-18T18:58:09","guid":{"rendered":"https:\/\/www.europesays.com\/fr\/109978\/"},"modified":"2025-05-18T18:58:09","modified_gmt":"2025-05-18T18:58:09","slug":"lue-condamne-les-dernieres-attaques-israeliennes-contre-gaza","status":"publish","type":"post","link":"https:\/\/www.europesays.com\/fr\/109978\/","title":{"rendered":"l&rsquo;UE condamne les derni\u00e8res attaques isra\u00e9liennes contre Gaza"},"content":{"rendered":"<p>AA \/ Istanbul \/ Fatma Zehra Solmaz<\/p>\n<p>La Commissaire europ\u00e9enne charg\u00e9e de l&rsquo;\u00e9galit\u00e9, de la pr\u00e9paration et de la gestion des crises a condamn\u00e9, dimanche, les derni\u00e8res attaques d&rsquo;Isra\u00ebl contre la Bande de Gaza, d\u00e9clarant qu&rsquo;elles ont fait des victimes civiles et cibl\u00e9 les h\u00f4pitaux et le personnel m\u00e9dical en violation du droit humanitaire international.<\/p>\n<p>Dans un message publi\u00e9 sur le r\u00e9seau social X, Hadja Lahbib a \u00e9crit : \u00ab La nouvelle offensive d&rsquo;Isra\u00ebl sur Gaza a tu\u00e9 de nombreux civils au cours du week-end et a pris pour cible des h\u00f4pitaux et du personnel m\u00e9dical, ce qui constitue une violation flagrante du droit humanitaire international \u00bb.<\/p>\n<p>\u00ab Cela doit cesser \u00bb, a ajout\u00e9 Hadja Lahbib.<\/p>\n<p>Selon la commissaire, la situation sera abord\u00e9e lors du 4\u00e8me Forum Humanitaire Europ\u00e9en, qui d\u00e9butera lundi et durera deux jours.<\/p>\n<p>L&rsquo;arm\u00e9e isra\u00e9lienne a repris ses vastes op\u00e9rations dans la Bande de Gaza le matin du 18 mars, faisant fi d&rsquo;un cessez-le-feu entr\u00e9 en vigueur le 19 janvier.<\/p>\n<p>Depuis la reprise des hostilit\u00e9s, au moins 3 193 Palestiniens &#8211; pour la plupart des femmes, des enfants et des personnes \u00e2g\u00e9es &#8211; ont \u00e9t\u00e9 tu\u00e9s et 8 993 autres bless\u00e9s, selon les autorit\u00e9s sanitaires locales.<\/p>\n<p>Depuis le d\u00e9but de la guerre g\u00e9nocidaire isra\u00e9lienne contre la Bande de Gaza, le 7 octobre 2023, le bilan des victimes palestiniennes a atteint 53 339 morts, tandis que 121 034 personnes ont \u00e9t\u00e9 bless\u00e9es.<\/p>\n<p>Isra\u00ebl a rejet\u00e9 de nouvelles propositions de cessez-le-feu et a d\u00e9cid\u00e9 d&rsquo;intensifier ses op\u00e9rations militaires dans l&rsquo;enclave palestinienne, pr\u00e9textant mener des op\u00e9rations contre le Hamas.<\/p>\n<p>Le mouvement de r\u00e9sistance palestinien a pour sa part accus\u00e9 Isra\u00ebl de ne pas respecter ses engagements relatifs au cessez-le-feu et de reprendre ce qu&rsquo;il d\u00e9crit comme une v\u00e9ritable guerre g\u00e9nocidaire qui se d\u00e9roule au vu et au su des m\u00e9diateurs internationaux.<\/p>\n<p>*Traduit de l\u2019Anglais par Mourad Belhaj<\/p>\n<p>                            &#13;<br \/>\n                                <a href=\"https:\/\/www.aa.com.tr\/fr\/p\/abonnement\/1001\" target=\"_blank\" style=\"font-size:12px; color:#444; text-decoration:none;\" rel=\"noopener\">&#13;<br \/>\n                                    Seulement une partie des d\u00e9p\u00eaches, que l&rsquo;Agence Anadolu diffuse \u00e0 ses abonn\u00e9s via le Syst\u00e8me de Diffusion interne (HAS), est diffus\u00e9e sur le site de l&rsquo;AA, de mani\u00e8re r\u00e9sum\u00e9e. <b style=\"color:#1897F7\">Contactez-nous s&rsquo;il vous pla\u00eet pour vous abonner.<\/b>&#13;<br \/>\n                                <\/a>&#13;<\/p>\n","protected":false},"excerpt":{"rendered":"AA \/ Istanbul \/ Fatma Zehra Solmaz La Commissaire europ\u00e9enne charg\u00e9e de l&rsquo;\u00e9galit\u00e9, de la pr\u00e9paration et de&hellip;\n","protected":false},"author":2,"featured_media":109979,"comment_status":"","ping_status":"","sticky":false,"template":"","format":"standard","meta":{"footnotes":""},"categories":[1586],"tags":[22824,11,1785,4628,1777,674,1779,1011,27,16422,22825,3519,3819,12,25,1778,22826,364],"class_list":{"0":"post-109978","1":"post","2":"type-post","3":"status-publish","4":"format-standard","5":"has-post-thumbnail","7":"category-europe","8":"tag-4me-forum-humanitaire-europen","9":"tag-actualites","10":"tag-anadolu-ajansi","11":"tag-bande-de-gaza","12":"tag-eu","13":"tag-europe","14":"tag-european-union","15":"tag-fr","16":"tag-france","17":"tag-guerre-gnocidaire-isralienne","18":"tag-hadja-lahbib","19":"tag-hamas","20":"tag-isral","21":"tag-news","22":"tag-republique-francaise","23":"tag-ue","24":"tag-union-europenne-ue","25":"tag-union-europeenne"},"share_on_mastodon":{"url":"https:\/\/pubeurope.com\/@fr\/114530373189499223","error":""},"_links":{"self":[{"href":"https:\/\/www.europesays.com\/fr\/wp-json\/wp\/v2\/posts\/109978","targetHints":{"allow":["GET"]}}],"collection":[{"href":"https:\/\/www.europesays.com\/fr\/wp-json\/wp\/v2\/posts"}],"about":[{"href":"https:\/\/www.europesays.com\/fr\/wp-json\/wp\/v2\/types\/post"}],"author":[{"embeddable":true,"href":"https:\/\/www.europesays.com\/fr\/wp-json\/wp\/v2\/users\/2"}],"replies":[{"embeddable":true,"href":"https:\/\/www.europesays.com\/fr\/wp-json\/wp\/v2\/comments?post=109978"}],"version-history":[{"count":0,"href":"https:\/\/www.europesays.com\/fr\/wp-json\/wp\/v2\/posts\/109978\/revisions"}],"wp:featuredmedia":[{"embeddable":true,"href":"https:\/\/www.europesays.com\/fr\/wp-json\/wp\/v2\/media\/109979"}],"wp:attachment":[{"href":"https:\/\/www.europesays.com\/fr\/wp-json\/wp\/v2\/media?parent=109978"}],"wp:term":[{"taxonomy":"category","embeddable":true,"href":"https:\/\/www.europesays.com\/fr\/wp-json\/wp\/v2\/categories?post=109978"},{"taxonomy":"post_tag","embeddable":true,"href":"https:\/\/www.europesays.com\/fr\/wp-json\/wp\/v2\/tags?post=109978"}],"curies":[{"name":"wp","href":"https:\/\/api.w.org\/{rel}","templated":true}]}}