{"id":109996,"date":"2025-05-18T19:09:08","date_gmt":"2025-05-18T19:09:08","guid":{"rendered":"https:\/\/www.europesays.com\/fr\/109996\/"},"modified":"2025-05-18T19:09:08","modified_gmt":"2025-05-18T19:09:08","slug":"cyclisme-tour-de-cologne-matthew-brennan-avec-lequipe-de-developpement","status":"publish","type":"post","link":"https:\/\/www.europesays.com\/fr\/109996\/","title":{"rendered":"Cyclisme. Tour de Cologne &#8211; Matthew Brennan : \u00abAvec l&rsquo;\u00e9quipe de d\u00e9veloppement&#8230;\u00bb"},"content":{"rendered":"<p><strong>Matthew Brennan<\/strong> a remport\u00e9 ce dimanche la 107e \u00e9dition de <strong><a href=\"https:\/\/www.cyclismactu.net\/..\/news-cyclisme-route-tour-de-cologne-matthew-brennan-s-impose-cologne-devant-biniam-girmay-87921.html\" target=\"_blank\" rel=\"noopener\">Rund um Koln<\/a><\/strong>. Dans les rues de la ville allemande, le Britannique de 19 ans, membre de la formation <strong>Team Visma | Lease a Bike<\/strong>, a parfaitement sprint\u00e9 pour dominer Biniam Girmay, multiples vainqueur d&rsquo;\u00e9tape sur le <strong>Tour de France 2024<\/strong>. Il s&rsquo;agit d\u00e9j\u00e0 de sa septi\u00e8me victoire de la saison, et s\u00fbrement la plus belle sur un sprint massif.<\/p>\n<p>Vid\u00e9o &#8211; Revivez la victoire de Matthew Brennan devant Girmay ! Lire la suite de l&rsquo;article&#13;<\/p>\n<p>\u00a0<\/p>\n<p>&#13;<br \/>\n\u00ab\u00a0Heureux d&rsquo;avoir pu conclure\u00a0\u00bb&#13;<\/p>\n<p>\u00ab\u00a0C\u2019est une v\u00e9ritable victoire d\u2019\u00e9quipe\u00a0\u00bb,\u00a0a r\u00e9agi <strong>Matthew Brennan<\/strong> apr\u00e8s l\u2019arriv\u00e9e. \u00ab\u00a0Nous \u00e9tions au d\u00e9part avec une \u00e9quipe de d\u00e9veloppement, mais quand on voit la mani\u00e8re dont les gars ont couru aujourd\u2019hui, on aurait pu croire que c\u2019\u00e9tait l\u2019\u00e9quipe WorldTour. Tout le monde a donn\u00e9 110 % et voulait vraiment se montrer. Les compliments reviennent \u00e0 toute l\u2019\u00e9quipe. Je suis heureux d\u2019avoir pu conclure.\u00a0\u00bb<\/p>\n<p>&#13;<\/p>\n<p>\u00ab\u00a0C\u2019est super sp\u00e9cial de remporter cette course avec l\u2019\u00e9quipe D\u00e9veloppement\u00a0\u00bb, a d\u00e9clar\u00e9 le directeur sportif <strong>Robert Wagner<\/strong>. \u00ab\u00a0Tous les gars \u00e9taient tr\u00e8s impatients de courir avec Matthew (qui est pass\u00e9 cette saison de l\u2019\u00e9quipe D\u00e9veloppement \u00e0 l\u2019\u00e9quipe WorldTour). Ils \u00e9taient tous extr\u00eamement motiv\u00e9s et investis pour lui. C\u2019\u00e9tait g\u00e9nial \u00e0 voir.\u00a0\u00bb<\/p>\n<p>Tour de Cologne &#8211; Classement g\u00e9n\u00e9ral<\/p>\n","protected":false},"excerpt":{"rendered":"Matthew Brennan a remport\u00e9 ce dimanche la 107e \u00e9dition de Rund um Koln. Dans les rues de la&hellip;\n","protected":false},"author":2,"featured_media":109997,"comment_status":"","ping_status":"","sticky":false,"template":"","format":"standard","meta":{"footnotes":""},"categories":[1411],"tags":[1154,207,211,1011,27,209,60,22293,210,212,208,213],"class_list":{"0":"post-109996","1":"post","2":"type-post","3":"status-publish","4":"format-standard","5":"has-post-thumbnail","7":"category-cyclisme","8":"tag-cycling","9":"tag-cyclisme","10":"tag-ffc","11":"tag-fr","12":"tag-france","13":"tag-route","14":"tag-sports","15":"tag-tour-de-cologne","16":"tag-tour-de-france","17":"tag-uci","18":"tag-velo","19":"tag-world-tour"},"share_on_mastodon":{"url":"https:\/\/pubeurope.com\/@fr\/114530416283791122","error":""},"_links":{"self":[{"href":"https:\/\/www.europesays.com\/fr\/wp-json\/wp\/v2\/posts\/109996","targetHints":{"allow":["GET"]}}],"collection":[{"href":"https:\/\/www.europesays.com\/fr\/wp-json\/wp\/v2\/posts"}],"about":[{"href":"https:\/\/www.europesays.com\/fr\/wp-json\/wp\/v2\/types\/post"}],"author":[{"embeddable":true,"href":"https:\/\/www.europesays.com\/fr\/wp-json\/wp\/v2\/users\/2"}],"replies":[{"embeddable":true,"href":"https:\/\/www.europesays.com\/fr\/wp-json\/wp\/v2\/comments?post=109996"}],"version-history":[{"count":0,"href":"https:\/\/www.europesays.com\/fr\/wp-json\/wp\/v2\/posts\/109996\/revisions"}],"wp:featuredmedia":[{"embeddable":true,"href":"https:\/\/www.europesays.com\/fr\/wp-json\/wp\/v2\/media\/109997"}],"wp:attachment":[{"href":"https:\/\/www.europesays.com\/fr\/wp-json\/wp\/v2\/media?parent=109996"}],"wp:term":[{"taxonomy":"category","embeddable":true,"href":"https:\/\/www.europesays.com\/fr\/wp-json\/wp\/v2\/categories?post=109996"},{"taxonomy":"post_tag","embeddable":true,"href":"https:\/\/www.europesays.com\/fr\/wp-json\/wp\/v2\/tags?post=109996"}],"curies":[{"name":"wp","href":"https:\/\/api.w.org\/{rel}","templated":true}]}}