{"id":110023,"date":"2025-05-18T19:24:09","date_gmt":"2025-05-18T19:24:09","guid":{"rendered":"https:\/\/www.europesays.com\/fr\/110023\/"},"modified":"2025-05-18T19:24:09","modified_gmt":"2025-05-18T19:24:09","slug":"les-taxis-en-colere-se-mobilisent-partout-en-france-ce-lundi","status":"publish","type":"post","link":"https:\/\/www.europesays.com\/fr\/110023\/","title":{"rendered":"les taxis en col\u00e8re se mobilisent partout en France ce lundi"},"content":{"rendered":"<p>            Par<br \/>\n        <strong><br \/>\n            <a href=\"https:\/\/actu.fr\/auteur\/alexandra-segond\" title=\"Consulter tous les articles de Alexandra Segond\" target=\"_blank\" rel=\"noopener\">Alexandra Segond<\/a><br \/>\n        <\/strong><\/p>\n<p>        Publi\u00e9 le<\/p>\n<p>            18 mai 2025 \u00e0 19h02        <\/p>\n<p>La mobilisation nationale avait \u00e9t\u00e9 annonc\u00e9e il y a plusieurs jours <a href=\"https:\/\/www.facebook.com\/permalink.php?story_fbid=pfbid02aVRn5ehw9whTSFCAXvVaTnqFAivuGPUiidsigatFqyhqXsrTfqQDMTPcRASH64Ndl&amp;id=61555625038663\" target=\"_blank\" rel=\"noopener\">par la F\u00e9d\u00e9ration nationale des artisans du taxi<\/a> (Fnat), sur les r\u00e9seaux sociaux\u2009: ce lundi 19\u00a0mai 2025, <strong>les chauffeurs de taxi vont manifester un peu partout en France<\/strong>, entra\u00eenant blocages et perturbations de circulation.<\/p>\n<p>    <a href=\"https:\/\/www.facebook.com\/plugins\/post.php?href=https%3A%2F%2Fwww.facebook.com%2Fpermalink.php%3Fstory_fbid%3Dpfbid02aVRn5ehw9whTSFCAXvVaTnqFAivuGPUiidsigatFqyhqXsrTfqQDMTPcRASH64Ndl%26id%3D61555625038663&amp;show_text=true&amp;width=350\" title=\"Ouvrie le lien\" target=\"_blank\" rel=\"noopener\">Cliquez ici pour visualiser le contenu<\/a><\/p>\n<p class=\" wall-content\">La cause de cette <a href=\"https:\/\/actu.fr\/tag\/greve\" target=\"_blank\" rel=\"noopener\">gr\u00e8ve<\/a>\u2009? \u00ab\u2009D\u00e9fendre les int\u00e9r\u00eats collectifs de la profession face aux \u00e9volutions en cours\u2009\u00bb, d\u00e9taille <a href=\"https:\/\/www.fnataxi.fr\/\" target=\"_blank\" rel=\"noopener\">la Fnat<\/a> dans son communiqu\u00e9. Une r\u00e9action directe au projet de nouvelle tarification qui va s\u2019appliquer aux transports de malade en taxis conventionn\u00e9s, port\u00e9 par l\u2019Assurance maladie.<\/p>\n<p>Que change cette nouvelle tarification\u2009?<\/p>\n<p class=\" wall-content\">Jeudi 15\u00a0mai 2025, l\u2019Assurance maladie a pr\u00e9sent\u00e9 son projet de nouvelle tarification pour les transports <a href=\"https:\/\/actu.fr\/tag\/sante\" target=\"_blank\" rel=\"noopener\">sanitaires<\/a> effectu\u00e9s en taxis conventionn\u00e9.<\/p>\n<p class=\" wall-content\">Concr\u00e8tement, avec cette nouvelle tarification, les taxis seront r\u00e9mun\u00e9r\u00e9s sur <strong>la base d\u2019un forfait de prise en charge de 13\u00a0euros<\/strong> (avec une majoration pour les d\u00e9parts et arriv\u00e9es dans les grandes agglom\u00e9rations) et d\u2019une tarification kilom\u00e9trique align\u00e9e sur le tarif fix\u00e9 dans chaque d\u00e9partement.<\/p>\n<p>Vid\u00e9os : en ce moment sur Actu<\/p>\n<p class=\" wall-content\">Des<strong> \u00ab\u2009suppl\u00e9ments cibl\u00e9s\u2009\u00bb<\/strong> seront possibles, par exemple pour le transport de personnes \u00e0 mobilit\u00e9 r\u00e9duite.<\/p>\n<p class=\" wall-content\">Le sujet inqui\u00e8te largement la profession, qui a <a href=\"https:\/\/actu.fr\/tag\/manifestations\" target=\"_blank\" rel=\"noopener\">manifest\u00e9<\/a> \u00e0 plusieurs reprises ces derniers mois. \u00ab\u2009Jusqu\u2019\u00e0 pr\u00e9sent, on \u00e9tait pay\u00e9 1,67\u00a0euro du kilom\u00e8tre. On vient d\u2019apprendre qu\u2019au 1er\u00a0octobre 2025, \u00e7a descendrait \u00e0<strong> 1,10\u00a0euro\u2009\u00bb<\/strong>, illustre Elise Dufrenne, la pr\u00e9sidente du syndicat des artisans taxis de la Haute-Garonne, <a href=\"https:\/\/actu.fr\/occitanie\/toulouse_31555\/operation-escargot-a-toulouse-lundi-grosses-perturbations-en-vue-sur-les-routes-et-le-peripherique_62652247.html\" target=\"_blank\" rel=\"noopener\">interrog\u00e9e par notre r\u00e9daction actu Toulouse<\/a>.<\/p>\n<p class=\" wall-content\">La Caisse nationale d\u2019assurance maladie (Cnam), elle, n\u2019en d\u00e9mord pas\u2009: \u00ab<strong>\u2009il faut adapter le mod\u00e8le pour le rendre soutenable dans la dur\u00e9e\u2009\u00bb<\/strong>, pour reprendre les mots de Thomas Fat\u00f4me, son directeur g\u00e9n\u00e9ral.<\/p>\n<p>Op\u00e9rations escargots, tractage et barrages filtrants<\/p>\n<p class=\" wall-content\">Aussi, des mobilisations sont pr\u00e9vues partout en France ce lundi. Dans les <strong>C\u00f4tes-d\u2019Armor<\/strong>, les taxis se rassembleront \u00e0 Lanion d\u00e8s 7\u2009h\u200930 lundi, avant de partir en convoi jusqu\u2019\u00e0 Saint-Brieuc, indique le Syndicat ind\u00e9pendant des artisans taxi des C\u00f4tes-d\u2019Armor <a style=\"font-size: 1.8rem;\" href=\"https:\/\/actu.fr\/bretagne\/lannion_22113\/cotes-darmor-attention-les-chauffeurs-de-taxi-vont-manifester-ce-lundi-au-depart-de-lannion_62646954.html\" target=\"_blank\" rel=\"noopener\">aupr\u00e8s de note r\u00e9daction locale <\/a><a href=\"https:\/\/actu.fr\/bretagne\/lannion_22113\/cotes-darmor-attention-les-chauffeurs-de-taxi-vont-manifester-ce-lundi-au-depart-de-lannion_62646954.html\" target=\"_blank\" rel=\"noopener\">Le Tr\u00e9gor<\/a>. Une op\u00e9ration tractage de 45\u00a0minutes est pr\u00e9vue d\u00e8s 8\u2009h \u00e0 Guingamp.<\/p>\n<p class=\" wall-content\">\u00c0 l\u2019autre bout de la France, les chauffeurs de taxi des <strong>Pyr\u00e9n\u00e9es-Orientales<\/strong> sont \u00e9galement en gr\u00e8ve, promettant m\u00eame une mobilisation \u00ab\u2009historique\u2009\u00bb, <a href=\"https:\/\/actu.fr\/occitanie\/perpignan_66136\/manifestation-des-taxis-et-gros-bouchons-voici-les-routes-a-eviter-absolument-a-perpignan_62651889.html\" target=\"_blank\" rel=\"noopener\">rapportent nos journalistes d\u2019actu Perpignan<\/a>.<\/p>\n<p class=\" wall-content\">Des op\u00e9rations escargot seront men\u00e9es d\u00e8s le d\u00e9but de matin\u00e9e et tout au long de la journ\u00e9e sur les routes de Perpignan. Des perturbations telles que la pr\u00e9fecture invite les automobilistes \u00e0 \u00ab\u2009limiter\/reporter leurs d\u00e9placements entre 7\u2009h\u200900 et 17\u2009h\u200900 dans la mesure du possible\u2009\u00bb.<\/p>\n<p>    <img   decoding=\"async\" loading=\"lazy\" src=\"https:\/\/www.europesays.com\/fr\/wp-content\/uploads\/2025\/05\/tempimagenkbbqv-960x640.jpg\" alt=\"Les chauffeurs taxi promettent une mobilisation \" width=\"960\" height=\"640\"\/><br \/>\n    Les chauffeurs taxi promettent une mobilisation \u00ab\u2009historique\u2009\u00bb, ce lundi 19\u00a0mai \u00e0 Perpignan. (\u00a9Illustration\/Emilien Vicens\/Actu Perpignan)<\/p>\n<p class=\" wall-content\">M\u00eame son de cloche \u00e0 <strong>Toulouse<\/strong> (Haute-Garonne). Les taxis en col\u00e8re entendent se mobiliser lundi, avec dans leur sillage d\u2019importants embouteillages d\u00e8s le d\u00e9but de la matin\u00e9e, <a href=\"https:\/\/actu.fr\/occitanie\/toulouse_31555\/operation-escargot-a-toulouse-lundi-grosses-perturbations-en-vue-sur-les-routes-et-le-peripherique_62652247.html\" target=\"_blank\" rel=\"noopener\">pr\u00e9vient actu Toulouse<\/a>.<\/p>\n<p class=\" wall-content\">\u00c0 <strong>Caen<\/strong> (Calvados), une op\u00e9ration escargot est annonc\u00e9e entre Soulangy et le CHU. Des barrages filtrants seront mis en place pour \u00ab\u2009expliquer aux usagers les raisons de leur mobilisation\u2009\u00bb, justifie la Fnat de l\u2019Orne <a href=\"https:\/\/actu.fr\/normandie\/caen_14118\/operation-escargot-des-taxis-entre-falaise-et-caen-ca-va-bloquer-vers-le-chu_62652153.html\" target=\"_blank\" rel=\"noopener\">aupr\u00e8s de notre r\u00e9daction locale Libert\u00e9 Le Bonhomme Libre<\/a>.<\/p>\n<p>Pour v\u00e9rifier si votre d\u00e9partement est concern\u00e9 par une telle mobilisation, vous pouvez consulter le site ou les r\u00e9seaux sociaux de la pr\u00e9fecture dont vous d\u00e9pendez.<\/p>\n<p class=\" wall-content\">Suivez toute l\u2019actualit\u00e9 de vos villes et m\u00e9dias favoris en vous inscrivant \u00e0 <a href=\"https:\/\/moncompte.actu.fr\" title=\"D\u00e9couvez Mon Actu\" rel=\"nofollow noopener\" data-trk=\"{&quot;cta&quot;:{&quot;action&quot;:&quot;https:\\\/\\\/moncompte.actu.fr&quot;,&quot;category&quot;:&quot;mon compte&quot;,&quot;from&quot;:&quot;article footer&quot;,&quot;name&quot;:&quot;Mon actu&quot;,&quot;type&quot;:&quot;cta&quot;}}\" target=\"_blank\">Mon Actu<\/a>.<\/p>\n","protected":false},"excerpt":{"rendered":"Par Alexandra Segond Publi\u00e9 le 18 mai 2025 \u00e0 19h02 La mobilisation nationale avait \u00e9t\u00e9 annonc\u00e9e il y&hellip;\n","protected":false},"author":2,"featured_media":109226,"comment_status":"","ping_status":"","sticky":false,"template":"","format":"standard","meta":{"footnotes":""},"categories":[2],"tags":[11,1011,27,6151,1272,12,731,104],"class_list":{"0":"post-110023","1":"post","2":"type-post","3":"status-publish","4":"format-standard","5":"has-post-thumbnail","7":"category-actualites","8":"tag-actualites","9":"tag-fr","10":"tag-france","11":"tag-greve","12":"tag-manifestations","13":"tag-news","14":"tag-securite-sociale","15":"tag-societe"},"share_on_mastodon":{"url":"https:\/\/pubeurope.com\/@fr\/114530475326480227","error":""},"_links":{"self":[{"href":"https:\/\/www.europesays.com\/fr\/wp-json\/wp\/v2\/posts\/110023","targetHints":{"allow":["GET"]}}],"collection":[{"href":"https:\/\/www.europesays.com\/fr\/wp-json\/wp\/v2\/posts"}],"about":[{"href":"https:\/\/www.europesays.com\/fr\/wp-json\/wp\/v2\/types\/post"}],"author":[{"embeddable":true,"href":"https:\/\/www.europesays.com\/fr\/wp-json\/wp\/v2\/users\/2"}],"replies":[{"embeddable":true,"href":"https:\/\/www.europesays.com\/fr\/wp-json\/wp\/v2\/comments?post=110023"}],"version-history":[{"count":0,"href":"https:\/\/www.europesays.com\/fr\/wp-json\/wp\/v2\/posts\/110023\/revisions"}],"wp:featuredmedia":[{"embeddable":true,"href":"https:\/\/www.europesays.com\/fr\/wp-json\/wp\/v2\/media\/109226"}],"wp:attachment":[{"href":"https:\/\/www.europesays.com\/fr\/wp-json\/wp\/v2\/media?parent=110023"}],"wp:term":[{"taxonomy":"category","embeddable":true,"href":"https:\/\/www.europesays.com\/fr\/wp-json\/wp\/v2\/categories?post=110023"},{"taxonomy":"post_tag","embeddable":true,"href":"https:\/\/www.europesays.com\/fr\/wp-json\/wp\/v2\/tags?post=110023"}],"curies":[{"name":"wp","href":"https:\/\/api.w.org\/{rel}","templated":true}]}}