{"id":110028,"date":"2025-05-18T19:27:10","date_gmt":"2025-05-18T19:27:10","guid":{"rendered":"https:\/\/www.europesays.com\/fr\/110028\/"},"modified":"2025-05-18T19:27:10","modified_gmt":"2025-05-18T19:27:10","slug":"nancy-le-roi-stanislas-retrouve-son-cadre-dore-et-sa-place-a-lacademie-2","status":"publish","type":"post","link":"https:\/\/www.europesays.com\/fr\/110028\/","title":{"rendered":"Nancy. Le roi Stanislas retrouve son cadre dor\u00e9\u2026 et sa place \u00e0 l\u2019Acad\u00e9mie"},"content":{"rendered":"<p class=\"insetTitle\">Les murs de l\u2019Acad\u00e9mie s\u2019ornent \u00e0 nouveau de leurs chefs-d\u2019\u0153uvre<\/p>\n<p>Nich\u00e9e au c\u0153ur de la biblioth\u00e8que de Nancy, l\u2019Acad\u00e9mie de Stanislas travaille depuis toujours sous l\u2019\u0153il de son fondateur. <a href=\"https:\/\/www.estrepublicain.fr\/culture-loisirs\/2025\/01\/29\/a-nancy-le-roi-stanislas-se-refait-une-beaute\" target=\"_blank\" rel=\"noopener\">Le portrait de Stanislas, offert \u00e0 la soci\u00e9t\u00e9 savante en fin d\u2019ann\u00e9e derni\u00e8re<\/a> , une fois restaur\u00e9, est venu \u00ab\u00a0s\u2019ajouter aux tableaux dont l\u2019Acad\u00e9mie disposait d\u00e9j\u00e0\u00a0\u00bb, pr\u00e9cise le pr\u00e9sident Jean El Gammal. Des tableaux qui ornent les murs de la salle qui elle aussi a \u00e9t\u00e9 remise en \u00e9tat. L\u2019occasion d\u2019une petite c\u00e9r\u00e9monie pour \u00e9voquer d\u2019abord l\u2019histoire de cette donation. C\u2019est \u00c9rick Germain, le pr\u00e9c\u00e9dent pr\u00e9sident, qui narre une aventure \u00ab\u00a0de presque un an\u00a0\u00bb et l\u2019appel de Catherine Perrin qui souhaitait donner ce portrait \u00ab\u00a0\u00e0 une institution qui avait un lien avec Stanislas\u00a0\u00bb. Une toile qui provient d\u2019une \u00ab\u00a0succession familiale\u00a0\u00bb, celle de Georges Arth, professeur de chimie, membre titulaire de l\u2019Acad\u00e9mie de Stanislas en 1908.<\/p>\n<p>Galerie de portraits<\/p>\n<p>Le tableau et le cadre n\u2019\u00e9taient pas en tr\u00e8s bon \u00e9tat et ont d\u00fb \u00eatre restaur\u00e9s gr\u00e2ce \u00ab\u00a0\u00e0 de g\u00e9n\u00e9reux donateurs.\u00a0\u00bb En effet, l\u2019Acad\u00e9mie avait lanc\u00e9 un appel aux dons aupr\u00e8s de ses membres.<\/p>\n<p>Francine Roze de l <a href=\"https:\/\/www.estrepublicain.fr\/culture-loisirs\/2022\/11\/20\/des-societes-savantes-resolument-tournees-vers-l-avenir\" target=\"_blank\" rel=\"noopener\">\u2019Acad\u00e9mie de Stanislas<\/a> a ensuite pr\u00e9sent\u00e9 l\u2019ensemble des \u0153uvres expos\u00e9es, notamment les portraits de Stanislas dont deux sont de la main de Girardet. Le nouveau venu, plac\u00e9 \u00e0 c\u00f4t\u00e9 de la porte d\u2019entr\u00e9e, fait partie de ces portraits \u00ab\u00a0pr\u00e9sents dans un grand nombre de familles\u00a0\u00bb \u00e0 l\u2019\u00e9poque.<\/p>\n<p>Parmi les autres toiles, on peut admirer \u00e9galement le g\u00e9n\u00e9ral Drouot \u00ab\u00a0qui appartient au mus\u00e9e lorrain.\u00a0\u00bb Le militaire fut aussi \u00ab\u00a0une grande figure de l\u2019Acad\u00e9mie.\u00a0\u00bb Pr\u00e9sent \u00e9galement, le cardinal Mathieu, une \u0153uvre du peintre Benjamin-Constant. L\u2019eccl\u00e9siastique \u00e9tait lui aussi membre de l\u2019Acad\u00e9mie de Stanislas et de l\u2019Acad\u00e9mie fran\u00e7aise.<\/p>\n<p class=\"insetSignature\">F.P.<\/p>\n","protected":false},"excerpt":{"rendered":"Les murs de l\u2019Acad\u00e9mie s\u2019ornent \u00e0 nouveau de leurs chefs-d\u2019\u0153uvre Nich\u00e9e au c\u0153ur de la biblioth\u00e8que de Nancy,&hellip;\n","protected":false},"author":2,"featured_media":110029,"comment_status":"","ping_status":"","sticky":false,"template":"","format":"standard","meta":{"footnotes":""},"categories":[9635],"tags":[1111,11,1687,1704,1777,674,1011,27,775,937,1702,1703,12,2661,3456,25,104],"class_list":{"0":"post-110028","1":"post","2":"type-post","3":"status-publish","4":"format-standard","5":"has-post-thumbnail","7":"category-nancy","8":"tag-actu","9":"tag-actualites","10":"tag-culture-loisirs","11":"tag-edition-nancy-et-agglomeration","12":"tag-eu","13":"tag-europe","14":"tag-fr","15":"tag-france","16":"tag-grand-est","17":"tag-histoire","18":"tag-nancy","19":"tag-nancy-ville-54b","20":"tag-news","21":"tag-patrimoine-culturel","22":"tag-region-lorraine","23":"tag-republique-francaise","24":"tag-societe"},"share_on_mastodon":{"url":"https:\/\/pubeurope.com\/@fr\/114530487101131402","error":""},"_links":{"self":[{"href":"https:\/\/www.europesays.com\/fr\/wp-json\/wp\/v2\/posts\/110028","targetHints":{"allow":["GET"]}}],"collection":[{"href":"https:\/\/www.europesays.com\/fr\/wp-json\/wp\/v2\/posts"}],"about":[{"href":"https:\/\/www.europesays.com\/fr\/wp-json\/wp\/v2\/types\/post"}],"author":[{"embeddable":true,"href":"https:\/\/www.europesays.com\/fr\/wp-json\/wp\/v2\/users\/2"}],"replies":[{"embeddable":true,"href":"https:\/\/www.europesays.com\/fr\/wp-json\/wp\/v2\/comments?post=110028"}],"version-history":[{"count":0,"href":"https:\/\/www.europesays.com\/fr\/wp-json\/wp\/v2\/posts\/110028\/revisions"}],"wp:featuredmedia":[{"embeddable":true,"href":"https:\/\/www.europesays.com\/fr\/wp-json\/wp\/v2\/media\/110029"}],"wp:attachment":[{"href":"https:\/\/www.europesays.com\/fr\/wp-json\/wp\/v2\/media?parent=110028"}],"wp:term":[{"taxonomy":"category","embeddable":true,"href":"https:\/\/www.europesays.com\/fr\/wp-json\/wp\/v2\/categories?post=110028"},{"taxonomy":"post_tag","embeddable":true,"href":"https:\/\/www.europesays.com\/fr\/wp-json\/wp\/v2\/tags?post=110028"}],"curies":[{"name":"wp","href":"https:\/\/api.w.org\/{rel}","templated":true}]}}