{"id":110031,"date":"2025-05-18T19:29:09","date_gmt":"2025-05-18T19:29:09","guid":{"rendered":"https:\/\/www.europesays.com\/fr\/110031\/"},"modified":"2025-05-18T19:29:09","modified_gmt":"2025-05-18T19:29:09","slug":"coucher-du-soleil-et-degustation-de-vins-locaux-la-croisiere-vigneronne-relancee-dans-la-rade-de-toulon-de-mai-a-septembre","status":"publish","type":"post","link":"https:\/\/www.europesays.com\/fr\/110031\/","title":{"rendered":"Coucher du soleil et d\u00e9gustation de vins locaux: la croisi\u00e8re vigneronne relanc\u00e9e dans la rade de Toulon de mai \u00e0 septembre"},"content":{"rendered":"<p>Ce sont des moments de d\u00e9couverte gourmands et envo\u00fbtants qui vous attendent jusqu\u2019\u00e0 fin septembre au d\u00e9part du port de Toulon.<\/p>\n<p>D\u00e8s le vendredi 23 mai prochain, jour de la croisi\u00e8re inaugurale, les croisi\u00e8res vigneronnes organis\u00e9es par l\u2019office de tourisme Provence M\u00e9diterran\u00e9e font leur retour dans la rade. Elles seront ensuite propos\u00e9es tous les jeudis du 29 mai au 25 septembre, \u00e0 chaque fois en d\u00e9but de soir\u00e9e (d\u00e9part g\u00e9n\u00e9ralement pr\u00e9vu \u00e0 18h30 ou 19h).<\/p>\n<p>Vins locaux et p\u00eache du jour<\/p>\n<p>Monts toulonnais, villas mauresques, fortifications, cabanes de p\u00eacheurs\u2026 De Toulon \u00e0 Saint-Mandrier en passant par La Seyne, cette croisi\u00e8re de deux heures au coucher du soleil est l\u2019occasion de (re)d\u00e9couvrir les joyaux et l\u2019histoire riche du territoire varois, le tout en savourant divers mets locaux.<\/p>\n<p>Une d\u00e9gustation de vins issus de diff\u00e9rents domaines de la m\u00e9tropole est \u00e0 chaque fois propos\u00e9e, de m\u00eame qu\u2019une s\u00e9lection de petits plats (hu\u00eetres, tartare de poissons) r\u00e9alis\u00e9s \u00e0 partir de la p\u00eache du jour, auxquels s\u2019ajoutent le fameux chanteclair, p\u00e2tisserie embl\u00e9matique de la capitale du Var, ainsi qu\u2019un petit pain proven\u00e7al (1).<\/p>\n<p>1. Les mets propos\u00e9s ne constituent pas un repas. Le tarif enfant ne comprend que la travers\u00e9e et une boisson. Tarifs: 43 euros pour les adultes; 19,50 euros pour les 4 \u00e0 18 ans; gratuit pour les moins de 4 ans.<\/p>\n<p>R\u00e9servations sur le site <a href=\"https:\/\/www.provencemed.com\/loisirs\/croisiere-vigneronne-dans-la-rade-de-toulon\/\" target=\"_blank\" rel=\"noopener nofollow\">https:\/\/www.provencemed.com\/loisirs\/croisiere-vigneronne-dans-la-rade-de-toulon\/<\/a><\/p>\n","protected":false},"excerpt":{"rendered":"Ce sont des moments de d\u00e9couverte gourmands et envo\u00fbtants qui vous attendent jusqu\u2019\u00e0 fin septembre au d\u00e9part du&hellip;\n","protected":false},"author":2,"featured_media":110032,"comment_status":"","ping_status":"","sticky":false,"template":"","format":"standard","meta":{"footnotes":""},"categories":[9619],"tags":[1111,11,1777,674,1011,27,12,882,25,2310,3366],"class_list":{"0":"post-110031","1":"post","2":"type-post","3":"status-publish","4":"format-standard","5":"has-post-thumbnail","7":"category-toulon","8":"tag-actu","9":"tag-actualites","10":"tag-eu","11":"tag-europe","12":"tag-fr","13":"tag-france","14":"tag-news","15":"tag-provence-alpes-cote-dazur","16":"tag-republique-francaise","17":"tag-toulon","18":"tag-vie-locale"},"share_on_mastodon":{"url":"https:\/\/pubeurope.com\/@fr\/114530494916870015","error":""},"_links":{"self":[{"href":"https:\/\/www.europesays.com\/fr\/wp-json\/wp\/v2\/posts\/110031","targetHints":{"allow":["GET"]}}],"collection":[{"href":"https:\/\/www.europesays.com\/fr\/wp-json\/wp\/v2\/posts"}],"about":[{"href":"https:\/\/www.europesays.com\/fr\/wp-json\/wp\/v2\/types\/post"}],"author":[{"embeddable":true,"href":"https:\/\/www.europesays.com\/fr\/wp-json\/wp\/v2\/users\/2"}],"replies":[{"embeddable":true,"href":"https:\/\/www.europesays.com\/fr\/wp-json\/wp\/v2\/comments?post=110031"}],"version-history":[{"count":0,"href":"https:\/\/www.europesays.com\/fr\/wp-json\/wp\/v2\/posts\/110031\/revisions"}],"wp:featuredmedia":[{"embeddable":true,"href":"https:\/\/www.europesays.com\/fr\/wp-json\/wp\/v2\/media\/110032"}],"wp:attachment":[{"href":"https:\/\/www.europesays.com\/fr\/wp-json\/wp\/v2\/media?parent=110031"}],"wp:term":[{"taxonomy":"category","embeddable":true,"href":"https:\/\/www.europesays.com\/fr\/wp-json\/wp\/v2\/categories?post=110031"},{"taxonomy":"post_tag","embeddable":true,"href":"https:\/\/www.europesays.com\/fr\/wp-json\/wp\/v2\/tags?post=110031"}],"curies":[{"name":"wp","href":"https:\/\/api.w.org\/{rel}","templated":true}]}}