{"id":110043,"date":"2025-05-18T19:38:24","date_gmt":"2025-05-18T19:38:24","guid":{"rendered":"https:\/\/www.europesays.com\/fr\/110043\/"},"modified":"2025-05-18T19:38:24","modified_gmt":"2025-05-18T19:38:24","slug":"le-programme-davant-saison-des-bruleurs-de-loups","status":"publish","type":"post","link":"https:\/\/www.europesays.com\/fr\/110043\/","title":{"rendered":"le programme d&rsquo;avant-saison des Br\u00fbleurs de loups"},"content":{"rendered":"<p>Le calendrier de la saison prochaine s\u2019affine petit \u00e0 petit pour les Br\u00fbleurs de loups. En attendant le tirage au sort de la Ligue des champions (21\u00a0mai, 17 heures) et la publication du calendrier de la Ligue Magnus, le club grenoblois a annonc\u00e9 son programme en ce qui concerne les matchs amicaux.<\/p>\n<p>  Deux matchs en Suisse<\/p>\n<p>Comme la saison derni\u00e8re, les Br\u00fbleurs de loups vont jouer un match \u00e0 Chamonix. Les deux clubs s\u2019entendent bien et la premi\u00e8re rencontre entre les deux \u00e9quipes aura lieu le vendredi 15\u00a0ao\u00fbt (20 heures) \u00e0 la patinoire Richard-Bozon, en Haute-Savoie. Ensuite, les joueurs de Per Hanberg et d\u2019Edo Terglav vont partir en stage quelques jours en Suisse pour <a href=\"https:\/\/www.ledauphine.com\/sport\/2025\/05\/16\/grenoble-jouera-un-tournoi-amical-en-suisse\" target=\"_blank\" rel=\"noopener\"> disputer deux matchs dans le cadre de la Coupe des Bains<\/a>, qui se d\u00e9roule en majorit\u00e9 \u00e0 Yverdon-les-Bains.<\/p>\n<p>Les Grenoblois affronteront Fribourg \u00e0 Guin (19\u00a0ao\u00fbt, 19h30) et Gen\u00e8ve, \u00e9quipe entra\u00een\u00e9e par le s\u00e9lectionneur de l\u2019\u00e9quipe de France Yorick Treille, le lendemain \u00e0 la patinoire des Trois-Ch\u00eanes dans la banlieue genevoise (20\u00a0ao\u00fbt, 19h30). Ensuite, les Rouge et Bleu \u00e9volueront dans leur patinoire pour un dernier match de pr\u00e9paration face aux Pionniers de Chamonix (23\u00a0ao\u00fbt, 20 heures) avant le d\u00e9but de la Ligue des champions, qui d\u00e9butera le 28 ou 29\u00a0ao\u00fbt prochains.<\/p>\n","protected":false},"excerpt":{"rendered":"Le calendrier de la saison prochaine s\u2019affine petit \u00e0 petit pour les Br\u00fbleurs de loups. En attendant le&hellip;\n","protected":false},"author":2,"featured_media":110044,"comment_status":"","ping_status":"","sticky":false,"template":"","format":"standard","meta":{"footnotes":""},"categories":[9566],"tags":[1111,11,2430,112,1777,674,1701,1011,27,2731,2732,4133,10145,108,12,25,517],"class_list":{"0":"post-110043","1":"post","2":"type-post","3":"status-publish","4":"format-standard","5":"has-post-thumbnail","7":"category-grenoble","8":"tag-actu","9":"tag-actualites","10":"tag-auvergne-rhone-alpes","11":"tag-edition-grenoble-agglomeration","12":"tag-eu","13":"tag-europe","14":"tag-fil-info-sport","15":"tag-fr","16":"tag-france","17":"tag-grenoble","18":"tag-grenoble-bassin","19":"tag-hockey-sur-glace","20":"tag-hockey-sur-glace-grenoble","21":"tag-isere","22":"tag-news","23":"tag-republique-francaise","24":"tag-sport"},"share_on_mastodon":{"url":"https:\/\/pubeurope.com\/@fr\/114530530354820705","error":""},"_links":{"self":[{"href":"https:\/\/www.europesays.com\/fr\/wp-json\/wp\/v2\/posts\/110043","targetHints":{"allow":["GET"]}}],"collection":[{"href":"https:\/\/www.europesays.com\/fr\/wp-json\/wp\/v2\/posts"}],"about":[{"href":"https:\/\/www.europesays.com\/fr\/wp-json\/wp\/v2\/types\/post"}],"author":[{"embeddable":true,"href":"https:\/\/www.europesays.com\/fr\/wp-json\/wp\/v2\/users\/2"}],"replies":[{"embeddable":true,"href":"https:\/\/www.europesays.com\/fr\/wp-json\/wp\/v2\/comments?post=110043"}],"version-history":[{"count":0,"href":"https:\/\/www.europesays.com\/fr\/wp-json\/wp\/v2\/posts\/110043\/revisions"}],"wp:featuredmedia":[{"embeddable":true,"href":"https:\/\/www.europesays.com\/fr\/wp-json\/wp\/v2\/media\/110044"}],"wp:attachment":[{"href":"https:\/\/www.europesays.com\/fr\/wp-json\/wp\/v2\/media?parent=110043"}],"wp:term":[{"taxonomy":"category","embeddable":true,"href":"https:\/\/www.europesays.com\/fr\/wp-json\/wp\/v2\/categories?post=110043"},{"taxonomy":"post_tag","embeddable":true,"href":"https:\/\/www.europesays.com\/fr\/wp-json\/wp\/v2\/tags?post=110043"}],"curies":[{"name":"wp","href":"https:\/\/api.w.org\/{rel}","templated":true}]}}