{"id":110051,"date":"2025-05-18T19:42:09","date_gmt":"2025-05-18T19:42:09","guid":{"rendered":"https:\/\/www.europesays.com\/fr\/110051\/"},"modified":"2025-05-18T19:42:09","modified_gmt":"2025-05-18T19:42:09","slug":"anna-blinkova-en-terre-connue","status":"publish","type":"post","link":"https:\/\/www.europesays.com\/fr\/110051\/","title":{"rendered":"Anna Blinkova en terre connue"},"content":{"rendered":"<p>\u00ab\u00a0Bonjour, comment allez-vous\u00a0?\u00a0\u00bb C\u2019est dans un fran\u00e7ais parfait que la Russe Anna Blinkova (67e mondiale) commence sa conf\u00e9rence de presse ce dimanche apr\u00e8s sa victoire (6-1, 6-3) en 1\u00a0h\u00a034 de jeu contre la Fran\u00e7aise Elsa Jacquemot (140e ) au 2e et dernier tour des qualifications.<\/p>\n<p>La native de Moscou, arriv\u00e9e en France en 2017, n\u2019est pas une inconnue au Wacken. Si ses premiers pas ont \u00e9t\u00e9 discrets en 2021 (d\u00e9faite au premier tour contre la Suissesse Teichmann), elle a crev\u00e9 l\u2019\u00e9cran deux ans plus tard.<\/p>\n<p>Class\u00e9e au 66e rang mondial, elle avait travers\u00e9 tout le tableau en \u00e9cartant la Fran\u00e7aise Hesse, l\u2019Allemande Friedsam, les Am\u00e9ricaines Navarro et Davis avant de c\u00e9der en finale face \u00e0 l\u2019Ukrainienne Elina Svitolina (6-2, 6-2).<\/p>\n<p>\u00ab\u00a0J\u2019avais tr\u00e8s envie de revenir \u00e0 Strasbourg o\u00f9 j\u2019ai de tr\u00e8s bons souvenirs\u00a0\u00bb, raconte-t-elle. \u00ab\u00a0Je voulais revivre cette ambiance, retrouver cette ville et ce tournoi. Je me souviens bien de la finale de 2023, des&#8230;<\/p>\n","protected":false},"excerpt":{"rendered":"\u00ab\u00a0Bonjour, comment allez-vous\u00a0?\u00a0\u00bb C\u2019est dans un fran\u00e7ais parfait que la Russe Anna Blinkova (67e mondiale) commence sa conf\u00e9rence&hellip;\n","protected":false},"author":2,"featured_media":110052,"comment_status":"","ping_status":"","sticky":false,"template":"","format":"standard","meta":{"footnotes":""},"categories":[2820],"tags":[1111,11,2649,2880,1777,674,1011,27,775,16055,12,25,517,640,2879,1467],"class_list":{"0":"post-110051","1":"post","2":"type-post","3":"status-publish","4":"format-standard","5":"has-post-thumbnail","7":"category-strasbourg","8":"tag-actu","9":"tag-actualites","10":"tag-bas-rhin","11":"tag-edition-strasbourg","12":"tag-eu","13":"tag-europe","14":"tag-fr","15":"tag-france","16":"tag-grand-est","17":"tag-internationaux-de-strasbourg","18":"tag-news","19":"tag-republique-francaise","20":"tag-sport","21":"tag-strasbourg","22":"tag-strasbourg-ville","23":"tag-tennis"},"share_on_mastodon":{"url":"https:\/\/pubeurope.com\/@fr\/114530546024528188","error":""},"_links":{"self":[{"href":"https:\/\/www.europesays.com\/fr\/wp-json\/wp\/v2\/posts\/110051","targetHints":{"allow":["GET"]}}],"collection":[{"href":"https:\/\/www.europesays.com\/fr\/wp-json\/wp\/v2\/posts"}],"about":[{"href":"https:\/\/www.europesays.com\/fr\/wp-json\/wp\/v2\/types\/post"}],"author":[{"embeddable":true,"href":"https:\/\/www.europesays.com\/fr\/wp-json\/wp\/v2\/users\/2"}],"replies":[{"embeddable":true,"href":"https:\/\/www.europesays.com\/fr\/wp-json\/wp\/v2\/comments?post=110051"}],"version-history":[{"count":0,"href":"https:\/\/www.europesays.com\/fr\/wp-json\/wp\/v2\/posts\/110051\/revisions"}],"wp:featuredmedia":[{"embeddable":true,"href":"https:\/\/www.europesays.com\/fr\/wp-json\/wp\/v2\/media\/110052"}],"wp:attachment":[{"href":"https:\/\/www.europesays.com\/fr\/wp-json\/wp\/v2\/media?parent=110051"}],"wp:term":[{"taxonomy":"category","embeddable":true,"href":"https:\/\/www.europesays.com\/fr\/wp-json\/wp\/v2\/categories?post=110051"},{"taxonomy":"post_tag","embeddable":true,"href":"https:\/\/www.europesays.com\/fr\/wp-json\/wp\/v2\/tags?post=110051"}],"curies":[{"name":"wp","href":"https:\/\/api.w.org\/{rel}","templated":true}]}}