{"id":1100548,"date":"2026-08-01T04:47:19","date_gmt":"2026-08-01T04:47:19","guid":{"rendered":"https:\/\/www.europesays.com\/fr\/1100548\/"},"modified":"2026-08-01T04:47:19","modified_gmt":"2026-08-01T04:47:19","slug":"le-musee-dart-et-dindustrie-de-saint-etienne-se-reinvente-autour-du-velo","status":"publish","type":"post","link":"https:\/\/www.europesays.com\/fr\/1100548\/","title":{"rendered":"Le mus\u00e9e d\u2019Art et d\u2019industrie de Saint-\u00c9tienne se r\u00e9invente autour du v\u00e9lo"},"content":{"rendered":"<p><img loading=\"lazy\" decoding=\"async\" alt=\"Apr\u00e8s quatre mois de travaux, le mus\u00e9e d'Art et d\u2019industrie de Saint-\u00c9tienne annonce sa r\u00e9ouverture avec un nouveau parcours consacr\u00e9 au v\u00e9lo. - \u00a9 J\u00e9r\u00f4me Abou \/ Ville de Saint-\u00c9tienne\" data-zoom-src=\"https:\/\/www.europesays.com\/fr\/wp-content\/uploads\/2026\/08\/initial-velo-musee-d-art-et-d-industrie-ville-de-saint-etienne.jpg\" data-zoomable=\"\" height=\"702\" src=\"https:\/\/www.europesays.com\/fr\/wp-content\/uploads\/2026\/08\/initial-velo-musee-d-art-et-d-industrie-ville-de-saint-etienne.jpg\" width=\"1248\"\/>  <\/p>\n<p class=\"article-desc\">Apr\u00e8s quatre mois de travaux, le mus\u00e9e d&rsquo;Art et d\u2019industrie de Saint-\u00c9tienne annonce sa r\u00e9ouverture avec un nouveau parcours consacr\u00e9 au v\u00e9lo. &#8211; \u00a9 J\u00e9r\u00f4me Abou \/ Ville de Saint-\u00c9tienne <\/p>\n<p>Pour sa r\u00e9ouverture au public, le <strong>Mus\u00e9e d&rsquo;art et d&rsquo;industrie<\/strong> de Saint-\u00c9tienne s&rsquo;offre un nouveau souffle. D\u00e8s le <strong>1er ao\u00fbt 2026<\/strong>, les visiteurs pourront d\u00e9couvrir un parcours permanent enti\u00e8rement consacr\u00e9 \u00e0 l&rsquo;histoire du cycle, baptis\u00e9 \u00ab\u00a0<strong>V\u00e9lo, moteur d&rsquo;innovation\u00a0\u00bb<\/strong>. <\/p>\n<p>Pens\u00e9 comme une immersion \u00e0 travers plus de deux si\u00e8cles d&rsquo;histoire, ce nouvel espace interactif rassemble plus de <strong>80 objets <\/strong>et se d\u00e9ploie en quatre s\u00e9quences chronologiques. Des premi\u00e8res draisiennes de 1817 aux v\u00e9los \u00e0 assistance \u00e9lectrique, le parcours retrace les grandes \u00e9volutions techniques qui ont transform\u00e9 le v\u00e9lo en un v\u00e9ritable symbole de libert\u00e9 et d&rsquo;innovation. <\/p>\n<p>Plusieurs r\u00e9novations durant les travaux pour le mus\u00e9e d\u2019Art et d\u2019industrie \u00e0 Saint-\u00c9tienne <\/p>\n<p>Le visiteur d\u00e9bute son voyage avec les premiers engins sans p\u00e9dales avant de d\u00e9couvrir l&rsquo;invention du p\u00e9dalage et les m\u00e9canismes qui ont r\u00e9volutionn\u00e9 les d\u00e9placements. La deuxi\u00e8me partie met \u00e0 l&rsquo;honneur Saint-\u00c9tienne, longtemps <strong>consid\u00e9r\u00e9e comme la capitale fran\u00e7aise du cycle<\/strong>, \u00e0 travers l&rsquo;\u00e9pop\u00e9e industrielle de Manufrance et des grandes manufactures locales. <\/p>\n<p>Le parcours s&rsquo;int\u00e9resse \u00e9galement au r\u00f4le social du v\u00e9lo, devenu au fil du temps un formidable outil d&rsquo;\u00e9mancipation, notamment <strong>pour les femmes<\/strong>, avant de se tourner vers les enjeux actuels de mobilit\u00e9 durable avec les mod\u00e8les \u00e9lectriques et les innovations de demain.<\/p>\n<p>Cette r\u00e9novation, men\u00e9e <strong>entre avril et juillet 2026<\/strong>, s&rsquo;accompagne \u00e9galement de plusieurs chantiers techniques, parmi lesquels la modernisation du syst\u00e8me de s\u00e9curit\u00e9 incendie, la mise \u00e0 jour de la signal\u00e9tique des collections d&rsquo;armes et le suivi sanitaire de l&rsquo;ensemble des \u0153uvres conserv\u00e9es par le mus\u00e9e. Une nouvelle visite guid\u00e9e d\u00e9di\u00e9e \u00e0 ce parcours viendra compl\u00e9ter <a href=\"https:\/\/mai.saint-etienne.fr\/\" rel=\"noopener nofollow\" target=\"_blank\">cette offre culturelle<\/a>.<\/p>\n","protected":false},"excerpt":{"rendered":"Apr\u00e8s quatre mois de travaux, le mus\u00e9e d&rsquo;Art et d\u2019industrie de Saint-\u00c9tienne annonce sa r\u00e9ouverture avec un nouveau&hellip;\n","protected":false},"author":2,"featured_media":1100549,"comment_status":"","ping_status":"","sticky":false,"template":"","format":"standard","meta":{"footnotes":"","_share_on_mastodon":"0"},"categories":[9653],"tags":[1111,11,2430,1777,674,1011,27,11625,12,25,4001,15880,4063],"class_list":["post-1100548","post","type-post","status-publish","format-standard","has-post-thumbnail","category-saint-etienne","tag-actu","tag-actualites","tag-auvergne-rhone-alpes","tag-eu","tag-europe","tag-fr","tag-france","tag-musu00e9es","tag-news","tag-republique-francaise","tag-saint-etienne","tag-ville-de-saint-etienne","tag-vu00e9lo"],"share_on_mastodon":{"url":"https:\/\/pubeurope.com\/@fr\/117018445002145727","error":""},"_links":{"self":[{"href":"https:\/\/www.europesays.com\/fr\/wp-json\/wp\/v2\/posts\/1100548","targetHints":{"allow":["GET"]}}],"collection":[{"href":"https:\/\/www.europesays.com\/fr\/wp-json\/wp\/v2\/posts"}],"about":[{"href":"https:\/\/www.europesays.com\/fr\/wp-json\/wp\/v2\/types\/post"}],"author":[{"embeddable":true,"href":"https:\/\/www.europesays.com\/fr\/wp-json\/wp\/v2\/users\/2"}],"replies":[{"embeddable":true,"href":"https:\/\/www.europesays.com\/fr\/wp-json\/wp\/v2\/comments?post=1100548"}],"version-history":[{"count":0,"href":"https:\/\/www.europesays.com\/fr\/wp-json\/wp\/v2\/posts\/1100548\/revisions"}],"wp:featuredmedia":[{"embeddable":true,"href":"https:\/\/www.europesays.com\/fr\/wp-json\/wp\/v2\/media\/1100549"}],"wp:attachment":[{"href":"https:\/\/www.europesays.com\/fr\/wp-json\/wp\/v2\/media?parent=1100548"}],"wp:term":[{"taxonomy":"category","embeddable":true,"href":"https:\/\/www.europesays.com\/fr\/wp-json\/wp\/v2\/categories?post=1100548"},{"taxonomy":"post_tag","embeddable":true,"href":"https:\/\/www.europesays.com\/fr\/wp-json\/wp\/v2\/tags?post=1100548"}],"curies":[{"name":"wp","href":"https:\/\/api.w.org\/{rel}","templated":true}]}}