{"id":110057,"date":"2025-05-18T19:45:18","date_gmt":"2025-05-18T19:45:18","guid":{"rendered":"https:\/\/www.europesays.com\/fr\/110057\/"},"modified":"2025-05-18T19:45:18","modified_gmt":"2025-05-18T19:45:18","slug":"la-mixite-nest-jamais-un-risque-cest-la-vie-affirme-la-federation-des-parents","status":"publish","type":"post","link":"https:\/\/www.europesays.com\/fr\/110057\/","title":{"rendered":"\u00ab\u00a0La mixit\u00e9 n\u2019est jamais un risque, c\u2019est la vie\u00a0\u00bb, affirme la f\u00e9d\u00e9ration des parents"},"content":{"rendered":"<tr wp_automatic_readability=\"7.859649122807\">\n<td valign=\"middle\" align=\"center\" class=\"col-logo\" wp_automatic_readability=\"5\">\n    <img decoding=\"async\" src=\"https:\/\/www.europesays.com\/fr\/wp-content\/uploads\/2025\/04\/logo-of-monetise.svg\" alt=\"logo Ouest-France\" height=\"66\"\/><\/p>\n<p>Contenu r\u00e9serv\u00e9 aux abonn\u00e9s<\/p>\n<\/td>\n<td class=\"col-titre\">\n\t\t\tDimanche 18 mai 2025 17:04<br \/>\n\t\t\t<a class=\"icon-bulle sizeL count\" href=\"#ancreAvis\"><br \/>\n\t&#8230;<br \/>\n<\/a><\/td>\n<\/tr>\n<p>\t\t<a class=\"mavillebox2 elmt-photo\" href=\"https:\/\/maville.com\/photosmvi\/2025\/05\/18\/P35235350D6812967G.jpg\" title=\" Samedi, lors du congr\u00e8s de la F\u00e9d\u00e9ration des conseils de parents d\u2019\u00e9l\u00e8ves (FCPE) \u00e0 Nantes, la mixit\u00e9 scolaire a \u00e9t\u00e9 au c\u0153ur des d\u00e9bats entre Ghyslaine Rodriguez, Tristan Poullaouec, C\u00e9line Marcy et Vincent Danis.  \u00a9  Ouest-France  &lt;!--TAG-BLC credit--&gt;\" rel=\"galerie_actu noopener\" target=\"_blank\"><br \/>\n\t<img decoding=\"async\" src=\"https:\/\/www.europesays.com\/fr\/wp-content\/uploads\/2025\/05\/P35235350D6812967G_crop_640-330_.jpg\" alt=\"photo  samedi, lors du congr\u00e8s de la f\u00e9d\u00e9ration des conseils de parents d\u2019\u00e9l\u00e8ves (fcpe) \u00e0 nantes, la mixit\u00e9 scolaire a \u00e9t\u00e9 au c\u0153ur des d\u00e9bats entre ghyslaine rodriguez, tristan poullaouec, c\u00e9line marcy et vincent danis.  \u00a9  ouest-france \"\/><br \/>\n\t1<br \/>\n<\/a><\/p>\n<p class=\"elmt-legende\"> Samedi, lors du congr\u00e8s de la F\u00e9d\u00e9ration des conseils de parents d\u2019\u00e9l\u00e8ves (FCPE) \u00e0 Nantes, la mixit\u00e9 scolaire a \u00e9t\u00e9 au c\u0153ur des d\u00e9bats entre Ghyslaine Rodriguez, Tristan Poullaouec, C\u00e9line Marcy et Vincent Danis.  \u00a9  Ouest-France  <\/p>\n<p>\t\tLa mixit\u00e9 scolaire progresse-t-elle au coll\u00e8ge\u00a0? La question a \u00e9t\u00e9 d\u00e9battue, samedi, lors du congr\u00e8s de la F\u00e9d\u00e9ration des conseils de parents d\u2019\u00e9l\u00e8ves (FCPE), qui se tenait au coll\u00e8ge de Nantes centre. Un choix d\u2019\u00e9tablissement pas anodin.<\/p>\n<p><b>Cet article est r\u00e9serv\u00e9 aux abonn\u00e9s<\/b><\/p>\n<p>Pour un acc\u00e8s imm\u00e9diat, abonnez-vous<\/p>\n<p><b>1\u00e8re semaine offerte<\/b><\/p>\n<p>\t\t Philippe ECALLE. \u00a0\u00a0<br \/>\n\t\tOuest-France<\/p>\n<p>\t\t&#13;<\/p>\n","protected":false},"excerpt":{"rendered":"Contenu r\u00e9serv\u00e9 aux abonn\u00e9s Dimanche 18 mai 2025 17:04 &#8230; 1 Samedi, lors du congr\u00e8s de la F\u00e9d\u00e9ration&hellip;\n","protected":false},"author":2,"featured_media":110058,"comment_status":"","ping_status":"","sticky":false,"template":"","format":"standard","meta":{"footnotes":""},"categories":[2818],"tags":[1111,11,22841,1121,1777,674,22302,1011,27,5776,22840,766,12,3306,2636,25,4510,4717],"class_list":{"0":"post-110057","1":"post","2":"type-post","3":"status-publish","4":"format-standard","5":"has-post-thumbnail","7":"category-nantes","8":"tag-actu","9":"tag-actualites","10":"tag-affirme","11":"tag-eleves","12":"tag-eu","13":"tag-europe","14":"tag-federation","15":"tag-fr","16":"tag-france","17":"tag-jamais","18":"tag-mixite","19":"tag-nantes","20":"tag-news","21":"tag-parents","22":"tag-pays-de-la-loire","23":"tag-republique-francaise","24":"tag-risque","25":"tag-vie"},"share_on_mastodon":{"url":"https:\/\/pubeurope.com\/@fr\/114530557891579677","error":""},"_links":{"self":[{"href":"https:\/\/www.europesays.com\/fr\/wp-json\/wp\/v2\/posts\/110057","targetHints":{"allow":["GET"]}}],"collection":[{"href":"https:\/\/www.europesays.com\/fr\/wp-json\/wp\/v2\/posts"}],"about":[{"href":"https:\/\/www.europesays.com\/fr\/wp-json\/wp\/v2\/types\/post"}],"author":[{"embeddable":true,"href":"https:\/\/www.europesays.com\/fr\/wp-json\/wp\/v2\/users\/2"}],"replies":[{"embeddable":true,"href":"https:\/\/www.europesays.com\/fr\/wp-json\/wp\/v2\/comments?post=110057"}],"version-history":[{"count":0,"href":"https:\/\/www.europesays.com\/fr\/wp-json\/wp\/v2\/posts\/110057\/revisions"}],"wp:featuredmedia":[{"embeddable":true,"href":"https:\/\/www.europesays.com\/fr\/wp-json\/wp\/v2\/media\/110058"}],"wp:attachment":[{"href":"https:\/\/www.europesays.com\/fr\/wp-json\/wp\/v2\/media?parent=110057"}],"wp:term":[{"taxonomy":"category","embeddable":true,"href":"https:\/\/www.europesays.com\/fr\/wp-json\/wp\/v2\/categories?post=110057"},{"taxonomy":"post_tag","embeddable":true,"href":"https:\/\/www.europesays.com\/fr\/wp-json\/wp\/v2\/tags?post=110057"}],"curies":[{"name":"wp","href":"https:\/\/api.w.org\/{rel}","templated":true}]}}