{"id":110071,"date":"2025-05-18T19:53:08","date_gmt":"2025-05-18T19:53:08","guid":{"rendered":"https:\/\/www.europesays.com\/fr\/110071\/"},"modified":"2025-05-18T19:53:08","modified_gmt":"2025-05-18T19:53:08","slug":"a-marseille-4-classes-de-primaire-ont-tente-le-defi-zero-dechet","status":"publish","type":"post","link":"https:\/\/www.europesays.com\/fr\/110071\/","title":{"rendered":"\u00e0 Marseille, 4 classes de primaire ont tent\u00e9 le d\u00e9fi z\u00e9ro d\u00e9chet"},"content":{"rendered":"<p>\u00ab\u00a0Qu\u2019est-ce qu\u2019on met dans la\u00a0poubelle marron\u00a0?\u00a0\u00bb, demande \u00c9lisa, animatrice d\u2019ateliers pour <a href=\"https:\/\/www.laprovence.com\/article\/region\/3142664776422614\/je-suis-passee-de-82-a-16-kilos-de-dechets-par-an-a-marseille-cent-familles-tentent-le-defi-zero-dechet\" target=\"_blank\" rel=\"noopener\">l\u2019association Z\u00e9ro Waste Marseille<\/a>. \u00ab\u00a0Le pain, le chocolat, les \u0153ufs, tout ce qui se mange\u00a0! C\u2019est le compost\u00a0\u00bb, r\u00e9pond aussit\u00f4t avec fiert\u00e9 Dayana, 7\u00a0ans. La semaine derni\u00e8re, deux classes de CP de l\u2019\u00e9cole primaire Saint-Charles, \u00e0 Marseille (3e), faisaient le point sur leur ann\u00e9e de \u00ab\u00a0d\u00e9fis z\u00e9ro d\u00e9chet\u00a0\u00bb et se rappelaient les notions essentielles.<\/p>\n<p>Pilot\u00e9 par l\u2019association de protection de l\u2019environnement Z\u00e9ro Waste Marseille et soutenu par la Ville de Marseille, le projet a mobilis\u00e9 quatre classes d\u2019\u00e9coles primaires au cours de l\u2019ann\u00e9e scolaire. L\u2019id\u00e9e\u00a0? \u00ab\u00a0Sensibiliser les enfants au gaspillage alimentaire, au tri s\u00e9lectif et au changement climatique\u00a0\u00bb, affirme \u00c9lisa.<\/p>\n<p>Sensibiliser les familles<\/p>\n<p>Cr\u00e9er sa propre colle naturelle, placarder des \u00ab\u00a0Stop pub\u00a0\u00bb dans son immeuble\u2026 Les enfants ont multipli\u00e9 les activit\u00e9s. \u00ab\u00a0On a m\u00eame fabriqu\u00e9 du papier recycl\u00e9\u00a0\u00bb, se souvient avec joie Dayana. <a href=\"https:\/\/laprovence.com\/article\/region\/3142664776422614\/je-suis-passee-de-82-a-16-kilos-de-dechets-par-an-a-marseille-cent-familles-tentent-le-defi-zero-dechet\" target=\"_blank\" rel=\"noopener\">Sensibiliser les enfants, c\u2019est aussi sensibiliser leurs parents.<\/a> \u00ab\u00a0Tr\u00e8s peu de familles compostent, font le tri ou attention au gaspillage alimentaire\u00a0\u00bb, regrette Baptiste, professeur des \u00e9coles en CP. En moyenne, un enfant gaspille 120\u00a0grammes de nourriture par repas \u00e0 la cantine. \u00ab\u00a0C\u2019est pour cela que l\u2019\u00e9ducation au gaspillage alimentaire est essentielle. Ce sont les \u00e9cocitoyens de demain\u00a0\u00bb, affirme \u00c9lisa.<\/p>\n<p><strong>D\u00e8s la rentr\u00e9e de septembre\u00a02025, le d\u00e9fi \u00ab\u00a0Z\u00e9ro d\u00e9chet\u00a0\u00bb sera \u00e9tendu \u00e0 10\u00a0classes marseillaises. Pour s\u2019inscrire, rendez-vous sur le site <a href=\"https:\/\/www.zerowastefrance.org\/\" target=\"_blank\" rel=\"noopener\">zerowastefrance.org<\/a>.<\/strong><\/p>\n","protected":false},"excerpt":{"rendered":"\u00ab\u00a0Qu\u2019est-ce qu\u2019on met dans la\u00a0poubelle marron\u00a0?\u00a0\u00bb, demande \u00c9lisa, animatrice d\u2019ateliers pour l\u2019association Z\u00e9ro Waste Marseille. \u00ab\u00a0Le pain, le&hellip;\n","protected":false},"author":2,"featured_media":110072,"comment_status":"","ping_status":"","sticky":false,"template":"","format":"standard","meta":{"footnotes":""},"categories":[2814],"tags":[17,1111,11,9637,1777,674,22842,1011,27,884,12,5241,6847,16072,882,22843,16,25],"class_list":{"0":"post-110071","1":"post","2":"type-post","3":"status-publish","4":"format-standard","5":"has-post-thumbnail","7":"category-marseille","8":"tag-17","9":"tag-actu","10":"tag-actualites","11":"tag-classes","12":"tag-eu","13":"tag-europe","14":"tag-fabrique","15":"tag-fr","16":"tag-france","17":"tag-marseille","18":"tag-news","19":"tag-on","20":"tag-papier","21":"tag-primaire","22":"tag-provence-alpes-cote-dazur","23":"tag-recycle","24":"tag-region","25":"tag-republique-francaise"},"share_on_mastodon":{"url":"https:\/\/pubeurope.com\/@fr\/114530589350587632","error":""},"_links":{"self":[{"href":"https:\/\/www.europesays.com\/fr\/wp-json\/wp\/v2\/posts\/110071","targetHints":{"allow":["GET"]}}],"collection":[{"href":"https:\/\/www.europesays.com\/fr\/wp-json\/wp\/v2\/posts"}],"about":[{"href":"https:\/\/www.europesays.com\/fr\/wp-json\/wp\/v2\/types\/post"}],"author":[{"embeddable":true,"href":"https:\/\/www.europesays.com\/fr\/wp-json\/wp\/v2\/users\/2"}],"replies":[{"embeddable":true,"href":"https:\/\/www.europesays.com\/fr\/wp-json\/wp\/v2\/comments?post=110071"}],"version-history":[{"count":0,"href":"https:\/\/www.europesays.com\/fr\/wp-json\/wp\/v2\/posts\/110071\/revisions"}],"wp:featuredmedia":[{"embeddable":true,"href":"https:\/\/www.europesays.com\/fr\/wp-json\/wp\/v2\/media\/110072"}],"wp:attachment":[{"href":"https:\/\/www.europesays.com\/fr\/wp-json\/wp\/v2\/media?parent=110071"}],"wp:term":[{"taxonomy":"category","embeddable":true,"href":"https:\/\/www.europesays.com\/fr\/wp-json\/wp\/v2\/categories?post=110071"},{"taxonomy":"post_tag","embeddable":true,"href":"https:\/\/www.europesays.com\/fr\/wp-json\/wp\/v2\/tags?post=110071"}],"curies":[{"name":"wp","href":"https:\/\/api.w.org\/{rel}","templated":true}]}}