{"id":110075,"date":"2025-05-18T19:55:10","date_gmt":"2025-05-18T19:55:10","guid":{"rendered":"https:\/\/www.europesays.com\/fr\/110075\/"},"modified":"2025-05-18T19:55:10","modified_gmt":"2025-05-18T19:55:10","slug":"deux-attaques-de-pitbulls-en-deux-jours-dans-la-banlieue-de-lyon","status":"publish","type":"post","link":"https:\/\/www.europesays.com\/fr\/110075\/","title":{"rendered":"deux attaques de pitbulls en deux jours dans la banlieue de Lyon"},"content":{"rendered":"<p>\u00ab\u00a0Un des chiens a saut\u00e9 pour l\u2019attaquer par-derri\u00e8re, l\u2019autre s\u2019est jet\u00e9 sur lui et il s\u2019est fait bouffer\u00a0\u00bb t\u00e9moigne V\u00e9ronique, une Villeurbannaise encore traumatis\u00e9e par la sc\u00e8ne qui a valu \u00e0 son mari Christian, 61 ans, sept morsures et 80 points de suture, samedi vers midi \u00e0 Villeurbanne.<\/p>\n<p>Jeudi en fin de journ\u00e9e, Pierre, 55 ans, a subi une attaque similaire au parc de Miribel-Jonage et il se f\u00e9licite d\u2019avoir eu le r\u00e9flexe de se jeter \u00e0 l\u2019eau. Mordu \u00e0 la fesse, au poignet et \u00e0 l\u2019\u00e9paule, il s\u2019estime chanceux car \u00ab\u00a0\u00e7a n\u2019est pas pass\u00e9 loin de la jugulaire\u00a0\u00bb.<\/p>\n<p>Les deux hommes ont \u00e9t\u00e9 mordus par des pitbulls&#8230;<\/p>\n","protected":false},"excerpt":{"rendered":"\u00ab\u00a0Un des chiens a saut\u00e9 pour l\u2019attaquer par-derri\u00e8re, l\u2019autre s\u2019est jet\u00e9 sur lui et il s\u2019est fait bouffer\u00a0\u00bb&hellip;\n","protected":false},"author":2,"featured_media":110076,"comment_status":"","ping_status":"","sticky":false,"template":"","format":"standard","meta":{"footnotes":""},"categories":[1889],"tags":[1111,11,2738,2430,271,272,3152,2757,1777,674,274,107,1011,27,2428,11155,12,25,2429,5070,6345,6346],"class_list":{"0":"post-110075","1":"post","2":"type-post","3":"status-publish","4":"format-standard","5":"has-post-thumbnail","7":"category-lyon","8":"tag-actu","9":"tag-actualites","10":"tag-ain","11":"tag-auvergne-rhone-alpes","12":"tag-crime","13":"tag-delit-et-contravention","14":"tag-edition-est-lyonnais","15":"tag-edition-lyon-villeurbanne","16":"tag-eu","17":"tag-europe","18":"tag-faits-divers-justice","19":"tag-fil-info","20":"tag-fr","21":"tag-france","22":"tag-lyon","23":"tag-miribel","24":"tag-news","25":"tag-republique-francaise","26":"tag-rhone","27":"tag-vaulx-en-velin","28":"tag-villeurbanne","29":"tag-villeurbanne-bassin"},"share_on_mastodon":{"url":"https:\/\/pubeurope.com\/@fr\/114530597129637904","error":""},"_links":{"self":[{"href":"https:\/\/www.europesays.com\/fr\/wp-json\/wp\/v2\/posts\/110075","targetHints":{"allow":["GET"]}}],"collection":[{"href":"https:\/\/www.europesays.com\/fr\/wp-json\/wp\/v2\/posts"}],"about":[{"href":"https:\/\/www.europesays.com\/fr\/wp-json\/wp\/v2\/types\/post"}],"author":[{"embeddable":true,"href":"https:\/\/www.europesays.com\/fr\/wp-json\/wp\/v2\/users\/2"}],"replies":[{"embeddable":true,"href":"https:\/\/www.europesays.com\/fr\/wp-json\/wp\/v2\/comments?post=110075"}],"version-history":[{"count":0,"href":"https:\/\/www.europesays.com\/fr\/wp-json\/wp\/v2\/posts\/110075\/revisions"}],"wp:featuredmedia":[{"embeddable":true,"href":"https:\/\/www.europesays.com\/fr\/wp-json\/wp\/v2\/media\/110076"}],"wp:attachment":[{"href":"https:\/\/www.europesays.com\/fr\/wp-json\/wp\/v2\/media?parent=110075"}],"wp:term":[{"taxonomy":"category","embeddable":true,"href":"https:\/\/www.europesays.com\/fr\/wp-json\/wp\/v2\/categories?post=110075"},{"taxonomy":"post_tag","embeddable":true,"href":"https:\/\/www.europesays.com\/fr\/wp-json\/wp\/v2\/tags?post=110075"}],"curies":[{"name":"wp","href":"https:\/\/api.w.org\/{rel}","templated":true}]}}