{"id":110077,"date":"2025-05-18T19:56:14","date_gmt":"2025-05-18T19:56:14","guid":{"rendered":"https:\/\/www.europesays.com\/fr\/110077\/"},"modified":"2025-05-18T19:56:14","modified_gmt":"2025-05-18T19:56:14","slug":"teletravail-et-transports-en-commun-fortement-conseilles-ce-lundi","status":"publish","type":"post","link":"https:\/\/www.europesays.com\/fr\/110077\/","title":{"rendered":"t\u00e9l\u00e9travail et transports en commun fortement conseill\u00e9s ce lundi"},"content":{"rendered":"<p>Taxis en col\u00e8re \u00e0 Lyon : t\u00e9l\u00e9travail et transports en commun fortement conseill\u00e9s ce lundi &#8211; LyonMag<\/p>\n<p itemprop=\"description\"><strong>Pas d\u2019op\u00e9ration escargot ce lundi, mais plusieurs rassemblements de taxis sont attendus \u00e0 Lyon d\u00e8s les premi\u00e8res heures de la matin\u00e9e, dans un contexte de tension persistante autour du transport sanitaire.<\/strong><\/p>\n<p>\u00c0 l\u2019appel des principales f\u00e9d\u00e9rations du secteur, les taxis du Rh\u00f4ne participeront ce\u00a0lundi 19 mai\u00a0\u00e0 une\u00a0mobilisation nationale\u00a0pour d\u00e9noncer la r\u00e9forme de leur convention avec l\u2019Assurance maladie et la concurrence qu\u2019ils jugent d\u00e9loyale des\u00a0VTC\u00a0et\u00a0v\u00e9hicules sanitaires l\u00e9gers (VSL).<\/p>\n<p>Dans la m\u00e9tropole lyonnaise, les chauffeurs pr\u00e9voient de se positionner d\u00e8s\u00a06 heures du matin\u00a0autour de\u00a0plusieurs lieux sensibles, notamment l\u2019a\u00e9roport Lyon Saint-Exup\u00e9ry, la gare Part-Dieu et les grands centres hospitaliers de l\u2019agglom\u00e9ration (\u00c9douard-Herriot,\u00a0Lyon Sud\u00a0et Neuro-cardiologie).\u00a0<\/p>\n<p>Si les organisateurs promettent\u00a0des rassemblements statiques\u00a0sans volont\u00e9 de bloquer totalement la circulation, la\u00a0pr\u00e9fecture du Rh\u00f4ne\u00a0alerte sur le\u00a0risque de ralentissements importants\u00a0et recommande aux usagers de limiter leurs d\u00e9placements, d\u2019emprunter les transports en commun\u00a0ou de\u00a0recourir au t\u00e9l\u00e9travail\u00a0si possible.<\/p>\n<p>L\u2019acc\u00e8s aux h\u00f4pitaux devra rester garanti, notamment pour les patients et les personnels soignants, rappelle les services de l\u2019\u00c9tat.<\/p>\n<p>Des\u00a0distributions de tracts\u00a0sont aussi pr\u00e9vues par les syndicats afin de\u00a0sensibiliser les usagers\u00a0\u00e0 leurs revendications. Le mouvement est annonc\u00e9 comme reconductible, mais son intensit\u00e9 pourrait \u00eatre moindre \u00e0 Lyon qu\u2019\u00e0 Paris, o\u00f9 un rassemblement d\u2019ampleur est pr\u00e9vu.<\/p>\n","protected":false},"excerpt":{"rendered":"Taxis en col\u00e8re \u00e0 Lyon : t\u00e9l\u00e9travail et transports en commun fortement conseill\u00e9s ce lundi &#8211; LyonMag Pas&hellip;\n","protected":false},"author":2,"featured_media":110078,"comment_status":"","ping_status":"","sticky":false,"template":"","format":"standard","meta":{"footnotes":""},"categories":[1889],"tags":[1111,11,2813,2190,2430,1109,251,1112,2811,1777,674,118,1011,27,1922,1110,1114,2428,2810,12,241,316,25,2812,517,800],"class_list":{"0":"post-110077","1":"post","2":"type-post","3":"status-publish","4":"format-standard","5":"has-post-thumbnail","7":"category-lyon","8":"tag-actu","9":"tag-actualites","10":"tag-article","11":"tag-asvel","12":"tag-auvergne-rhone-alpes","13":"tag-breves","14":"tag-culture","15":"tag-depeches","16":"tag-economique","17":"tag-eu","18":"tag-europe","19":"tag-faits-divers","20":"tag-fr","21":"tag-france","22":"tag-info","23":"tag-informations","24":"tag-infos","25":"tag-lyon","26":"tag-lyonmag","27":"tag-news","28":"tag-ol","29":"tag-politique","30":"tag-republique-francaise","31":"tag-sociale","32":"tag-sport","33":"tag-transports"},"share_on_mastodon":{"url":"https:\/\/pubeurope.com\/@fr\/114530601050433952","error":""},"_links":{"self":[{"href":"https:\/\/www.europesays.com\/fr\/wp-json\/wp\/v2\/posts\/110077","targetHints":{"allow":["GET"]}}],"collection":[{"href":"https:\/\/www.europesays.com\/fr\/wp-json\/wp\/v2\/posts"}],"about":[{"href":"https:\/\/www.europesays.com\/fr\/wp-json\/wp\/v2\/types\/post"}],"author":[{"embeddable":true,"href":"https:\/\/www.europesays.com\/fr\/wp-json\/wp\/v2\/users\/2"}],"replies":[{"embeddable":true,"href":"https:\/\/www.europesays.com\/fr\/wp-json\/wp\/v2\/comments?post=110077"}],"version-history":[{"count":0,"href":"https:\/\/www.europesays.com\/fr\/wp-json\/wp\/v2\/posts\/110077\/revisions"}],"wp:featuredmedia":[{"embeddable":true,"href":"https:\/\/www.europesays.com\/fr\/wp-json\/wp\/v2\/media\/110078"}],"wp:attachment":[{"href":"https:\/\/www.europesays.com\/fr\/wp-json\/wp\/v2\/media?parent=110077"}],"wp:term":[{"taxonomy":"category","embeddable":true,"href":"https:\/\/www.europesays.com\/fr\/wp-json\/wp\/v2\/categories?post=110077"},{"taxonomy":"post_tag","embeddable":true,"href":"https:\/\/www.europesays.com\/fr\/wp-json\/wp\/v2\/tags?post=110077"}],"curies":[{"name":"wp","href":"https:\/\/api.w.org\/{rel}","templated":true}]}}