{"id":11009,"date":"2025-04-08T19:50:48","date_gmt":"2025-04-08T19:50:48","guid":{"rendered":"https:\/\/www.europesays.com\/fr\/11009\/"},"modified":"2025-04-08T19:50:48","modified_gmt":"2025-04-08T19:50:48","slug":"ces-plages-de-marseille-deja-prises-dassaut","status":"publish","type":"post","link":"https:\/\/www.europesays.com\/fr\/11009\/","title":{"rendered":"ces plages de Marseille d\u00e9j\u00e0 prises d&rsquo;assaut"},"content":{"rendered":"<p>            Par<br \/>\n        <strong><br \/>\n            <a href=\"https:\/\/actu.fr\/auteur\/benjamin-cohenroyer\" title=\"Consulter tous les articles de Benjamin Cohen Royer\" target=\"_blank\" rel=\"noopener\">Benjamin Cohen Royer<\/a><br \/>\n        <\/strong><\/p>\n<p>        Publi\u00e9 le<\/p>\n<p>            7 avr. 2025 \u00e0 16h34        <\/p>\n<p>Ce dimanche 6 avril fut un dimanche r\u00eav\u00e9 pour les habitants de Marseille.\u00a0<\/p>\n<p class=\" wall-content\"><strong>Le mercure \u00e0 20\u00b0C, un soleil radieux et une eau vivifiante<\/strong>, \u00e0 Marseille ce week-end, tout \u00e9tait r\u00e9uni pour avoir un bel avant-go\u00fbt de vacances.<\/p>\n<p>Pr\u00e8s d\u2019un millier de personnes<\/p>\n<p class=\" wall-content\">Ainsi, ce dimanche 6 avril 2025, <strong>la plage des Proph\u00e8tes, <\/strong>parmi d\u2019autres \u00e0 Marseille, a accueilli <strong>une foule nombreuse<\/strong>, rendant difficile de trouver une place o\u00f9 poser sa serviette.<\/p>\n<p class=\" wall-content\">Avec le d\u00e9but des vacances scolaires, nombreux sont ceux qui ont profit\u00e9 de ce dimanche tr\u00e8s ensoleill\u00e9 pour se d\u00e9tendre au bord de l\u2019eau.\u200b<\/p>\n<p>Les activit\u00e9s baln\u00e9aires ont repris<\/p>\n<p class=\" wall-content\">D\u00e8s le matin, <strong>les terrains de volley \u00e9taient d\u00e9ploy\u00e9s, <\/strong>les raquettes de plage bien en mains et les baignades g\u00e9n\u00e9reuses.<\/p>\n<p>Vid\u00e9os : en ce moment sur Actu<\/p>\n<p class=\" wall-content\">En somme, tous les ingr\u00e9dients \u00e9taient r\u00e9unis pour lancer la saison estivale.\u00a0<\/p>\n<p class=\" wall-content\">Les activit\u00e9s ont anim\u00e9 la plage <strong>tout au long de la journ\u00e9e<\/strong>, jusqu\u2019au coucher du soleil.\u200b<\/p>\n<p class=\" wall-content\">Suivez toute l\u2019actualit\u00e9 de vos villes et m\u00e9dias favoris en vous inscrivant \u00e0 <a href=\"https:\/\/moncompte.actu.fr\" title=\"D\u00e9couvez Mon Actu\" rel=\"nofollow noopener\" data-trk=\"{&quot;cta&quot;:{&quot;action&quot;:&quot;https:\\\/\\\/moncompte.actu.fr&quot;,&quot;category&quot;:&quot;mon compte&quot;,&quot;from&quot;:&quot;article footer&quot;,&quot;name&quot;:&quot;Mon actu&quot;,&quot;type&quot;:&quot;cta&quot;}}\" target=\"_blank\">Mon Actu<\/a>.<\/p>\n","protected":false},"excerpt":{"rendered":"Par Benjamin Cohen Royer Publi\u00e9 le 7 avr. 2025 \u00e0 16h34 Ce dimanche 6 avril fut un dimanche&hellip;\n","protected":false},"author":2,"featured_media":11010,"comment_status":"","ping_status":"","sticky":false,"template":"","format":"standard","meta":{"footnotes":""},"categories":[2814],"tags":[1111,11,1777,674,1011,27,1305,884,2357,12,5346,882,25,3176],"class_list":{"0":"post-11009","1":"post","2":"type-post","3":"status-publish","4":"format-standard","5":"has-post-thumbnail","7":"category-marseille","8":"tag-actu","9":"tag-actualites","10":"tag-eu","11":"tag-europe","12":"tag-fr","13":"tag-france","14":"tag-lifestyle","15":"tag-marseille","16":"tag-meteo-france","17":"tag-news","18":"tag-plage-du-prophete","19":"tag-provence-alpes-cote-dazur","20":"tag-republique-francaise","21":"tag-vacances-scolaires"},"share_on_mastodon":{"url":"https:\/\/pubeurope.com\/@fr\/114304089012754551","error":""},"_links":{"self":[{"href":"https:\/\/www.europesays.com\/fr\/wp-json\/wp\/v2\/posts\/11009","targetHints":{"allow":["GET"]}}],"collection":[{"href":"https:\/\/www.europesays.com\/fr\/wp-json\/wp\/v2\/posts"}],"about":[{"href":"https:\/\/www.europesays.com\/fr\/wp-json\/wp\/v2\/types\/post"}],"author":[{"embeddable":true,"href":"https:\/\/www.europesays.com\/fr\/wp-json\/wp\/v2\/users\/2"}],"replies":[{"embeddable":true,"href":"https:\/\/www.europesays.com\/fr\/wp-json\/wp\/v2\/comments?post=11009"}],"version-history":[{"count":0,"href":"https:\/\/www.europesays.com\/fr\/wp-json\/wp\/v2\/posts\/11009\/revisions"}],"wp:featuredmedia":[{"embeddable":true,"href":"https:\/\/www.europesays.com\/fr\/wp-json\/wp\/v2\/media\/11010"}],"wp:attachment":[{"href":"https:\/\/www.europesays.com\/fr\/wp-json\/wp\/v2\/media?parent=11009"}],"wp:term":[{"taxonomy":"category","embeddable":true,"href":"https:\/\/www.europesays.com\/fr\/wp-json\/wp\/v2\/categories?post=11009"},{"taxonomy":"post_tag","embeddable":true,"href":"https:\/\/www.europesays.com\/fr\/wp-json\/wp\/v2\/tags?post=11009"}],"curies":[{"name":"wp","href":"https:\/\/api.w.org\/{rel}","templated":true}]}}