{"id":110101,"date":"2025-05-18T20:08:13","date_gmt":"2025-05-18T20:08:13","guid":{"rendered":"https:\/\/www.europesays.com\/fr\/110101\/"},"modified":"2025-05-18T20:08:13","modified_gmt":"2025-05-18T20:08:13","slug":"louane-a-perdu-mais-leurope-a-gagne-liberation","status":"publish","type":"post","link":"https:\/\/www.europesays.com\/fr\/110101\/","title":{"rendered":"Louane a perdu, mais l\u2019Europe a gagn\u00e9 \u2013 Lib\u00e9ration"},"content":{"rendered":"<p class=\"sc-ksZaOG ehjQrN text-element\">Une \u00e9quipe de football fran\u00e7aise remportera peut-\u00eatre la Ligue des champions, le 31 mai, mais pour la Ligue des chansons, c\u2019est r\u00e2p\u00e9. Louane avait pourtant <a href=\"https:\/\/www.liberation.fr\/culture\/musique\/eurovision-2025-comment-la-france-a-decide-de-gagner-le-concours-20250516_G7OWTMCLSVE2XPYNFE34FDOYNE\/?redirected=1\" target=\"_blank\" rel=\"noreferrer noopener\" title=\"https:\/\/www.liberation.fr\/culture\/musique\/eurovision-2025-comment-la-france-a-decide-de-gagner-le-concours-20250516_G7OWTMCLSVE2XPYNFE34FDOYNE\/?redirected=1\">de l\u00e9gitimes ambitions<\/a> avec l\u2019autobiographique Maman, et les pronostics \u00e9tablis par les agences de paris britanniques lui promettaient, a minima, le podium lors de la finale de l\u2019Eurovision, samedi 17 mai, \u00e0 B\u00e2le. Mais le vote du public a \u00e9t\u00e9 sans appel : <a href=\"https:\/\/www.liberation.fr\/cinema\/2014\/12\/23\/la-famille-belier-defonce-moyen_1169503\/\" target=\"_blank\" rel=\"noopener\" title=\"https:\/\/www.liberation.fr\/cinema\/2014\/12\/23\/la-famille-belier-defonce-moyen_1169503\/\">la cadette de la famille B\u00e9lier<\/a> termine septi\u00e8me, alors que la premi\u00e8re phase, qui additionne les voix du jury d\u2019experts des 37 pays candidats, la pla\u00e7ait troisi\u00e8me.<\/p>\n<p class=\"sc-ksZaOG ehjQrN text-element\">La d\u00e9ception est grande pour France T\u00e9l\u00e9visions, diffuseur du concours, qui a investi \u00abcomme jamais auparavant\u00bb, estime <a href=\"https:\/\/www.liberation.fr\/idees-et-debats\/eurovision-2025-le-concours-est-un-succes-parce-quil-rend-les-gens-heureux-20250514_UT4OPDHCFRAPZMKGQDM4TWBH7E\/\" target=\"_blank\" rel=\"noopener\" title=\"htt&lt;\/p&gt;&lt;\/div&gt;&lt;\/article&gt;&lt;\/div&gt;&lt;div data-fusion-lazy-id=\" f0f8vgvlad832fw=\"\"><\/p>\n","protected":false},"excerpt":{"rendered":"Une \u00e9quipe de football fran\u00e7aise remportera peut-\u00eatre la Ligue des champions, le 31 mai, mais pour la Ligue&hellip;\n","protected":false},"author":2,"featured_media":110102,"comment_status":"","ping_status":"","sticky":false,"template":"","format":"standard","meta":{"footnotes":""},"categories":[1586],"tags":[11,1777,674,2399,1011,27,12,25],"class_list":{"0":"post-110101","1":"post","2":"type-post","3":"status-publish","4":"format-standard","5":"has-post-thumbnail","7":"category-europe","8":"tag-actualites","9":"tag-eu","10":"tag-europe","11":"tag-eurovision","12":"tag-fr","13":"tag-france","14":"tag-news","15":"tag-republique-francaise"},"share_on_mastodon":{"url":"https:\/\/pubeurope.com\/@fr\/114530648329217444","error":""},"_links":{"self":[{"href":"https:\/\/www.europesays.com\/fr\/wp-json\/wp\/v2\/posts\/110101","targetHints":{"allow":["GET"]}}],"collection":[{"href":"https:\/\/www.europesays.com\/fr\/wp-json\/wp\/v2\/posts"}],"about":[{"href":"https:\/\/www.europesays.com\/fr\/wp-json\/wp\/v2\/types\/post"}],"author":[{"embeddable":true,"href":"https:\/\/www.europesays.com\/fr\/wp-json\/wp\/v2\/users\/2"}],"replies":[{"embeddable":true,"href":"https:\/\/www.europesays.com\/fr\/wp-json\/wp\/v2\/comments?post=110101"}],"version-history":[{"count":0,"href":"https:\/\/www.europesays.com\/fr\/wp-json\/wp\/v2\/posts\/110101\/revisions"}],"wp:featuredmedia":[{"embeddable":true,"href":"https:\/\/www.europesays.com\/fr\/wp-json\/wp\/v2\/media\/110102"}],"wp:attachment":[{"href":"https:\/\/www.europesays.com\/fr\/wp-json\/wp\/v2\/media?parent=110101"}],"wp:term":[{"taxonomy":"category","embeddable":true,"href":"https:\/\/www.europesays.com\/fr\/wp-json\/wp\/v2\/categories?post=110101"},{"taxonomy":"post_tag","embeddable":true,"href":"https:\/\/www.europesays.com\/fr\/wp-json\/wp\/v2\/tags?post=110101"}],"curies":[{"name":"wp","href":"https:\/\/api.w.org\/{rel}","templated":true}]}}