{"id":110103,"date":"2025-05-18T20:09:09","date_gmt":"2025-05-18T20:09:09","guid":{"rendered":"https:\/\/www.europesays.com\/fr\/110103\/"},"modified":"2025-05-18T20:09:09","modified_gmt":"2025-05-18T20:09:09","slug":"ce-lundi-londres-et-lunion-europeenne-ne-vont-pas-parler-que-de-lukraine-deux-demandes-majeures-et-un-dossier-houleux-sont-aussi-sur-la-table","status":"publish","type":"post","link":"https:\/\/www.europesays.com\/fr\/110103\/","title":{"rendered":"Ce lundi, Londres et l&rsquo;Union europ\u00e9enne ne vont pas parler que de l&rsquo;Ukraine: deux demandes majeures et un dossier houleux sont aussi sur la table"},"content":{"rendered":"<p><a href=\"https:\/\/www.lalibre.be\/international\/europe\/2025\/05\/18\/union-europeenne-un-accord-avec-le-royaume-uni-mais-pas-a-nimporte-quel-prix-JVWFFSBUDZDLJIR6JUV7KJCNCU\/\" target=\"_blank\" rel=\"noopener noreferrer\" class=\"ap-StoryInterstitialLink ap-StoryElement ap-StoryElement--mb js-paywall-target\">Union europ\u00e9enne: un accord avec le Royaume-Uni, mais pas \u00e0 n&rsquo;importe quel prix<\/a>Mi-chemin entre l&rsquo;UE et les USA<\/p>\n<p class=\"ap-StoryElement ap-StoryElement--mb ap-StoryText\">Cette r\u00e9union intervient \u00e0 la fois apr\u00e8s l&rsquo;incertitude cr\u00e9\u00e9e par le pr\u00e9sident am\u00e9ricain Donald J. Trump quant \u00e0 la relation des \u00c9tats-Unis avec ses alli\u00e9s traditionnels, mais aussi dix jours <a href=\"https:\/\/www.lalibre.be\/economie\/conjoncture\/2025\/05\/08\/hors-de-lue-le-royaume-uni-a-obtenu-un-accord-commercial-limite-avec-les-etats-unis-plus-quun-simple-coup-diplomatique-P7JE43NGD5BC7OXCBSJ6F2F7SY\/\" target=\"_blank\" rel=\"noopener\">apr\u00e8s l&rsquo;annonce d&rsquo;un accord commercial limit\u00e9 entre Londres et Washington<\/a>. \u00ab\u00a0Keir Starmer veut trouver le moyen de demeurer \u00e0 mi-chemin entre son premier partenaire en termes de s\u00e9curit\u00e9, les \u00c9tats-Unis, et son premier partenaire commercial, l&rsquo;UE, sans compromettre ses deux relations\u00a0\u00bb, explique Anand Menon, professeur de sciences politiques et directeur du centre de r\u00e9flexion UK in a Changing Europe. \u00ab\u00a0Il y est pour le moment parvenu, notamment en ne s&rsquo;engageant pas trop dans son accord commercial avec Washington. En acceptant uniquement l&rsquo;importation de poulet et de b\u0153uf de grande qualit\u00e9, et donc pas de produits bourr\u00e9s d&rsquo;hormones ou lav\u00e9s au chlore, il n&rsquo;a pas abaiss\u00e9 les normes alimentaires britanniques.\u00a0\u00bb<\/p>\n<p><a href=\"https:\/\/www.lalibre.be\/economie\/conjoncture\/2025\/05\/08\/hors-de-lue-le-royaume-uni-a-obtenu-un-accord-commercial-limite-avec-les-etats-unis-plus-quun-simple-coup-diplomatique-P7JE43NGD5BC7OXCBSJ6F2F7SY\/\" target=\"_blank\" rel=\"noopener noreferrer\" class=\"ap-StoryInterstitialLink ap-StoryElement ap-StoryElement--mb\">Hors de l&rsquo;UE, le Royaume-Uni a obtenu un accord commercial limit\u00e9 avec les \u00c9tats-Unis. Plus qu&rsquo;un simple coup diplomatique?<\/a><\/p>\n<p class=\"ap-StoryElement ap-StoryElement--mb ap-StoryText\">Quelques heures apr\u00e8s l&rsquo;annonce de l&rsquo;accord am\u00e9ricano-britannique, la ministre de l&rsquo;\u00c9conomie et des Finances Rachel Reeves avait reconnu que la relation commerciale avec l&rsquo;UE \u00e9tait \u00ab\u00a0encore sans doute plus importante\u00a0\u00bb que celle avec les \u00c9tats-Unis. En 2024, le bloc europ\u00e9en avait attir\u00e9 41 % des exportations britanniques de biens et services (425 milliards d&rsquo;euros) et \u00e9tait \u00e0 l&rsquo;origine de 51 % de ses importations (540 milliards d&rsquo;euros). En comparaison, 13 % des importations britanniques (140 milliards d&rsquo;euros) venaient des \u00c9tats-Unis et 22 % de leurs exportations (234 milliards d&rsquo;euros) se dirigeaient outre Atlantique.<\/p>\n<p>Deux demandes majeures<\/p>\n<p class=\"ap-StoryElement ap-StoryElement--mb ap-StoryText\">D\u00e9termin\u00e9s \u00e0 se rapprocher \u00e9conomiquement de leurs voisins, les Britanniques auraient accept\u00e9 deux demandes europ\u00e9ennes majeures : l&rsquo;alignement dynamique sur les r\u00e8gles sanitaires et phytosanitaires europ\u00e9ennes, c&rsquo;est-\u00e0-dire l&rsquo;adoption des normes europ\u00e9ennes au fur et \u00e0 mesure de leur \u00e9volution, et la supervision de la Cour europ\u00e9enne de justice. Un accord sur le syst\u00e8me d&rsquo;\u00e9change de quotas d&rsquo;\u00e9missions de l&rsquo;UE et un autre sur les \u00e9changes de jeunes, notamment pour faciliter les \u00e9tudes secondaires, est \u00e9galement pr\u00e9vu.<\/p>\n<p class=\"ap-StoryElement ap-StoryElement--mb ap-StoryText\">\u00ab\u00a0Le gouvernement voudrait aussi un accord sur la reconnaissance mutuelle des qualifications professionnelles, sur les arts cr\u00e9atifs et sur les d\u00e9placements des musiciens mais il est peu probable qu&rsquo;il les obtienne\u00a0\u00bb, poursuit le professeur Anand Menon. \u00ab\u00a0Il existe toujours une incitation pour les Europ\u00e9ens \u00e0 montrer que le Brexit ne fonctionne pas. Sans quoi des dirigeants europ\u00e9ens comme la figure de proue du Rassemblement national Marine Le Pen questionnerait l&rsquo;int\u00e9r\u00eat d&rsquo;\u00eatre limit\u00e9 par les r\u00e8gles de l&rsquo;UE alors que l&rsquo;on peut en b\u00e9n\u00e9ficier depuis l&rsquo;ext\u00e9rieur.\u00a0\u00bb<\/p>\n<p><a href=\"https:\/\/www.lalibre.be\/international\/2025\/01\/31\/les-reves-du-brexit-se-sont-evapores-5XPKBOZZQFF7RCALCW4KL6KX3Y\/\" target=\"_blank\" rel=\"noopener noreferrer\" class=\"ap-StoryInterstitialLink ap-StoryElement ap-StoryElement--mb\">Les r\u00eaves du Brexit se sont \u00e9vapor\u00e9s<\/a><\/p>\n<p class=\"ap-StoryElement ap-StoryElement--mb ap-StoryText\"><a href=\"https:\/\/www.lalibre.be\/international\/europe\/2025\/05\/18\/union-europeenne-un-accord-avec-le-royaume-uni-mais-pas-a-nimporte-quel-prix-JVWFFSBUDZDLJIR6JUV7KJCNCU\/\" target=\"_blank\" rel=\"noopener\">Les n\u00e9gociations et le sommet<\/a> seront d&rsquo;ailleurs scrut\u00e9s par les tablo\u00efds et par les hommes politiques issus du parti conservateur et de Reform UK, la formation de Nigel Farage. Tous ont d&rsquo;ores et d\u00e9j\u00e0 accus\u00e9 le gouvernement travailliste de \u00ab\u00a0trahir le Brexit\u00a0\u00bb. D&rsquo;o\u00f9 le choix de Keir Starmer d&rsquo;avancer \u00e0 pas feutr\u00e9s. L&rsquo;organisation de la r\u00e9union au 10 Downing Street et non \u00e0 Lancaster House, cadre des sommets majeurs, est un signe de cette volont\u00e9 de relative discr\u00e9tion.<\/p>\n<p>Houleux dossier sur la p\u00eache<\/p>\n<p class=\"ap-StoryElement ap-StoryElement--mb ap-StoryText\">Les opposants \u00e0 un rapprochement avec l&rsquo;UE suivent en particulier le dossier de la p\u00eache, dont l&rsquo;accord sur les quotas expire pendant l&rsquo;\u00e9t\u00e9 2026. Ils ont assur\u00e9 que Keir Starmer allait sacrifier le secteur, alors que l&rsquo;alignement dynamique sur les r\u00e8gles sanitaires europ\u00e9ennes b\u00e9n\u00e9ficierait imm\u00e9diatement aux exportateurs britanniques de produits halieutiques. \u00ab\u00a0Les responsables fran\u00e7ais que nous avons rencontr\u00e9s nous ont clairement dit qu&rsquo;il n&rsquo;y aurait pas d&rsquo;accord global, notamment sur la s\u00e9curit\u00e9, si les Britanniques ne signent pas un accord \u00e0 tr\u00e8s long terme ou permanent sur les quotas de p\u00eache\u00a0\u00bb, t\u00e9moigne Jill Rutter, chercheuse \u00e0 King&rsquo;s College London. \u00ab\u00a0Ils consid\u00e8rent qu&rsquo;il s&rsquo;agit d&rsquo;un \u00e9l\u00e9ment inachev\u00e9 des pr\u00e9c\u00e9dentes n\u00e9gociations avec Boris Johnson.\u00a0\u00bb Initialement, Londres avait propos\u00e9 le renouvellement pour quatre ans des quotas n\u00e9goci\u00e9s en 2021.<\/p>\n<p><a href=\"https:\/\/www.lalibre.be\/international\/europe\/2025\/02\/01\/cest-un-evenement-assez-remarquable-5-ans-apres-le-brexit-le-premier-ministre-britannique-va-participer-a-une-reunion-de-lue-sur-la-defense-R7NLU37U65FPJLSVHQZJS3TNHA\/\" target=\"_blank\" rel=\"noopener noreferrer\" class=\"ap-StoryInterstitialLink ap-StoryElement ap-StoryElement--mb\">\u00ab\u00a0C&rsquo;est un \u00e9v\u00e9nement assez remarquable\u00a0\u00bb: 5 ans apr\u00e8s le Brexit, le Premier ministre britannique va participer \u00e0 une r\u00e9union de l&rsquo;UE sur la d\u00e9fense<\/a><\/p>\n<p class=\"ap-StoryElement ap-StoryElement--mb ap-StoryText\">M\u00eame les plus r\u00e9calcitrants soutiendront l&rsquo;\u00e9l\u00e9ment le plus visible du sommet : le rapprochement en mati\u00e8re de s\u00e9curit\u00e9 et de d\u00e9fense dans le cadre de la guerre en Ukraine. D&rsquo;autant plus que Londres aimerait profiter des 150 milliards d&rsquo;euros du fonds de r\u00e9armement militaire europ\u00e9en. L\u00e0, aussi, un accord est attendu. Sans que sa port\u00e9e ne soit encore connue.<\/p>\n","protected":false},"excerpt":{"rendered":"Union europ\u00e9enne: un accord avec le Royaume-Uni, mais pas \u00e0 n&rsquo;importe quel prixMi-chemin entre l&rsquo;UE et les USA&hellip;\n","protected":false},"author":2,"featured_media":110104,"comment_status":"","ping_status":"","sticky":false,"template":"","format":"standard","meta":{"footnotes":""},"categories":[1586],"tags":[11,2122,1777,674,1779,1011,27,12,25,1778,364],"class_list":{"0":"post-110103","1":"post","2":"type-post","3":"status-publish","4":"format-standard","5":"has-post-thumbnail","7":"category-europe","8":"tag-actualites","9":"tag-conflit-russie-ukraine","10":"tag-eu","11":"tag-europe","12":"tag-european-union","13":"tag-fr","14":"tag-france","15":"tag-news","16":"tag-republique-francaise","17":"tag-ue","18":"tag-union-europeenne"},"share_on_mastodon":{"url":"https:\/\/pubeurope.com\/@fr\/114530652258717115","error":""},"_links":{"self":[{"href":"https:\/\/www.europesays.com\/fr\/wp-json\/wp\/v2\/posts\/110103","targetHints":{"allow":["GET"]}}],"collection":[{"href":"https:\/\/www.europesays.com\/fr\/wp-json\/wp\/v2\/posts"}],"about":[{"href":"https:\/\/www.europesays.com\/fr\/wp-json\/wp\/v2\/types\/post"}],"author":[{"embeddable":true,"href":"https:\/\/www.europesays.com\/fr\/wp-json\/wp\/v2\/users\/2"}],"replies":[{"embeddable":true,"href":"https:\/\/www.europesays.com\/fr\/wp-json\/wp\/v2\/comments?post=110103"}],"version-history":[{"count":0,"href":"https:\/\/www.europesays.com\/fr\/wp-json\/wp\/v2\/posts\/110103\/revisions"}],"wp:featuredmedia":[{"embeddable":true,"href":"https:\/\/www.europesays.com\/fr\/wp-json\/wp\/v2\/media\/110104"}],"wp:attachment":[{"href":"https:\/\/www.europesays.com\/fr\/wp-json\/wp\/v2\/media?parent=110103"}],"wp:term":[{"taxonomy":"category","embeddable":true,"href":"https:\/\/www.europesays.com\/fr\/wp-json\/wp\/v2\/categories?post=110103"},{"taxonomy":"post_tag","embeddable":true,"href":"https:\/\/www.europesays.com\/fr\/wp-json\/wp\/v2\/tags?post=110103"}],"curies":[{"name":"wp","href":"https:\/\/api.w.org\/{rel}","templated":true}]}}