{"id":110105,"date":"2025-05-18T20:10:09","date_gmt":"2025-05-18T20:10:09","guid":{"rendered":"https:\/\/www.europesays.com\/fr\/110105\/"},"modified":"2025-05-18T20:10:09","modified_gmt":"2025-05-18T20:10:09","slug":"le-candidat-pro-europeen-nicusor-dan-remporte-la-presidentielle","status":"publish","type":"post","link":"https:\/\/www.europesays.com\/fr\/110105\/","title":{"rendered":"le candidat pro-europ\u00e9en Nicusor Dan remporte la pr\u00e9sidentielle"},"content":{"rendered":"<p>\u00a0\u00bb<br \/>\n        data-script=\u00a0\u00bbhttps:\/\/static.lefigaro.fr\/widget-video\/short-ttl\/video\/index.js\u00a0\u00bb<br \/>\n    &gt;<\/p>\n<p>Le maire centriste de Bucarest est donn\u00e9 vainqueur avec un peu plus de 54% des voix, selon des r\u00e9sultats quasi d\u00e9finitifs, face au candidat d\u2019extr\u00eame droite George Simion.<\/p>\n<p class=\"fig-paragraph\"><a href=\"https:\/\/www.lefigaro.fr\/international\/le-mathematicien-a-velo-nicusor-dan-remporte-la-mairie-de-bucarest-20200928\" target=\"_blank\" data-fig-type=\"Article\" rel=\"noopener\" data-gtm-custom-categorie=\"navigation\" data-gtm-custom-action=\"crossclick\" data-gtm-custom-label=\"Contextuel\" data-gtm-event=\"customEventSPE\" data-fig-domain=\"LEFIGARO\">Le maire centriste pro-europ\u00e9en de Bucarest Nicusor Dan<\/a>\u00a0remporte l\u2019\u00e9lection pr\u00e9sidentielle en Roumanie ce dimanche 18 mai. Il recueille \u00e0 ce stade un peu plus de 54% des voix.<\/p>\n<p class=\"fig-paragraph\">Il devance le candidat d\u2019extr\u00eame droite\u00a0<a href=\"http:\/\/www.lefigaro.fr\/international\/en-roumanie-la-spectaculaire-montee-en-puissance-des-nationalistes-20250504\" target=\"_blank\" data-fig-type=\"Article\" rel=\"noopener\" data-gtm-custom-categorie=\"navigation\" data-gtm-custom-action=\"crossclick\" data-gtm-custom-label=\"Contextuel\" data-gtm-event=\"customEventSPE\" data-fig-domain=\"LEFIGARO\">George Simion<\/a>, arriv\u00e9 en t\u00eate du premier tour, qui r\u00e9colte, provisoirement ce dimanche, 46% des suffrages. La publication des r\u00e9sultats s\u2019est faite dans la confusion. Nicusor Dan a \u00e9t\u00e9 donn\u00e9 en t\u00eate au d\u00e9but du d\u00e9pouillement avant que son rival, qui d\u00e9non\u00e7ait des \u00abfraudes\u00bb, ne repasse devant, avant d\u2019\u00eatre \u00e0 son tour rel\u00e9gu\u00e9 \u00e0 la seconde place.<\/p>\n<p class=\"fig-paragraph\">Au quartier g\u00e9n\u00e9ral de Nicusor Dan, install\u00e9 dans un parc de Bucarest, le quinquag\u00e9naire a salu\u00e9 tout sourire \u00abla victoire d\u2019une communaut\u00e9 de Roumains d\u00e9sireux d\u2019un profond changement\u00bb. \u00abSavourons cette soir\u00e9e et \u00e0 partir de demain, reconstruisons la Roumanie\u00bb, a-t-il ajout\u00e9 devant ses partisans chantant \u00abEurope\u00bb et \u00abUnit\u00e9\u00bb<strong>.<\/strong><\/p>\n<p>\u00c9lection surveill\u00e9e de pr\u00e8s par la communaut\u00e9 internationale<\/p>\n<p class=\"fig-paragraph\">L\u2019\u00e9lection est surveill\u00e9e de pr\u00e8s par la communaut\u00e9 internationale, Bruxelles s\u2019inqui\u00e9tant de voir les rangs des dirigeants d\u2019extr\u00eame droite s\u2019\u00e9toffer et Washington, tr\u00e8s critique du fiasco du scrutin de l\u2019automne dernier, appelant \u00e0 respecter la voix du peuple. Membre loyal de l\u2019UE, la Roumanie, une nation de 19 millions d\u2019habitants voisine de l\u2019Ukraine, est devenue un pilier essentiel de l\u2019Otan depuis le d\u00e9but de l\u2019offensive russe en 2022.<\/p>\n<p class=\"fig-paragraph\">Lors d\u2019un premier scrutin,\u00a0<a href=\"http:\/\/www.lefigaro.fr\/international\/roumanie-la-cour-constitutionnelle-annule-l-election-presidentielle-sur-fond-de-suspicion-d-ingerence-russe-20241206\" target=\"_blank\" data-fig-type=\"NewsFlash\" rel=\"noopener\" data-gtm-custom-categorie=\"navigation\" data-gtm-custom-action=\"crossclick\" data-gtm-custom-label=\"Contextuel\" data-gtm-event=\"customEventSPE\" data-fig-domain=\"LEFIGARO\">annul\u00e9 par la Cour constitutionnelle<\/a>\u00a0roumaine le 6 d\u00e9cembre 2024, un candidat d\u2019extr\u00eame droite quasi-inconnu,\u00a0<a href=\"http:\/\/www.lefigaro.fr\/international\/roumanie-qu-est-il-exactement-reproche-au-candidat-calin-georgescu-ecarte-de-la-presidentielle-pour-des-soupcons-d-ingerence-russe-20250310\" target=\"_blank\" data-fig-type=\"Article\" rel=\"noopener\" data-gtm-custom-categorie=\"navigation\" data-gtm-custom-action=\"crossclick\" data-gtm-custom-label=\"Contextuel\" data-gtm-event=\"customEventSPE\" data-fig-domain=\"LEFIGARO\">Calin Georgescu<\/a>, avait cr\u00e9\u00e9 la surprise en novembre apr\u00e8s une campagne massive sur TikTok entach\u00e9e de soup\u00e7ons d\u2019ing\u00e9rence russe. Cet ex-haut fonctionnaire a depuis \u00e9t\u00e9 inculp\u00e9 et exclu de la nouvelle course, une d\u00e9cision qui a provoqu\u00e9 des manifestations parfois violentes de ses partisans criant au d\u00e9ni de d\u00e9mocratie.<\/p>\n","protected":false},"excerpt":{"rendered":"\u00a0\u00bb data-script=\u00a0\u00bbhttps:\/\/static.lefigaro.fr\/widget-video\/short-ttl\/video\/index.js\u00a0\u00bb &gt; Le maire centriste de Bucarest est donn\u00e9 vainqueur avec un peu plus de 54% des&hellip;\n","protected":false},"author":2,"featured_media":110106,"comment_status":"","ping_status":"","sticky":false,"template":"","format":"standard","meta":{"footnotes":""},"categories":[2],"tags":[259,11,260,11984,1011,27,14,261,12,262,25,4868],"class_list":{"0":"post-110105","1":"post","2":"type-post","3":"status-publish","4":"format-standard","5":"has-post-thumbnail","7":"category-actualites","8":"tag-actualite-internationale","9":"tag-actualites","10":"tag-affaires-etrangeres","11":"tag-election-presidentielle","12":"tag-fr","13":"tag-france","14":"tag-international","15":"tag-ministere-des-affaires-etrangeres","16":"tag-news","17":"tag-politique-etrangere","18":"tag-republique-francaise","19":"tag-roumanie"},"share_on_mastodon":{"url":"https:\/\/pubeurope.com\/@fr\/114530656202105798","error":""},"_links":{"self":[{"href":"https:\/\/www.europesays.com\/fr\/wp-json\/wp\/v2\/posts\/110105","targetHints":{"allow":["GET"]}}],"collection":[{"href":"https:\/\/www.europesays.com\/fr\/wp-json\/wp\/v2\/posts"}],"about":[{"href":"https:\/\/www.europesays.com\/fr\/wp-json\/wp\/v2\/types\/post"}],"author":[{"embeddable":true,"href":"https:\/\/www.europesays.com\/fr\/wp-json\/wp\/v2\/users\/2"}],"replies":[{"embeddable":true,"href":"https:\/\/www.europesays.com\/fr\/wp-json\/wp\/v2\/comments?post=110105"}],"version-history":[{"count":0,"href":"https:\/\/www.europesays.com\/fr\/wp-json\/wp\/v2\/posts\/110105\/revisions"}],"wp:featuredmedia":[{"embeddable":true,"href":"https:\/\/www.europesays.com\/fr\/wp-json\/wp\/v2\/media\/110106"}],"wp:attachment":[{"href":"https:\/\/www.europesays.com\/fr\/wp-json\/wp\/v2\/media?parent=110105"}],"wp:term":[{"taxonomy":"category","embeddable":true,"href":"https:\/\/www.europesays.com\/fr\/wp-json\/wp\/v2\/categories?post=110105"},{"taxonomy":"post_tag","embeddable":true,"href":"https:\/\/www.europesays.com\/fr\/wp-json\/wp\/v2\/tags?post=110105"}],"curies":[{"name":"wp","href":"https:\/\/api.w.org\/{rel}","templated":true}]}}