{"id":11011,"date":"2025-04-08T19:51:13","date_gmt":"2025-04-08T19:51:13","guid":{"rendered":"https:\/\/www.europesays.com\/fr\/11011\/"},"modified":"2025-04-08T19:51:13","modified_gmt":"2025-04-08T19:51:13","slug":"a-marseille-la-prison-pour-mineurs-proche-du-point-de-rupture","status":"publish","type":"post","link":"https:\/\/www.europesays.com\/fr\/11011\/","title":{"rendered":"\u00e0 Marseille, la prison pour mineurs proche du \u00abpoint de rupture\u00bb"},"content":{"rendered":"<p>Cet \u00e9tablissement o\u00f9 sont incarc\u00e9r\u00e9s une cinquantaine d\u2019adolescents mis en cause dans des d\u00e9lits et des crimes souffre de s\u00e9rieux dysfonctionnements, mettant en p\u00e9ril la s\u00e9curit\u00e9 des agents et le projet de r\u00e9insertion des d\u00e9tenus.<\/p>\n<p class=\"fig-paragraph\">Parler d\u2019asphyxie pour d\u00e9crire l\u2019ambiance qui r\u00e8gne au sein de l\u2019\u00abEPM\u00bb de Marseille rel\u00e8ve de l\u2019euph\u00e9misme. Cet \u00e9tablissement p\u00e9nitentiaire o\u00f9 sont incarc\u00e9r\u00e9s une cinquantaine de mineurs, l\u2019<a href=\"https:\/\/www.lefigaro.fr\/actualite-france\/bilan-mitige-pour-les-six-etablissements-penitentiaires-pour-mineurs-20240105\" data-fig-type=\"Article\" data-gtm-custom-categorie=\"navigation\" data-gtm-custom-action=\"crossclick\" data-gtm-custom-label=\"Contextuel\" data-gtm-event=\"customEventSPE\" data-fig-domain=\"LEFIGARO\" target=\"_blank\" rel=\"noopener\">un des six de son genre en France<\/a>, approcherait chaque jour du \u00abpoint de rupture\u00bb de l\u2019aveu de l\u2019un de ses surveillants exer\u00e7ant le m\u00e9tier depuis de nombreuses ann\u00e9es.<\/p>\n<p class=\"fig-paragraph\">\u00abLa situation est alarmante depuis le d\u00e9but de l\u2019ann\u00e9e 2024. La prison accueille une cinquantaine de jeunes d\u00e9tenus connus pour des faits de trafic de stup\u00e9fiants, des viols, voire des meurtres. C\u2019est une population p\u00e9nale diff\u00e9rente, pr\u00eate \u00e0 tout et qui ne se sent pas concern\u00e9e par le dispositif de l\u2019\u00e9tablissement\u00bb, t\u00e9moigne un repr\u00e9sentant local du Syndicat P\u00e9nitentiaire des Surveillants (SPS Paca\/Corse) aupr\u00e8s du Figaro. \u00abNotre r\u00f4le, c\u2019est de les encadrer pour les r\u00e9ins\u00e9rer, notamment via des activit\u00e9s scolaires, sportives et culturelles. Sauf qu\u2019ils se fichent de l\u2019\u00e9cole et refusent parfois m\u00eame de sortir de leur cellule\u00bb, souffle cette source syndicale, \u00e0 bout de nerfs comme beaucoup de ses coll\u00e8gues.<\/p>\n<p class=\"fig-paragraph\">\u00abDerni\u00e8rement, l\u2019un d\u2019entre eux s\u2019occupait m\u00eame d\u2019un\u00a0<a href=\"http:\/\/www.lefigaro.fr\/marseille\/marseille-trois-mineurs-et-un-surveillant-de-prison-mis-en-examen-apres-des-livraisons-de-drogue-et-de-telephones-20250214\" data-fig-type=\"NewsFlash\" data-gtm-custom-categorie=\"navigation\" data-gtm-custom-action=\"crossclick\" data-gtm-custom-label=\"Contextuel\" data-gtm-event=\"customEventSPE\" data-fig-domain=\"LEFIGARO\" target=\"_blank\" rel=\"noopener\">vaste trafic de stup\u00e9fiants<\/a> \u00a0qui impliquait des dizaines de personnes \u00e0 l\u2019ext\u00e9rieur. Ces derniers projetaient des t\u00e9l\u00e9phones, des cigarettes et de la drogue dans la cour de l\u2019\u00e9tablissement. Cela fait un an qu\u2019on demande des filets de protection&#8230; sans retour\u00bb, poursuit-il en d\u00e9crivant les nombreux faits de violence qui rythment le quotidien de la prison pourtant d\u00e9crite comme une structure \u00abfamiliale\u00bb. \u00abOn se fait insulter et cracher dessus. Un agent a m\u00eame \u00e9t\u00e9 mordu en d\u00e9tention. Psychologiquement, cela devient extr\u00eamement compliqu\u00e9 de venir travailler ici\u00bb, assure le syndicaliste.<\/p>\n<p>Renforts temporaires<\/p>\n<p class=\"fig-paragraph\">Des difficult\u00e9s qui ont in\u00e9vitablement entra\u00een\u00e9 de nombreux arr\u00eats-maladie, des proc\u00e9dures pour accident du travail et m\u00eame des r\u00e9orientations. \u00c0 tel point que l\u2019EPM ne tournait en d\u00e9but d\u2019ann\u00e9e qu\u2019avec une dizaine d\u2019agents p\u00e9nitentiaires et un seul \u00e9ducateur de la\u00a0<a href=\"http:\/\/www.lefigaro.fr\/flash-actu\/a-roubaix-gerald-darmanin-promet-plus-de-moyens-pour-la-protection-judiciaire-de-la-jeunesse-20250303\" data-fig-type=\"NewsFlash\" data-gtm-custom-categorie=\"navigation\" data-gtm-custom-action=\"crossclick\" data-gtm-custom-label=\"Contextuel\" data-gtm-event=\"customEventSPE\" data-fig-domain=\"LEFIGARO\" target=\"_blank\" rel=\"noopener\">protection judiciaire de la jeunesse<\/a>\u00a0(PJJ) au lieu de la cinquantaine de personnels requis. \u00abCeux qui sont pr\u00e9sents triment et r\u00e9alisent de tr\u00e8s nombreuses heures suppl\u00e9mentaires pour encadrer des jeunes de 13 \u00e0 17 ans qui n\u00e9cessitent beaucoup plus d\u2019attention que des majeurs. Personne ne r\u00e9agit, alors que nous ne sommes pas en s\u00e9curit\u00e9 et les jeunes non plus, le tout au d\u00e9triment du fonctionnement de l\u2019\u00e9tablissement\u00bb, poursuit l\u2019agent, qui a \u00abla boule au ventre\u00bb \u00e0 l\u2019id\u00e9e de revenir travailler.<\/p>\n<p class=\"fig-paragraph\">Cons\u00e9quence\u00a0: les cours et autres activit\u00e9s normalement dispens\u00e9s au sein de la prison ont \u00e9t\u00e9 mis \u00e0 l\u2019arr\u00eat au courant mars, comme le confirme l\u2019<a href=\"https:\/\/oip.org\/communique\/a-la-prison-pour-mineurs-de-marseille-le-droit-a-leducation-gravement-menace\/\" target=\"_blank\" rel=\"nofollow noopener\" data-gtm-custom-categorie=\"navigation\" data-gtm-custom-action=\"crossclick\" data-gtm-custom-label=\"Contextuel\" data-gtm-event=\"customEventSPE\">Observatoire International des Prisons<\/a>\u00a0(OIP) dans un communiqu\u00e9. Pis\u00a0: des agents issus des\u00a0<a href=\"https:\/\/www.lefigaro.fr\/actualite-france\/2018\/09\/30\/01016-20180930ARTFIG00135--l-entrainement-avec-les-eris-ces-unites-d-elite-des-prisons.php\" data-fig-type=\"Article\" data-gtm-custom-categorie=\"navigation\" data-gtm-custom-action=\"crossclick\" data-gtm-custom-label=\"Contextuel\" data-gtm-event=\"customEventSPE\" data-fig-domain=\"LEFIGARO\" target=\"_blank\" rel=\"noopener\">\u00c9quipes r\u00e9gionales d\u2019intervention et de s\u00e9curit\u00e9<\/a>\u00a0(\u00c9ris) ont m\u00eame \u00e9t\u00e9 r\u00e9quisitionn\u00e9s pour assurer la s\u00e9curit\u00e9 de l\u2019EPM une nuit alors que le nombre de surveillants en poste ne permettait pas d\u2019assurer cette mission. Comme rappel\u00e9 par nos confr\u00e8res de\u00a0<a href=\"https:\/\/marsactu.fr\/prison-pour-mineurs-de-marseille-un-viol-sur-un-detenu-declenche-une-crise-sans-precedent\/\" target=\"_blank\" rel=\"nofollow noopener\" data-gtm-custom-categorie=\"navigation\" data-gtm-custom-action=\"crossclick\" data-gtm-custom-label=\"Contextuel\" data-gtm-event=\"customEventSPE\">Marsactu<\/a>, le d\u00e9ploiement de cette unit\u00e9 d\u2019\u00e9lite destin\u00e9e \u00e0 intervenir en cas de situation critique est loin d\u2019\u00eatre adapt\u00e9 \u00e0 ce type de t\u00e2che quotidienne.<\/p>\n<p class=\"fig-paragraph\">Cette crise est largement connue en interne, puisque une quinzaine de personnes issues d\u2019\u00e9tablissements p\u00e9nitentiaires du secteur est venue provisoirement renforcer les effectifs toujours en poste, comme confirm\u00e9 par la direction interr\u00e9gionale des services p\u00e9nitentiaires Sud-Est aupr\u00e8s de l\u2019OIP. Mais cette solution d\u2019urgence est temporaire et se heurte \u00e0 des imp\u00e9ratifs logistiques. \u00abL\u2019\u00e9tablissement tourne avec 50% des effectifs normaux. Les tensions sont fortes au sein de la prison, o\u00f9 r\u00e8gne un sentiment d\u2019omerta\u00bb, confirme le d\u00e9put\u00e9 de la 5e circonscription des Bouches-du-Rh\u00f4ne Hendrik Davi (NFP), qui a d\u00e9couvert l\u2019EPM de La Valentine le 7 mars dernier lors d\u2019une visite parlementaire.<\/p>\n<blockquote class=\"fig-quote&#10;    \">\n<p class=\"fig-quote__text\">La moiti\u00e9 des \u00e9ducateurs a l\u00e2ch\u00e9 prise, ils se disent que tout cela ne sert \u00e0 rien quand des jeunes reviennent quatre \u00e0 cinq fois dans l\u2019\u00e9tablissement<\/p>\n<p>            Un repr\u00e9sentant local du Syndicat P\u00e9nitentiaire des Surveillants\n    <\/p><\/blockquote>\n<p class=\"fig-paragraph\">\u00abOn est face \u00e0 des enfants qu\u2019on ne sent pas tous endurcis, mais aussi des mineurs qui souffrent d\u2019addictions et de probl\u00e8mes psychologiques. La direction de l\u2019\u00e9tablissement a assum\u00e9 les manques d\u2019effectifs sans maquiller les chiffres. Mais les probl\u00e8mes qui en d\u00e9coulent ont \u00e9t\u00e9 liss\u00e9s\u00bb, compl\u00e8te l\u2019\u00e9lu. \u00abOn les infantilise d\u2019un c\u00f4t\u00e9, alors que ce sont des individus capables de tout. C\u2019est comme chez les adultes, ce sont des gens qui ont d\u00e9j\u00e0 un pass\u00e9 carc\u00e9ral et judiciaire\u00bb, nuance toutefois le repr\u00e9sentant SPS, \u00e9voquant m\u00eame la pr\u00e9sence de mineurs li\u00e9s au gang criminel de la\u00a0<a href=\"http:\/\/www.lefigaro.fr\/marseille\/a-aix-en-provence-des-malfaiteurs-se-revendiquant-de-la-dz-mafia-plongent-une-discotheque-dans-la-terreur-20250107\" data-fig-type=\"NewsFlash\" data-gtm-custom-categorie=\"navigation\" data-gtm-custom-action=\"crossclick\" data-gtm-custom-label=\"Contextuel\" data-gtm-event=\"customEventSPE\" data-fig-domain=\"LEFIGARO\" target=\"_blank\" rel=\"noopener\">DZ Mafia<\/a>.<\/p>\n<p class=\"fig-paragraph\">Des conditions de d\u00e9tention qui renvoient \u00e0 un rapport de la Cour des comptes publi\u00e9 en 2024 dressant un bilan \u00abmitig\u00e9\u00bb pour les six EPM de l\u2019Hexagone,\u00a0<a href=\"https:\/\/www.lefigaro.fr\/actualite-france\/bilan-mitige-pour-les-six-etablissements-penitentiaires-pour-mineurs-20240105\" data-fig-type=\"Article\" data-gtm-custom-categorie=\"navigation\" data-gtm-custom-action=\"crossclick\" data-gtm-custom-label=\"Contextuel\" data-gtm-event=\"customEventSPE\" data-fig-domain=\"LEFIGARO\" target=\"_blank\" rel=\"noopener\">point\u00e9s du doigt pour leur manque de d\u00e9veloppement et d\u2019effectifs<\/a>. \u00abLa prise en charge de ces jeunes d\u00e9tenus est plus compliqu\u00e9e que dans les maisons d\u2019arr\u00eats pour majeurs. La moiti\u00e9 des \u00e9ducateurs a l\u00e2ch\u00e9 prise, ils se disent que tout cela ne sert \u00e0 rien quand des jeunes reviennent quatre \u00e0 cinq fois dans l\u2019\u00e9tablissement. La direction, quant \u00e0 elle, attend le point de rupture pour trouver une solution\u00bb, peste le syndicaliste.<\/p>\n","protected":false},"excerpt":{"rendered":"Cet \u00e9tablissement o\u00f9 sont incarc\u00e9r\u00e9s une cinquantaine d\u2019adolescents mis en cause dans des d\u00e9lits et des crimes souffre&hellip;\n","protected":false},"author":2,"featured_media":11012,"comment_status":"","ping_status":"","sticky":false,"template":"","format":"standard","meta":{"footnotes":""},"categories":[2814],"tags":[1111,11,885,1182,1180,1181,1777,674,1011,27,1184,1185,884,12,1177,1176,149,806,1186,882,25,1178,1183,5347,1179],"class_list":{"0":"post-11011","1":"post","2":"type-post","3":"status-publish","4":"format-standard","5":"has-post-thumbnail","7":"category-marseille","8":"tag-actu","9":"tag-actualites","10":"tag-bouches-du-rhone","11":"tag-calanques","12":"tag-canebiere","13":"tag-cite-phoceenne","14":"tag-eu","15":"tag-europe","16":"tag-fr","17":"tag-france","18":"tag-la-timone","19":"tag-les-baumettes-mediterranee","20":"tag-marseille","21":"tag-news","22":"tag-notre-dame-de-la-garde","23":"tag-olympique-de-marseille","24":"tag-om","25":"tag-prison","26":"tag-provence","27":"tag-provence-alpes-cote-dazur","28":"tag-republique-francaise","29":"tag-saint-charles","30":"tag-sormiou","31":"tag-surveillant-penitentiaire","32":"tag-vieux-port"},"share_on_mastodon":{"url":"https:\/\/pubeurope.com\/@fr\/114304089084321173","error":""},"_links":{"self":[{"href":"https:\/\/www.europesays.com\/fr\/wp-json\/wp\/v2\/posts\/11011","targetHints":{"allow":["GET"]}}],"collection":[{"href":"https:\/\/www.europesays.com\/fr\/wp-json\/wp\/v2\/posts"}],"about":[{"href":"https:\/\/www.europesays.com\/fr\/wp-json\/wp\/v2\/types\/post"}],"author":[{"embeddable":true,"href":"https:\/\/www.europesays.com\/fr\/wp-json\/wp\/v2\/users\/2"}],"replies":[{"embeddable":true,"href":"https:\/\/www.europesays.com\/fr\/wp-json\/wp\/v2\/comments?post=11011"}],"version-history":[{"count":0,"href":"https:\/\/www.europesays.com\/fr\/wp-json\/wp\/v2\/posts\/11011\/revisions"}],"wp:featuredmedia":[{"embeddable":true,"href":"https:\/\/www.europesays.com\/fr\/wp-json\/wp\/v2\/media\/11012"}],"wp:attachment":[{"href":"https:\/\/www.europesays.com\/fr\/wp-json\/wp\/v2\/media?parent=11011"}],"wp:term":[{"taxonomy":"category","embeddable":true,"href":"https:\/\/www.europesays.com\/fr\/wp-json\/wp\/v2\/categories?post=11011"},{"taxonomy":"post_tag","embeddable":true,"href":"https:\/\/www.europesays.com\/fr\/wp-json\/wp\/v2\/tags?post=11011"}],"curies":[{"name":"wp","href":"https:\/\/api.w.org\/{rel}","templated":true}]}}