{"id":1101113,"date":"2026-08-01T11:31:17","date_gmt":"2026-08-01T11:31:17","guid":{"rendered":"https:\/\/www.europesays.com\/fr\/1101113\/"},"modified":"2026-08-01T11:31:17","modified_gmt":"2026-08-01T11:31:17","slug":"photos-un-bon-vieux-0-0-entre-une-as-nancy-lorraine-bis-et-epinal","status":"publish","type":"post","link":"https:\/\/www.europesays.com\/fr\/1101113\/","title":{"rendered":"Photos. Un bon vieux 0-0 entre une AS Nancy Lorraine \u00ab\u00a0bis \u00bb et Epinal"},"content":{"rendered":"<p>Le match amical entre l&rsquo;ASNL et Epinal (N1) programm\u00e9 ce samedi matin, en for\u00eat de Haye, a accouch\u00e9 d&rsquo;un nul 0-0. Dans l&rsquo;ensemble c&rsquo;est le SAS, qui disputait son deuxi\u00e8me test pr\u00e9paratoire, qui s&rsquo;est montr\u00e9 le plus dangereux, mais sans parvenir \u00e0 concr\u00e9tiser. Pour ce premier match de la journ\u00e9e (avant ASNL-Dijon ce soir \u00e0 Picot), la formation au chardon \u00e9tait compos\u00e9e de r\u00e9servistes, ainsi que de quelques joueurs ayant fait la pr\u00e9paration des pros (Delaveau, Schnepp, Nahounou), et de deux recrues arriv\u00e9es cette semaine (Lembet et Coulibaly). L&rsquo;album photos de la rencontre.<\/p>\n","protected":false},"excerpt":{"rendered":"Le match amical entre l&rsquo;ASNL et Epinal (N1) programm\u00e9 ce samedi matin, en for\u00eat de Haye, a accouch\u00e9&hellip;\n","protected":false},"author":2,"featured_media":1101114,"comment_status":"","ping_status":"","sticky":false,"template":"","format":"standard","meta":{"footnotes":"","_share_on_mastodon":"0"},"categories":[9635],"tags":[1111,11,3703,11734,1704,1777,674,107,1701,63,1011,27,5325,2798,9540,775,1702,12,25,517,1700],"class_list":["post-1101113","post","type-post","status-publish","format-standard","has-post-thumbnail","category-nancy","tag-actu","tag-actualites","tag-asnl","tag-bois-de-haye","tag-edition-nancy-et-agglomeration","tag-eu","tag-europe","tag-fil-info","tag-fil-info-sport","tag-football","tag-fr","tag-france","tag-galerie-media","tag-galerie-photo","tag-galerie-sport","tag-grand-est","tag-nancy","tag-news","tag-republique-francaise","tag-sport","tag-sport-lorrain"],"share_on_mastodon":{"url":"https:\/\/pubeurope.com\/@fr\/117020032244342763","error":""},"_links":{"self":[{"href":"https:\/\/www.europesays.com\/fr\/wp-json\/wp\/v2\/posts\/1101113","targetHints":{"allow":["GET"]}}],"collection":[{"href":"https:\/\/www.europesays.com\/fr\/wp-json\/wp\/v2\/posts"}],"about":[{"href":"https:\/\/www.europesays.com\/fr\/wp-json\/wp\/v2\/types\/post"}],"author":[{"embeddable":true,"href":"https:\/\/www.europesays.com\/fr\/wp-json\/wp\/v2\/users\/2"}],"replies":[{"embeddable":true,"href":"https:\/\/www.europesays.com\/fr\/wp-json\/wp\/v2\/comments?post=1101113"}],"version-history":[{"count":0,"href":"https:\/\/www.europesays.com\/fr\/wp-json\/wp\/v2\/posts\/1101113\/revisions"}],"wp:featuredmedia":[{"embeddable":true,"href":"https:\/\/www.europesays.com\/fr\/wp-json\/wp\/v2\/media\/1101114"}],"wp:attachment":[{"href":"https:\/\/www.europesays.com\/fr\/wp-json\/wp\/v2\/media?parent=1101113"}],"wp:term":[{"taxonomy":"category","embeddable":true,"href":"https:\/\/www.europesays.com\/fr\/wp-json\/wp\/v2\/categories?post=1101113"},{"taxonomy":"post_tag","embeddable":true,"href":"https:\/\/www.europesays.com\/fr\/wp-json\/wp\/v2\/tags?post=1101113"}],"curies":[{"name":"wp","href":"https:\/\/api.w.org\/{rel}","templated":true}]}}