{"id":110122,"date":"2025-05-18T20:20:11","date_gmt":"2025-05-18T20:20:11","guid":{"rendered":"https:\/\/www.europesays.com\/fr\/110122\/"},"modified":"2025-05-18T20:20:11","modified_gmt":"2025-05-18T20:20:11","slug":"giro-isaac-del-toro-devient-le-premier-mexicain-a-endosser-le-maillot-rose-cest-indescriptible","status":"publish","type":"post","link":"https:\/\/www.europesays.com\/fr\/110122\/","title":{"rendered":"Giro : Isaac Del Toro devient le premier Mexicain \u00e0 endosser le maillot rose, \u00ab\u00a0c&rsquo;est indescriptible\u00a0\u00bb"},"content":{"rendered":"<p><a href=\"https:\/\/www.dhnet.be\/sports\/cyclisme\/giro\/2025\/05\/18\/giro-jai-du-mal-a-trouver-les-mots-wout-van-aert-exulte-apres-sa-victoire-a-sienne-U4I3VHP6MBF23JOSPWRBG5TXVE\/\" target=\"_blank\" rel=\"noopener noreferrer nofollow\" class=\"ap-StoryInterstitialLink ap-StoryElement ap-StoryElement--mb\">Giro : \u00ab\u00a0J&rsquo;ai du mal \u00e0 trouver les mots\u00a0\u00bb, Wout van Aert exulte apr\u00e8s sa victoire \u00e0 Sienne<\/a><\/p>\n<p class=\"ap-StoryElement ap-StoryElement--mb ap-StoryText\">Son concurrent Egan Bernal l&rsquo;a d\u00e9sign\u00e9 comme le meilleur coureur du peloton apr\u00e8s l&rsquo;arriv\u00e9e et a d\u00e9clar\u00e9 que le Mexicain devait lui aussi viser la victoire finale. \u00ab\u00a0R\u00eaver ne co\u00fbte rien. Mais j&rsquo;ai du mal \u00e0 croire qu&rsquo;Egan ait dit \u00e7a\u00a0\u00bb, a r\u00e9agi Del Toro. \u00ab\u00a0On verra bien. D&rsquo;abord bien manger, dormir, et on fera le point la semaine prochaine. Parfois \u00e7a se passe comme aujourd&rsquo;hui, parfois on n&rsquo;a pas les jambes. C&rsquo;est \u00e7a, la course.\u00a0\u00bb<\/p>\n<p class=\"ap-StoryElement ap-StoryElement--mb ap-StoryText\">Au classement g\u00e9n\u00e9ral, Del Toro poss\u00e8de 1 minute et 13 secondes d&rsquo;avance sur l&rsquo;Espagnol Juan Ayuso, son co\u00e9quipier chez UAE Emirates-XRG. Antonio Tiberi, Richard Carapaz, Giulio Ciccone, Simon Yates et Egan Bernal accusent un retard d&rsquo;une minute et demie ou plus, tandis que le grand favori Primoz Roglic pointe \u00e0 pr\u00e8s de deux minutes et demie.<\/p>\n","protected":false},"excerpt":{"rendered":"Giro : \u00ab\u00a0J&rsquo;ai du mal \u00e0 trouver les mots\u00a0\u00bb, Wout van Aert exulte apr\u00e8s sa victoire \u00e0 Sienne&hellip;\n","protected":false},"author":2,"featured_media":110123,"comment_status":"","ping_status":"","sticky":false,"template":"","format":"standard","meta":{"footnotes":""},"categories":[1411],"tags":[828,1154,207,1011,27,60],"class_list":{"0":"post-110122","1":"post","2":"type-post","3":"status-publish","4":"format-standard","5":"has-post-thumbnail","7":"category-cyclisme","8":"tag-belgique","9":"tag-cycling","10":"tag-cyclisme","11":"tag-fr","12":"tag-france","13":"tag-sports"},"share_on_mastodon":{"url":"https:\/\/pubeurope.com\/@fr\/114530695474288906","error":""},"_links":{"self":[{"href":"https:\/\/www.europesays.com\/fr\/wp-json\/wp\/v2\/posts\/110122","targetHints":{"allow":["GET"]}}],"collection":[{"href":"https:\/\/www.europesays.com\/fr\/wp-json\/wp\/v2\/posts"}],"about":[{"href":"https:\/\/www.europesays.com\/fr\/wp-json\/wp\/v2\/types\/post"}],"author":[{"embeddable":true,"href":"https:\/\/www.europesays.com\/fr\/wp-json\/wp\/v2\/users\/2"}],"replies":[{"embeddable":true,"href":"https:\/\/www.europesays.com\/fr\/wp-json\/wp\/v2\/comments?post=110122"}],"version-history":[{"count":0,"href":"https:\/\/www.europesays.com\/fr\/wp-json\/wp\/v2\/posts\/110122\/revisions"}],"wp:featuredmedia":[{"embeddable":true,"href":"https:\/\/www.europesays.com\/fr\/wp-json\/wp\/v2\/media\/110123"}],"wp:attachment":[{"href":"https:\/\/www.europesays.com\/fr\/wp-json\/wp\/v2\/media?parent=110122"}],"wp:term":[{"taxonomy":"category","embeddable":true,"href":"https:\/\/www.europesays.com\/fr\/wp-json\/wp\/v2\/categories?post=110122"},{"taxonomy":"post_tag","embeddable":true,"href":"https:\/\/www.europesays.com\/fr\/wp-json\/wp\/v2\/tags?post=110122"}],"curies":[{"name":"wp","href":"https:\/\/api.w.org\/{rel}","templated":true}]}}