{"id":1101222,"date":"2026-08-01T12:53:14","date_gmt":"2026-08-01T12:53:14","guid":{"rendered":"https:\/\/www.europesays.com\/fr\/1101222\/"},"modified":"2026-08-01T12:53:14","modified_gmt":"2026-08-01T12:53:14","slug":"meteo-quel-temps-est-il-prevu-a-vandoeuvre-les-nancy-et-ses-environs-le-samedi-1-aout-2026","status":"publish","type":"post","link":"https:\/\/www.europesays.com\/fr\/1101222\/","title":{"rendered":"M\u00e9t\u00e9o. Quel temps est-il pr\u00e9vu \u00e0 Vand\u0153uvre-l\u00e8s-Nancy et ses environs le samedi 1 ao\u00fbt 2026 ?"},"content":{"rendered":"<p data-ofstats-scroll=\"read_depth_20\">Au cours de la matin\u00e9e, le ciel restera uniform\u00e9ment charg\u00e9, passant d\u2019un couvert bas \u00e0 un voile de nuages \u00e9lev\u00e9s, avant de redevenir plus ferm\u00e9 en fin de p\u00e9riode. Dans cette ambiance stable, les temp\u00e9ratures \u00e9volueront l\u00e9g\u00e8rement entre 21 \u00b0C et 23 \u00b0C. Le vent restera faible, autour de 5 km\/h, avec des rafales pouvant atteindre 10 \u00e0 15 km\/h, en tournant du Nord-Est vers l\u2019Est, tandis que l\u2019humidit\u00e9 diminuera au fil des heures.<\/p>\n<p data-ofstats-scroll=\"read_depth_40\">L\u2019apr\u00e8s-midi prendra le relais avec un ciel couvert et une temp\u00e9rature stable autour de 25 \u00b0C \u00e0 son d\u00e9but. La n\u00e9bulosit\u00e9 se r\u00e9duira en milieu de p\u00e9riode, laissant un ciel plus nuageux, avant le retour de voiles \u00e9lev\u00e9s puis d\u2019un ciel tr\u00e8s nuageux. La temp\u00e9rature montera jusqu\u2019\u00e0 28 \u00b0C. Le vent restera faible \u00e0 5 km\/h, avec des rafales entre 15 et 20 km\/h, et une orientation passant du Nord-Est \u00e0 l\u2019Est-Sud-Est puis au Sud-Est.<\/p>\n<p data-ofstats-scroll=\"read_depth_50\">La soir\u00e9e prolongera cette tendance chaude, avec des temp\u00e9ratures passant de 29 \u00b0C en d\u00e9but de p\u00e9riode \u00e0 25 \u00b0C en fin de nuit, sans nouvelle baisse marqu\u00e9e apr\u00e8s 21 h. Le ciel demeurera largement couvert, seulement interrompu par un voile de nuages \u00e9lev\u00e9s autour de 22 h. Le vent, d\u2019abord quasi nul, se renforcera, soufflant de Nord-Ouest puis de Nord-Nord-Est et Nord-Est, entre 5 et 15 km\/h, avec des rafales pouvant atteindre 30 km\/h. L\u2019humidit\u00e9 sera en hausse progressive.<\/p>\n<p data-ofstats-scroll=\"read_depth_70\">Durant la nuit, la masse d\u2019air restera douce, avec des temp\u00e9ratures proches de 24 \u00b0C en d\u00e9but de p\u00e9riode, puis en baisse vers 22 \u00b0C avant l\u2019aube. Le vent du Nord-Est se renforcera l\u00e9g\u00e8rement, passant de 5 km\/h \u00e0 10 km\/h, avec des rafales pouvant atteindre 20 km\/h. Le ciel restera largement couvert, parfois sous un voile de nuages \u00e9lev\u00e9s, tandis que l\u2019humidit\u00e9 continuera de cro\u00eetre et se maintiendra \u00e0 un niveau \u00e9lev\u00e9.<\/p>\n<p data-ofstats-scroll=\"read_depth_90\">Demain, dimanche, dans le prolongement de cette nuit encore humide, les temp\u00e9ratures resteront d\u2019abord stables autour de 21 \u00b0C en d\u00e9but de matin\u00e9e, puis progresseront nettement pour atteindre environ 32 \u00b0C en fin d\u2019apr\u00e8s-midi. Le vent soufflera pr\u00e8s de 10 km\/h, avec des rafales jusqu\u2019\u00e0 20 km\/h, avant de faiblir vers 5 km\/h l\u2019apr\u00e8s-midi, tout en conservant des rafales proches de 25 km\/h. Le ciel passera d\u2019un voile de nuages \u00e9lev\u00e9s \u00e0 un ciel clair, avec une humidit\u00e9 en baisse au fil des heures.<\/p>\n<p data-ofstats-scroll=\"read_depth_90\"><a href=\"https:\/\/www.ouest-france.fr\/meteo\/grand-est\/vandoeuvre-les-nancy-54500\/\" rel=\"nofollow noopener\" target=\"_blank\">Suivez la m\u00e9t\u00e9o de votre commune en temps r\u00e9el<\/a><\/p>\n<p data-ofstats-scroll=\"read_depth_100\">Ouest-France vous donne \u00e9galement la possibilit\u00e9 de conna\u00eetre la m\u00e9t\u00e9o de votre commune, heure par heure, sur notre page m\u00e9t\u00e9o d\u00e9di\u00e9e<\/p>\n","protected":false},"excerpt":{"rendered":"Au cours de la matin\u00e9e, le ciel restera uniform\u00e9ment charg\u00e9, passant d\u2019un couvert bas \u00e0 un voile de&hellip;\n","protected":false},"author":2,"featured_media":1101223,"comment_status":"","ping_status":"","sticky":false,"template":"","format":"standard","meta":{"footnotes":"","_share_on_mastodon":"0"},"categories":[9635],"tags":[1111,11,11734,1777,674,1011,27,775,1702,9847,12,25,24495,5711],"class_list":["post-1101222","post","type-post","status-publish","format-standard","has-post-thumbnail","category-nancy","tag-actu","tag-actualites","tag-bois-de-haye","tag-eu","tag-europe","tag-fr","tag-france","tag-grand-est","tag-nancy","tag-neuves-maisons","tag-news","tag-republique-francaise","tag-richardmenil","tag-vandoeuvre-les-nancy"],"share_on_mastodon":{"url":"","error":""},"_links":{"self":[{"href":"https:\/\/www.europesays.com\/fr\/wp-json\/wp\/v2\/posts\/1101222","targetHints":{"allow":["GET"]}}],"collection":[{"href":"https:\/\/www.europesays.com\/fr\/wp-json\/wp\/v2\/posts"}],"about":[{"href":"https:\/\/www.europesays.com\/fr\/wp-json\/wp\/v2\/types\/post"}],"author":[{"embeddable":true,"href":"https:\/\/www.europesays.com\/fr\/wp-json\/wp\/v2\/users\/2"}],"replies":[{"embeddable":true,"href":"https:\/\/www.europesays.com\/fr\/wp-json\/wp\/v2\/comments?post=1101222"}],"version-history":[{"count":0,"href":"https:\/\/www.europesays.com\/fr\/wp-json\/wp\/v2\/posts\/1101222\/revisions"}],"wp:featuredmedia":[{"embeddable":true,"href":"https:\/\/www.europesays.com\/fr\/wp-json\/wp\/v2\/media\/1101223"}],"wp:attachment":[{"href":"https:\/\/www.europesays.com\/fr\/wp-json\/wp\/v2\/media?parent=1101222"}],"wp:term":[{"taxonomy":"category","embeddable":true,"href":"https:\/\/www.europesays.com\/fr\/wp-json\/wp\/v2\/categories?post=1101222"},{"taxonomy":"post_tag","embeddable":true,"href":"https:\/\/www.europesays.com\/fr\/wp-json\/wp\/v2\/tags?post=1101222"}],"curies":[{"name":"wp","href":"https:\/\/api.w.org\/{rel}","templated":true}]}}