{"id":1101241,"date":"2026-08-01T13:07:20","date_gmt":"2026-08-01T13:07:20","guid":{"rendered":"https:\/\/www.europesays.com\/fr\/1101241\/"},"modified":"2026-08-01T13:07:20","modified_gmt":"2026-08-01T13:07:20","slug":"faire-reparer-son-velo-a-domicile-cest-possible-a-nice-avec-cyclab06","status":"publish","type":"post","link":"https:\/\/www.europesays.com\/fr\/1101241\/","title":{"rendered":"Faire r\u00e9parer son v\u00e9lo \u00e0 domicile\u00a0? C&rsquo;est possible \u00e0 Nice avec Cyclab06"},"content":{"rendered":"<p melodystyle=\"\">Une crevaison sur un v\u00e9lo \u00e9lectrique ou un cargo peut rapidement devenir un casse-t\u00eate lorsqu&rsquo;il faut transporter plusieurs dizaines de kilos jusqu&rsquo;\u00e0 un atelier. C&rsquo;est ce constat qui a pouss\u00e9 Alessandro Bracco \u00e0 lancer <a href=\"https:\/\/www.cyclab06.com\/\" target=\"_blank\" rel=\"nofollow noopener\"><b>Cyclab06<\/b><\/a>. Apr\u00e8s avoir perdu son emploi en 2022, il d\u00e9cide de se lancer dans une formation de m\u00e9canicien cycle avant de cr\u00e9er son entreprise en 2023. Son id\u00e9e est toute simple\u00a0: d\u00e9placer l&rsquo;atelier chez le client. \u00ab\u00a0Il existait beaucoup de magasins de v\u00e9lo, mais tr\u00e8s peu de services de r\u00e9paration \u00e0 domicile\u00a0\u00bb, explique-t-il. Cyclab06 intervient ainsi aussi bien sur les v\u00e9los classiques que sur les v\u00e9los \u00e9lectriques, mais s&rsquo;est aussi progressivement sp\u00e9cialis\u00e9 dans la r\u00e9paration des v\u00e9los cargo, de plus en plus utilis\u00e9s. \u00ab\u00a0Peu d&rsquo;ateliers disposent de suffisamment de place pour les stocker. En travaillant directement chez le client, je n&rsquo;ai pas cette contrainte\u00a0\u00bb, explique Alessandro Bracco. Si une intervention pour une crevaison est par exemple factur\u00e9e 20\u00a0\u20ac, des frais de d\u00e9placement compris entre 10 et 20\u00a0\u20ac selon la localisation s&rsquo;ajoutent \u00e0 la prestation. Son p\u00e9rim\u00e8tre d&rsquo;activit\u00e9 couvre l&rsquo;ensemble de Nice en optimisant ses tourn\u00e9es afin de limiter les d\u00e9placements inutiles.<\/p>\n<p>Miser sur les entreprises<\/p>\n<p melodystyle=\"\">Si le projet ciblait initialement les particuliers, son d\u00e9veloppement a rapidement pris une autre direction. Sans avoir r\u00e9alis\u00e9 la moindre campagne de publicit\u00e9, Alessandro Bracco a commenc\u00e9 \u00e0 \u00eatre contact\u00e9 par des entreprises cherchant un r\u00e9parateur capable d&rsquo;intervenir rapidement sur leurs flottes de v\u00e9los. Aujourd&rsquo;hui, il travaille notamment avec des loueurs, des organisateurs de visites touristiques, un supermarch\u00e9 Carrefour (pour son service de livraison \u00e0 v\u00e9lo cargo) et m\u00eame l&rsquo;entreprise de location de v\u00e9los \u00e9lectriques Pony. R\u00e9sultat\u00a0: les professionnels repr\u00e9sentent d\u00e9sormais pr\u00e8s de 60\u00a0% du chiffre d&rsquo;affaires de Cyclab06, contre 40\u00a0% pour les particuliers.<\/p>\n<p>Sept interventions par jour<\/p>\n<p melodystyle=\"\">Une activit\u00e9 qui se d\u00e9veloppe particuli\u00e8rement en \u00e9t\u00e9. Durant la haute saison, Alessandro Bracco ne prend pratiquement plus de demandes de nouveaux particuliers, pour pouvoir r\u00e9pondre \u00e0 celles de ses clients r\u00e9guliers et des entreprises. Il r\u00e9alise en moyenne six \u00e0 sept interventions par jour et travaille une dizaine d&rsquo;heures quotidiennes. Cette croissance pose d\u00e9sormais une nouvelle question\u00a0: comment continuer \u00e0 d\u00e9velopper l&rsquo;entreprise\u00a0? \u00ab\u00a0Je suis arriv\u00e9 \u00e0 la capacit\u00e9 maximale de ce que je peux faire seul\u00a0\u00bb, reconna\u00eet le fondateur. Mais il l&rsquo;avoue, trouver un collaborateur s&rsquo;av\u00e8re complexe. Outre les comp\u00e9tences techniques, le m\u00e9tier demande un v\u00e9ritable sens du contact, de l&rsquo;autonomie, la capacit\u00e9 de travailler toute la journ\u00e9e en ext\u00e9rieur, une bonne ma\u00eetrise du fran\u00e7ais et id\u00e9alement de l&rsquo;anglais. \u00ab\u00a0L&rsquo;entreprise est aujourd&rsquo;hui tr\u00e8s li\u00e9e \u00e0 ma personne, souligne-t-il. C&rsquo;est une force, mais aussi une limite au d\u00e9veloppement\u00a0\u00bb.<\/p>\n<p>Deux sc\u00e9narios pour la suite<\/p>\n<p melodystyle=\"\">\u00c0 plus long terme, Alessandro Bracco h\u00e9site entre deux mod\u00e8les de d\u00e9veloppement. Le premier consisterait \u00e0 ouvrir un atelier physique tout en conservant un service mobile. Le second viserait \u00e0 rester sur un mod\u00e8le 100\u00a0% itin\u00e9rant, mais avec plusieurs m\u00e9caniciens capables d&rsquo;intervenir simultan\u00e9ment dans diff\u00e9rents quartiers de Nice. \u00ab\u00a0Pour l&rsquo;instant, je pr\u00e9f\u00e8re voir comment l&rsquo;activit\u00e9 \u00e9volue avant de prendre une d\u00e9cision\u00a0\u00bb, conclut-il.\u00a0<\/p>\n","protected":false},"excerpt":{"rendered":"Une crevaison sur un v\u00e9lo \u00e9lectrique ou un cargo peut rapidement devenir un casse-t\u00eate lorsqu&rsquo;il faut transporter plusieurs&hellip;\n","protected":false},"author":2,"featured_media":1101242,"comment_status":"","ping_status":"","sticky":false,"template":"","format":"standard","meta":{"footnotes":"","_share_on_mastodon":"0"},"categories":[2819],"tags":[1111,11,4304,1777,674,1011,27,12,2401,882,25],"class_list":["post-1101241","post","type-post","status-publish","format-standard","has-post-thumbnail","category-nice","tag-actu","tag-actualites","tag-carrefour","tag-eu","tag-europe","tag-fr","tag-france","tag-news","tag-nice","tag-provence-alpes-cote-dazur","tag-republique-francaise"],"share_on_mastodon":{"url":"https:\/\/pubeurope.com\/@fr\/117020409403818195","error":""},"_links":{"self":[{"href":"https:\/\/www.europesays.com\/fr\/wp-json\/wp\/v2\/posts\/1101241","targetHints":{"allow":["GET"]}}],"collection":[{"href":"https:\/\/www.europesays.com\/fr\/wp-json\/wp\/v2\/posts"}],"about":[{"href":"https:\/\/www.europesays.com\/fr\/wp-json\/wp\/v2\/types\/post"}],"author":[{"embeddable":true,"href":"https:\/\/www.europesays.com\/fr\/wp-json\/wp\/v2\/users\/2"}],"replies":[{"embeddable":true,"href":"https:\/\/www.europesays.com\/fr\/wp-json\/wp\/v2\/comments?post=1101241"}],"version-history":[{"count":0,"href":"https:\/\/www.europesays.com\/fr\/wp-json\/wp\/v2\/posts\/1101241\/revisions"}],"wp:featuredmedia":[{"embeddable":true,"href":"https:\/\/www.europesays.com\/fr\/wp-json\/wp\/v2\/media\/1101242"}],"wp:attachment":[{"href":"https:\/\/www.europesays.com\/fr\/wp-json\/wp\/v2\/media?parent=1101241"}],"wp:term":[{"taxonomy":"category","embeddable":true,"href":"https:\/\/www.europesays.com\/fr\/wp-json\/wp\/v2\/categories?post=1101241"},{"taxonomy":"post_tag","embeddable":true,"href":"https:\/\/www.europesays.com\/fr\/wp-json\/wp\/v2\/tags?post=1101241"}],"curies":[{"name":"wp","href":"https:\/\/api.w.org\/{rel}","templated":true}]}}