{"id":110126,"date":"2025-05-18T20:22:09","date_gmt":"2025-05-18T20:22:09","guid":{"rendered":"https:\/\/www.europesays.com\/fr\/110126\/"},"modified":"2025-05-18T20:22:09","modified_gmt":"2025-05-18T20:22:09","slug":"alexander-skarsgard-nenfile-pas-que-des-smokings-liberation","status":"publish","type":"post","link":"https:\/\/www.europesays.com\/fr\/110126\/","title":{"rendered":"Alexander Skarsgard n\u2019enfile pas que des smokings \u2013 Lib\u00e9ration"},"content":{"rendered":"<p><a href=\"https:\/\/www.liberation.fr\/tags\/festival-de-cannes\/\" class=\"sc-hZgfyJ ejgNQT\" target=\"_blank\" rel=\"noopener\"><img decoding=\"async\" alt=\"\" src=\"https:\/\/www.europesays.com\/fr\/wp-content\/uploads\/2025\/05\/https:\/\/cloudfront-eu-central-1.images.arcpublishing.com\/liberation\/EJVVJJM3CZBJPMGOML3B2QLRSE.png\" class=\"sc-hKpBwk fcgVsq\"\/><\/a><\/p>\n<p class=\"sc-ksZaOG ehjQrN text-element\">\u00abUn homme d\u00e9guis\u00e9 en oiseau choque le Festival de Cannes lors de la mont\u00e9e des marches de Jennifer Lawrence et Robert Pattinson.\u00bb C\u2019est le titre d\u2019un article publi\u00e9 samedi 17 mai, un peu avant minuit par un journaliste de Variety en proie \u00e0 un besoin irr\u00e9pressible de croire au scoop ou \u00e0 une pol\u00e9mique dont la dur\u00e9e de vie serait sup\u00e9rieure \u00e0 cinq grosses minutes. Cette performance <a href=\"https:\/\/www.liberation.fr\/lifestyle\/mode\/dress-code-du-festival-de-cannes-la-direction-hausse-le-teton-20250513_BCFNWDTWX5GRHGQ3IUDMJ5FKB4\/?redirected=1\" target=\"_blank\" rel=\"noreferrer noopener\" title=\"https:\/\/www.liberation.fr\/lifestyle\/mode\/dress-code-du-festival-de-cannes-la-direction-hausse-le-teton-20250513_BCFNWDTWX5GRHGQ3IUDMJ5FKB4\/?redirected=1\">hors de toute r\u00e8gle protocolaire<\/a>, quand bien m\u00eame les hommes sont oblig\u00e9s d\u2019arborer le r\u00e9glementaire d\u00e9guisement de pingouin, est en fait la derni\u00e8re trouvaille de <a href=\"https:\/\/www.liberation.fr\/portraits\/raphael-quenard-lacrobate-du-verbe-20250515_FIN4JFHUFZCQ7KIWCVR7CN2XGY\/\" target=\"_blank\" rel=\"noreferrer noopener\" title=\"https:\/\/www.liberation.fr\/portraits\/raphael-quenard-lacrobate-du-verbe-20250515_FIN4JFHUFZCQ7KIWCVR7CN2XGY\/\">Rapha\u00ebl Quenard<\/a> pour faire parler de lui, sport dont il est pass\u00e9 champion toute cat\u00e9gorie apr\u00e8s des ann\u00e9es de gal\u00e8re \u00e0 mijoter dans un anonymat o\u00f9 il entend bien ne plus jamais retourner (il a jou\u00e9 dans quinze films en deux ans et vient de publier un roman, <a href=\"https:\/\/www.liberation.fr\/societe\/droits-des-femmes\/pourquoi-je-ne-lirai-pas-le-livre-sur-un-serial-killer-de-raphael-quenard-20250324_R2TEIJJ7LVFVVJYXI4XKCYVBYU\/\" target=\"_blank\" rel=\"noreferrer noopener\" title=\"https:\/\/www.liberation.fr\/societe\/droits-des-femmes\/pourquoi-je-ne-lirai-pas-le-livre-sur-un-serial-killer-de-raphael-quenard-20250324_R2TEIJJ7LVFVVJYXI4XKCYVBYU\/\">Clamser \u00e0 Tataouine<\/a>). Il pr\u00e9sente ici I Love Peru en s\u00e9lection Cannes Classics (pourquoi l\u00e0, personne ne le sait, vu qu\u2019il s\u2019agit normalement de films patrimoniaux) o\u00f9 ce \u00abcondor\u00bb p\u00e9ruvien tient, para\u00eet-il, un r\u00f4le. On s\u2019attend \u00e0 tout moment \u00e0 ce qu\u2019il annonce le lancement d\u2019une ligne de v\u00eatement, d\u2019une cha\u00eene de restaurants, un triple album de chansons folkloriques, qu\u2019il part s\u2019installer \u00e0 Duba\u00ef au sommet d\u2019une tour vide et pr\u00f4ne la prise massive de drogues hallucinog\u00e8nes pour gu\u00e9rir du stress tout en vantant les vertus du fromage \u00e0 p\u00e2te molle. Bref, nawak-man en freestyle.<\/p>\n<p class=\"sc-ksZaOG ehjQrN text-element\"><b>L\u2019Agent secret<\/b><b> de Kleber Mendon\u00e7a Filho.<\/b> Virtuose, le thriller de Kleber Mendon\u00e7a Filho sur un universitaire poursuivi par la dictature br\u00e9silienne dans les ann\u00e9es 70 est tr\u00e8s politique, brutal et joyeux. <a href=\"https:\/\/www.liberation.fr\/culture\/cinema\/cannes-2025-lagent-secret-de-kleber-mendonca-filho-carnaval-de-brio-20250518_T4BI6EFR2JDGTP3LQJ3JKSLQ4A\/\" target=\"_blank\" rel=\"noreferrer noopener\" title=\"https:\/\/www.liberation.fr\/culture\/cinema\/cannes-2025-lagent-secret-de-kleber-mendonca-filho-carnaval-de-brio-20250518_T4BI6EFR2JDGTP3LQJ3JKSLQ4A\/\">\u00abL\u2019Agent secret\u00bb, carnaval de brio<\/a><\/p>\n<p class=\"sc-ksZaOG ehjQrN text-element\"><b>Le Rire et le Couteau <\/b><b>de Pedro Pinho. <\/b>Le film-fleuve du cin\u00e9aste, sur un ing\u00e9nieur portugais venu faire une \u00e9tude environnementale en Guin\u00e9e-Bissau, glisse dans les m\u00e9andres des d\u00e9sirs et des incertitudes. <a href=\"https:\/\/www.liberation.fr\/culture\/cinema\/cannes-2025-le-rire-et-le-couteau-en-route-libre-20250518_ALZTCUMPDJCTRID3GQK7PZE334\/\" target=\"_blank\" rel=\"noreferrer noopener\" title=\"https:\/\/www.liberation.fr\/culture\/cinema\/cannes-2025-le-rire-et-le-couteau-en-route-libre-20250518_ALZTCUMPDJCTRID3GQK7PZE334\/\">\u00abLe Rire et le Couteau\u00bb, en route libre<\/a><\/p>\n<p class=\"sc-ksZaOG ehjQrN text-element\"><b>Pillion <\/b><b>de Harry Lighton. <\/b>Le premier long m\u00e9trage du cin\u00e9aste suit une relation de domination avec Alexander Skarsgard dans le r\u00f4le d\u2019un motard sado-maso. <a href=\"https:\/\/www.liberation.fr\/culture\/cinema\/cannes-2025-pillion-prix-de-la-mise-en-sm-20250518_ZRJ764SV7FAT5F3PI65FBPCTBE\/\" target=\"_blank\" rel=\"noreferrer noopener\" title=\"https:\/\/www.liberation.fr\/culture\/cinema\/cannes-2025-pillion-prix-de-la-mise-en-sm-20250518_ZRJ764SV7FAT5F3PI65FBPCTBE\/\">\u00abPillion\u00bb, prix de la mise en SM<\/a><\/p>\n<p class=\"sc-ksZaOG ehjQrN text-element\"><b>L\u2019Inconnu de la Grande Arche<\/b><b> de St\u00e9phane Demoustier. <\/b>Le cin\u00e9aste relate avec une tendresse amus\u00e9e les d\u00e9boires de l\u2019ultra-d\u00e9butant architecte danois qui a imagin\u00e9 le monument parisien. <a href=\"https:\/\/www.liberation.fr\/culture\/cinema\/cannes-2025-linconnu-de-la-grande-arche-secrete-defense-20250518_KB3KQ35IQVDC3AET6FDYZEMQXM\/\" target=\"_blank\" rel=\"noreferrer noopener\" title=\"https:\/\/www.liberation.fr\/culture\/cinema\/cannes-2025-linconnu-de-la-grande-arche-secrete-defense-20250518_KB3KQ35IQVDC3AET6FDYZEMQXM\/\">\u00abL\u2019Inconnu de la Grande Arche\u00bb, secr\u00e8te D\u00e9fense<\/a><\/p>\n<p class=\"sc-ksZaOG ehjQrN text-element\"><b>The Chronology of Water<\/b><b> de Kristen Stewart. <\/b>Dans son premier long m\u00e9trage, l\u2019actrice adapte la M\u00e9canique des fluides de Lidia Yuknavitch, m\u00e9moires d\u2019une enfance sous l\u2019emprise p\u00e8re abusif. <a href=\"https:\/\/www.liberation.fr\/culture\/cinema\/cannes-2025-the-chronology-of-water-kristen-stewart-mene-lintense-20250518_SB3NXF2ARVFDXMBWOUWDOPN4RQ\/\" target=\"_blank\" rel=\"noreferrer noopener\" title=\"https:\/\/www.liberation.fr\/culture\/cinema\/cannes-2025-the-chronology-of-water-kristen-stewart-mene-lintense-20250518_SB3NXF2ARVFDXMBWOUWDOPN4RQ\/\">\u00abThe Chronology of Water\u00bb, Kristen Stewart m\u00e8ne l\u2019intense<\/a><\/p>\n<p class=\"sc-ksZaOG ehjQrN text-element\"><b>Die, My Love <\/b><b>de Lynne Ramsay. <\/b>Port\u00e9 par les prouesses d\u2019une Jennifer Lawrence en Gena Rowlands, l\u2019adaptation du roman Cr\u00e8ve, mon amour par Lynne Ramsay s\u2019av\u00e8re un vide de fiction et de cin\u00e9ma intersid\u00e9ral. <a href=\"https:\/\/www.liberation.fr\/culture\/cinema\/cannes-2025-die-my-love-file-le-mal-de-mere-20250518_MM7HLY7F6VAJLMJM5567EFYGIA\/\" target=\"_blank\" rel=\"noreferrer noopener\" title=\"https:\/\/www.liberation.fr\/culture\/cinema\/cannes-2025-die-my-love-file-le-mal-de-mere-20250518_MM7HLY7F6VAJLMJM5567EFYGIA\/\">\u00abDie, My Love\u00bb file le mal de m\u00e8re<\/a><\/p>\n<p class=\"sc-ksZaOG ehjQrN text-element\">Devenu ami pendant l\u2019\u00e8re Bolsonaro avec Kleber Mendon\u00e7a Filho, qui lui donne le premier r\u00f4le de \u00abl\u2019Agent secret\u00bb, <b>Wagner Moura<\/b> est d\u2019une rare spontan\u00e9it\u00e9. <a href=\"https:\/\/www.liberation.fr\/culture\/cinema\/cannes-2025-wagner-moura-cool-declat-20250518_Y7Z7RA6SHFBMHFV3Y5DEMYNGTU\/\" target=\"_blank\" rel=\"noreferrer noopener\" title=\"https:\/\/www.liberation.fr\/culture\/cinema\/cannes-2025-wagner-moura-cool-declat-20250518_Y7Z7RA6SHFBMHFV3Y5DEMYNGTU\/\">Cool d\u2019\u00e9clat<\/a><\/p>\n<p class=\"sc-ksZaOG ehjQrN text-element\"><b>Le retour surprise de Kevin Spacey ? <\/b>L\u2019entreprise de r\u00e9habilitation est lanc\u00e9e. Vis\u00e9 par de nombreuses accusations d\u2019agressions sexuelles \u2013 <a href=\"https:\/\/www.liberation.fr\/international\/europe\/a-londres-lacteur-kevin-spacey-reconnu-non-coupable-dagressions-sexuelles-20230726_2UXY7X4UNZFUZHZMWOQCR54OZU\/\" target=\"_blank\" rel=\"noreferrer noopener\" title=\"https:\/\/www.liberation.fr\/international\/europe\/a-londres-lacteur-kevin-spacey-reconnu-non-coupable-dagressions-sexuelles-20230726_2UXY7X4UNZFUZHZMWOQCR54OZU\/\">certaines dont il a \u00e9t\u00e9 acquitt\u00e9<\/a> mais <a href=\"https:\/\/www.liberation.fr\/international\/amerique\/kevin-spacey-vise-par-une-nouvelle-plainte-pour-agression-sexuelle-20250212_SX3GFWZSAFBFXCWNBMBANN4ICY\/\" target=\"_blank\" rel=\"noreferrer noopener\" title=\"https:\/\/www.liberation.fr\/international\/amerique\/kevin-spacey-vise-par-une-nouvelle-plainte-pour-agression-sexuelle-20250212_SX3GFWZSAFBFXCWNBMBANN4ICY\/\">d\u2019autres non<\/a> \u2013, l\u2019acteur, qui n\u2019avait plus mis les pieds \u00e0 Cannes depuis pr\u00e8s de dix ans, devrait recevoir un \u00ablifetime achievement honor\u00bb remis par l\u2019ONG Better World Fund lors de son gala cannois, mardi 20 mai. <a href=\"https:\/\/variety.com\/2025\/film\/global\/kevin-spacey-surprise-appearance-cannes-award-1236401716\/\" target=\"_blank\" rel=\"noreferrer noopener\" title=\"https:\/\/variety.com\/2025\/film\/global\/kevin-spacey-surprise-appearance-cannes-award-1236401716\/\">Un voyage organis\u00e9 selon Variety<\/a> par le producteur du thriller The Awakening, dans lequel joue Spacey, et qui sera vendu au march\u00e9 du film. Le m\u00e9dia a \u00e9galement \u00e9voqu\u00e9 la possibilit\u00e9 d\u2019une mont\u00e9e des marches pour l\u2019acteur, ce qui serait un peu \u00e9tonnant apr\u00e8s l\u2019engagement pris par le Festival de Cannes <a href=\"https:\/\/www.liberation.fr\/culture\/cinema\/violences-sexistes-et-sexuelles-le-festival-de-cannes-veut-une-prise-de-conscience-reelle-20250515_R7MH3EMQXRC6LBVFYZCAWMZDR4\/\" target=\"_blank\" rel=\"noreferrer noopener\" title=\"https:\/\/www.liberation.fr\/culture\/cinema\/violences-sexistes-et-sexuelles-le-festival-de-cannes-veut-une-prise-de-conscience-reelle-20250515_R7MH3EMQXRC6LBVFYZCAWMZDR4\/\">d\u2019\u00eatre vigilant sur les cas de violences sexistes et sexuelles<\/a>.<\/p>\n<p class=\"sc-ksZaOG ehjQrN text-element\"><b>Palme d\u2019or d\u2019honneur pour les bras de Pedro Pascal. <\/b>A Cannes pour pr\u00e9senter <a href=\"https:\/\/www.liberation.fr\/culture\/cinema\/cannes-2025-eddington-sherif-fais-nous-peur-20250516_4OFDFOOH7NGFNEN3LLERGRHUFE\/\" target=\"_blank\" rel=\"noopener\">Eddington d\u2019Ari Aster<\/a>, l\u2019acteur a profit\u00e9 de la conf\u00e9rence de presse du film, samedi, pour \u00e9voquer \u00e0 demi-mot, dans une contorsion tr\u00e8s miss France, la situation politique aux Etats-Unis et notamment la chasse aux migrants men\u00e9e par Donald Trump. \u00abJe veux que les gens soient en s\u00e9curit\u00e9 et prot\u00e9g\u00e9s, a dit l\u2019acteur. Je veux aussi \u00eatre du bon c\u00f4t\u00e9 de l\u2019histoire. Je suis un immigrant, mes parents sont des r\u00e9fugi\u00e9s chiliens, nous avons fui la dictature et j\u2019ai eu la chance de grandir aux Etats-Unis apr\u00e8s avoir re\u00e7u l\u2019asile au Danemark. Si nous n\u2019avions pas eu \u00e7a, je ne sais pas ce qui nous serait arriv\u00e9. Je soutiens ces protections.\u00bb La sc\u00e8ne a beaucoup tourn\u00e9 sur les r\u00e9seaux sociaux, moiti\u00e9 pour son message, moiti\u00e9 pour le marcel noir qu\u2019arborait l\u2019acteur aux bras muscl\u00e9s. \u00abLa peur, a-t-il ajout\u00e9, c\u2019est comme \u00e7a qu\u2019ils gagnent.\u00bb<\/p>\n<p class=\"sc-ksZaOG ehjQrN text-element\"><b>Le jeu est simple : on vous donne un extrait d\u2019une critique cin\u00e9 parue dans <\/b><b>Lib\u00e9ration<\/b><b> \u00e0 l\u2019\u00e9poque, \u00e0 vous de retrouver de quel film il s\u2019agit !<\/b><\/p>\n<p class=\"sc-ksZaOG ehjQrN text-element\">\u00ab\u2026Encore un cauchemar dermato ruisselant d\u2019humeurs de toutes les couleurs et un nouvel \u00e9loge de la d\u00e9brouille, avec ses sc\u00e8nes d\u2019auto-avortement (avort\u00e9), d\u2019auto-rhinoplastie (\u00e0 coups de lavabo), d\u2019auto-immolation par le feu.\u00bb<\/p>\n<p class=\"sc-ksZaOG ehjQrN text-element\">Parmi les films attendus, on citera le nouveau Spike Lee, <b>Highest 2 Lowest<\/b><b>,<\/b> adaptation de Ran\u00e7on sur un th\u00e8me mineur d\u2019Ed McBain, d\u00e9j\u00e0 port\u00e9 \u00e0 l\u2019\u00e9cran par Akira Kurosawa (Entre le ciel et l\u2019enfer) avec Denzel Washington dans le r\u00f4le d\u2019un magnat de la musique dont un des membres de la famille est enlev\u00e9. Au casting, le rappeur A$AP Rocky. Mais l\u2019\u00e9v\u00e9nement du jour sera, et de loin, la projection de gala d\u2019<b>Alpha<\/b> de Julia Ducournau, palme d\u2019or en 2021 pour <a href=\"https:\/\/www.liberation.fr\/culture\/cinema\/titane-vraiment-acier-20210713_6V3YG3EFNVETZPYJKUXRFR7UUA\/\" target=\"_blank\" rel=\"noreferrer noopener\" title=\"https:\/\/www.liberation.fr\/culture\/cinema\/titane-vraiment-acier-20210713_6V3YG3EFNVETZPYJKUXRFR7UUA\/\">Titane<\/a> et qui r\u00e9appara\u00eet avec ce film soigneusement tenu secret et pour lequel Tahar Rahim avait perdu \u00e9norm\u00e9ment de poids.<\/p>\n","protected":false},"excerpt":{"rendered":"\u00abUn homme d\u00e9guis\u00e9 en oiseau choque le Festival de Cannes lors de la mont\u00e9e des marches de Jennifer&hellip;\n","protected":false},"author":2,"featured_media":110127,"comment_status":"","ping_status":"","sticky":false,"template":"","format":"standard","meta":{"footnotes":""},"categories":[1359],"tags":[58,59,5634,1011,27,973],"class_list":{"0":"post-110126","1":"post","2":"type-post","3":"status-publish","4":"format-standard","5":"has-post-thumbnail","7":"category-people","8":"tag-divertissement","9":"tag-entertainment","10":"tag-festival-de-cannes","11":"tag-fr","12":"tag-france","13":"tag-people"},"share_on_mastodon":{"url":"https:\/\/pubeurope.com\/@fr\/114530703378719832","error":""},"_links":{"self":[{"href":"https:\/\/www.europesays.com\/fr\/wp-json\/wp\/v2\/posts\/110126","targetHints":{"allow":["GET"]}}],"collection":[{"href":"https:\/\/www.europesays.com\/fr\/wp-json\/wp\/v2\/posts"}],"about":[{"href":"https:\/\/www.europesays.com\/fr\/wp-json\/wp\/v2\/types\/post"}],"author":[{"embeddable":true,"href":"https:\/\/www.europesays.com\/fr\/wp-json\/wp\/v2\/users\/2"}],"replies":[{"embeddable":true,"href":"https:\/\/www.europesays.com\/fr\/wp-json\/wp\/v2\/comments?post=110126"}],"version-history":[{"count":0,"href":"https:\/\/www.europesays.com\/fr\/wp-json\/wp\/v2\/posts\/110126\/revisions"}],"wp:featuredmedia":[{"embeddable":true,"href":"https:\/\/www.europesays.com\/fr\/wp-json\/wp\/v2\/media\/110127"}],"wp:attachment":[{"href":"https:\/\/www.europesays.com\/fr\/wp-json\/wp\/v2\/media?parent=110126"}],"wp:term":[{"taxonomy":"category","embeddable":true,"href":"https:\/\/www.europesays.com\/fr\/wp-json\/wp\/v2\/categories?post=110126"},{"taxonomy":"post_tag","embeddable":true,"href":"https:\/\/www.europesays.com\/fr\/wp-json\/wp\/v2\/tags?post=110126"}],"curies":[{"name":"wp","href":"https:\/\/api.w.org\/{rel}","templated":true}]}}