{"id":1101281,"date":"2026-08-01T13:30:20","date_gmt":"2026-08-01T13:30:20","guid":{"rendered":"https:\/\/www.europesays.com\/fr\/1101281\/"},"modified":"2026-08-01T13:30:20","modified_gmt":"2026-08-01T13:30:20","slug":"royaume-uni-le-parti-travailliste-britannique-conserve-la-mairie-de-manchester","status":"publish","type":"post","link":"https:\/\/www.europesays.com\/fr\/1101281\/","title":{"rendered":"Royaume-Uni: le Parti travailliste britannique conserve la mairie de Manchester"},"content":{"rendered":"<p class=\"mb-4 text-lg md:leading-8 break-words\">Avec notre correspondante \u00e0 Londres, <strong>Emeline Vin<\/strong><\/p>\n<p class=\"mb-4 text-lg md:leading-8 break-words\">\u00c9lue avec 47% des voix, Bev Craig devance largement ses adversaires dans le Grand Manchester, et pourra ainsi former une \u00e9quipe solide avec le nouveau Premier ministre, <a data-ylk=\"slk:Andy Burnham;elm:context_link;itc:0;sec:content-canvas;\" data-yga=\"{&quot;yLinkElement&quot;:&quot;link&quot;,&quot;yLinkElementType&quot;:&quot;article_link&quot;}\" href=\"https:\/\/www.rfi.fr\/fr\/tag\/andy-burnham\/\" class=\"gtm-add-suggested-tag\" rel=\"noopener noreferrer nofollow\" target=\"_blank\"><strong>Andy Burnham<\/strong><\/a>, qui a d\u00e9localis\u00e9 une partie du gouvernement dans la m\u00e9tropole mancunienne.<\/p>\n<p class=\"mb-4 text-lg md:leading-8 break-words\">Le Parti travailliste tient le conseil municipal depuis plus de 50 ans, mais, en d\u00e9but d&rsquo;ann\u00e9e, il avait perdu une circonscription dans la r\u00e9gion au profit des Verts, per\u00e7us comme la principale alternative \u00e0 gauche \u2013 la candidate \u00e9cologiste arrive troisi\u00e8me. Autre bonne nouvelle pour le parti \u00e0 la rose, qui craignait de devoir abandonner la mairie \u00e0 l&rsquo;extr\u00eame droite de Reform UK, en forte progression lors des derniers scrutins locaux.<\/p>\n<p class=\"mb-4 text-lg md:leading-8 break-words\">La candidate ne recueille que 21% des votes, concurrenc\u00e9e sur sa droite par un autre parti, Restore, qui pourrait fortement \u00e9roder la popularit\u00e9 de la formation de Nigel Farage \u00e0 l&rsquo;\u00e9chelle nationale. Tout autre r\u00e9sultat que la victoire de ce vendredi aurait marqu\u00e9 une claque pour le gouvernement, encore dans sa p\u00e9riode de gr\u00e2ce. Mais attention \u00e0 ne pas tirer de le\u00e7on nationale d&rsquo;un scrutin partiel, tenu au c\u0153ur de l&rsquo;\u00e9t\u00e9, avec une participation particuli\u00e8rement faible.<\/p>\n<p class=\"mb-4 text-lg md:leading-8 break-words\">\u00c0 lire aussi<a data-ylk=\"slk:Andy Burnham, \u00abun pro-europ\u00e9en qui donne l&#039;impression de tenir la barre\u00bb;elm:context_link;itc:0;sec:content-canvas;\" data-yga=\"{&quot;yLinkElement&quot;:&quot;link&quot;,&quot;yLinkElementType&quot;:&quot;article_link&quot;}\" href=\"https:\/\/www.rfi.fr\/fr\/podcasts\/le-grand-invit\u00e9-international\/20260730-andy-burnham-un-pro-europ\u00e9en-qui-donne-l-impression-de-tenir-la-barre\" class=\"a-read-more__link\" rel=\"noopener noreferrer nofollow\" target=\"_blank\">Andy Burnham, \u00abun pro-europ\u00e9en qui donne l&rsquo;impression de tenir la barre\u00bb<\/a><\/p>\n","protected":false},"excerpt":{"rendered":"Avec notre correspondante \u00e0 Londres, Emeline Vin \u00c9lue avec 47% des voix, Bev Craig devance largement ses adversaires&hellip;\n","protected":false},"author":2,"featured_media":1101282,"comment_status":"","ping_status":"","sticky":false,"template":"","format":"standard","meta":{"footnotes":"","_share_on_mastodon":"0"},"categories":[1588],"tags":[11,55171,1777,674,113388,12,10669,473,1853,1851,1850,1852],"class_list":["post-1101281","post","type-post","status-publish","format-standard","has-post-thumbnail","category-royaume-uni","tag-actualites","tag-andy-burnham","tag-eu","tag-europe","tag-grand-manchester","tag-news","tag-nigel-farage","tag-royaume-uni","tag-royaume-uni-de-grande-bretagne-et-dirlande-du-nord","tag-uk","tag-united-kingdom","tag-united-kingdom-of-great-britain-and-northern-ireland"],"share_on_mastodon":{"url":"https:\/\/pubeurope.com\/@fr\/117020500089689674","error":""},"_links":{"self":[{"href":"https:\/\/www.europesays.com\/fr\/wp-json\/wp\/v2\/posts\/1101281","targetHints":{"allow":["GET"]}}],"collection":[{"href":"https:\/\/www.europesays.com\/fr\/wp-json\/wp\/v2\/posts"}],"about":[{"href":"https:\/\/www.europesays.com\/fr\/wp-json\/wp\/v2\/types\/post"}],"author":[{"embeddable":true,"href":"https:\/\/www.europesays.com\/fr\/wp-json\/wp\/v2\/users\/2"}],"replies":[{"embeddable":true,"href":"https:\/\/www.europesays.com\/fr\/wp-json\/wp\/v2\/comments?post=1101281"}],"version-history":[{"count":0,"href":"https:\/\/www.europesays.com\/fr\/wp-json\/wp\/v2\/posts\/1101281\/revisions"}],"wp:featuredmedia":[{"embeddable":true,"href":"https:\/\/www.europesays.com\/fr\/wp-json\/wp\/v2\/media\/1101282"}],"wp:attachment":[{"href":"https:\/\/www.europesays.com\/fr\/wp-json\/wp\/v2\/media?parent=1101281"}],"wp:term":[{"taxonomy":"category","embeddable":true,"href":"https:\/\/www.europesays.com\/fr\/wp-json\/wp\/v2\/categories?post=1101281"},{"taxonomy":"post_tag","embeddable":true,"href":"https:\/\/www.europesays.com\/fr\/wp-json\/wp\/v2\/tags?post=1101281"}],"curies":[{"name":"wp","href":"https:\/\/api.w.org\/{rel}","templated":true}]}}