{"id":110132,"date":"2025-05-18T20:25:16","date_gmt":"2025-05-18T20:25:16","guid":{"rendered":"https:\/\/www.europesays.com\/fr\/110132\/"},"modified":"2025-05-18T20:25:16","modified_gmt":"2025-05-18T20:25:16","slug":"il-y-a-une-forme-de-chasse-au-service-public-et-je-nai-pas-lintention-de-me-laisser-faire","status":"publish","type":"post","link":"https:\/\/www.europesays.com\/fr\/110132\/","title":{"rendered":"\u00ab\u00a0Il y a une forme de chasse au service public et je n\u2019ai pas l\u2019intention de me laisser faire\u00a0\u00bb"},"content":{"rendered":"<p><strong>RENCONTRE <\/strong>&#8211; La dirigeante de 58\u00a0ans expose les d\u00e9fis qui attendent son groupe, pr\u00e9pare l\u2019arriv\u00e9e de Franceinfo sur le canal 16 et revient sur les derni\u00e8res pol\u00e9miques. Sans langue de bois.<\/p>\n<p class=\"fig-paragraph\">Tout feu, tout flamme. \u00c0 peine a-t-elle \u00e9t\u00e9 reconduite \u00e0 la t\u00eate de France T\u00e9l\u00e9visions pour un troisi\u00e8me mandat que\u00a0<a href=\"http:\/\/www.lefigaro.fr\/medias\/france-televisions-quatre-candidats-encore-en-lice-pour-la-presidence-dont-delphine-ernotte-20250430\" data-fig-type=\"NewsFlash\" data-gtm-custom-categorie=\"navigation\" data-gtm-custom-action=\"crossclick\" data-gtm-custom-label=\"Contextuel\" data-gtm-event=\"customEventSPE\" data-fig-domain=\"LEFIGARO\" rel=\"nofollow noopener\" target=\"_blank\">Delphine Ernotte<\/a>\u00a0est d\u00e9j\u00e0 \u00e0 pied d\u2019\u0153uvre. \u00ab\u00a0Il faut toujours \u00eatre au maximum de son \u00e9nergie dans cette maison\u00a0\u00bb, sourit la dirigeante de 58\u00a0ans. Deux jours \u00e0 peine apr\u00e8s sa nomination par le coll\u00e8ge de l\u2019Arcom, l\u2019autorit\u00e9 de r\u00e9gulation de l\u2019audiovisuel, la pr\u00e9sidente du premier groupe audiovisuel en France para\u00eet plus d\u00e9termin\u00e9e que jamais.<\/p>\n<p class=\"fig-paragraph\">Ralentir ne fait partie de son temp\u00e9rament. Quand bien m\u00eame, la situation impose de toute fa\u00e7on d\u2019acc\u00e9l\u00e9rer. Dans un contexte \u00ab\u00a0o\u00f9 r\u00e8gnent partout le doute et la confusion, o\u00f9 les \u00e9quilibres d\u00e9mocratiques vacillent, o\u00f9 la violence augmente\u00a0\u00bb, la dirigeante a \u00ab\u00a0conscience de la responsabilit\u00e9 particuli\u00e8re et forte qui incombe \u00e0\u00a0<a href=\"http:\/\/www.lefigaro.fr\/medias\/strategie-numerique-information-creation-ce-que-proposent-les-candidats-a-la-presidence-de-france-televisions-20250513\" data-fig-type=\"NewsFlash\" data-gtm-custom-categorie=\"navigation\" data-gtm-custom-action=\"crossclick\" data-gtm-custom-label=\"Contextuel\" data-gtm-event=\"customEventSPE\" data-fig-domain=\"LEFIGARO\" rel=\"nofollow noopener\" target=\"_blank\">France T\u00e9l\u00e9visions<\/a> , un groupe capable de parler \u00e0 huit Fran\u00e7ais sur dix chaque semaine\u00a0\u00bb. Les d\u00e9fis sont nombreux et, pour certains, ardus. Tant mieux. \u00ab\u00a0C\u2019est important et c\u2019est compliqu\u00e9, c\u2019est tout ce\u2026<\/p>\n<p class=\"fig-premium-paywall__infos\">\n        Cet article est r\u00e9serv\u00e9 aux abonn\u00e9s.        Il vous reste 92% \u00e0 d\u00e9couvrir.\n    <\/p>\n<p>                <img  data- alt=\"Le Figaro\" class=\"fig-img--complete fig-img\"\/><\/p>\n<p class=\"fig-premium-paywall__title\">Vente Flash<\/p>\n<p class=\"fig-premium-paywall__subtitle\">4,99\u20ac par mois pendant 12 mois. Sans engagement.<\/p>\n<p class=\"fig-premium-paywall__connect\">\n                D\u00e9j\u00e0 abonn\u00e9\u00a0?                <a class=\"fig-premium-paywall__connect-link\" href=\"https:\/\/connect.lefigaro.fr\/login?client=horizon_web&amp;type=main&amp;redirect_uri=https%3A%2F%2Fwww.lefigaro.fr%2Fmedias%2Fdelphine-ernotte-reconduite-a-la-tete-de-france-televisions-il-y-a-une-forme-de-chasse-au-service-public-et-je-n-ai-pas-l-intention-de-me-laisser-faire-20250518\" data-js-gtm=\"{&quot;customCategorie&quot;: &quot;conversion&quot;, &quot;customAction&quot;: &quot;before_Landing_Connexion_paywall_auto&quot;, &quot;customLabel&quot;: &quot;bGVmaWdhcm8uZnJfXzFmMDMyNTcxLTMyMjMtNjgxYy05ZThlLWEzYmExZmRhZTUyOV9fQXJ0aWNsZQ==_Delphine Ernotte, reconduite \u00e0 la t\u00eate de France T\u00e9l\u00e9visions\u00a0: \u00ab\u00a0Il y a une forme de chasse au service public et je n\u2019ai pas l\u2019intention de me laisser faire\u00a0\u00bb_537&quot;, &quot;customIDSPE&quot;: &quot;bGVmaWdhcm8uZnJfXzFmMDMyNTcxLTMyMjMtNjgxYy05ZThlLWEzYmExZmRhZTUyOV9fQXJ0aWNsZQ==&quot;, &quot;event&quot;: &quot;customEventSPE&quot;}\" rel=\"nofollow noopener\" target=\"_blank\"><br \/>\n                    Connectez-vous<br \/>\n                <\/a>\n            <\/p>\n","protected":false},"excerpt":{"rendered":"RENCONTRE &#8211; La dirigeante de 58\u00a0ans expose les d\u00e9fis qui attendent son groupe, pr\u00e9pare l\u2019arriv\u00e9e de Franceinfo sur&hellip;\n","protected":false},"author":2,"featured_media":110133,"comment_status":"","ping_status":"","sticky":false,"template":"","format":"standard","meta":{"footnotes":""},"categories":[1356],"tags":[5717,11255,58,59,1011,27,2400,5724,5720,5725,5719,5723,5722,5721,5718,5715,5714,1834,5726,252,1364,5716],"class_list":{"0":"post-110132","1":"post","2":"type-post","3":"status-publish","4":"format-standard","5":"has-post-thumbnail","7":"category-television","8":"tag-bibendum","9":"tag-delphine-ernotte","10":"tag-divertissement","11":"tag-entertainment","12":"tag-fr","13":"tag-france","14":"tag-france-televisions","15":"tag-geant-vert","16":"tag-herisson-ernie-spontex","17":"tag-la-laitiere","18":"tag-lapin-duracell","19":"tag-mms","20":"tag-mamie-nova","21":"tag-mr-marie","22":"tag-mr-propre","23":"tag-personnage-publicitaire","24":"tag-pub","25":"tag-publicite","26":"tag-tele","27":"tag-television","28":"tag-tv","29":"tag-vache-qui-rit"},"share_on_mastodon":{"url":"https:\/\/pubeurope.com\/@fr\/114530715355979533","error":""},"_links":{"self":[{"href":"https:\/\/www.europesays.com\/fr\/wp-json\/wp\/v2\/posts\/110132","targetHints":{"allow":["GET"]}}],"collection":[{"href":"https:\/\/www.europesays.com\/fr\/wp-json\/wp\/v2\/posts"}],"about":[{"href":"https:\/\/www.europesays.com\/fr\/wp-json\/wp\/v2\/types\/post"}],"author":[{"embeddable":true,"href":"https:\/\/www.europesays.com\/fr\/wp-json\/wp\/v2\/users\/2"}],"replies":[{"embeddable":true,"href":"https:\/\/www.europesays.com\/fr\/wp-json\/wp\/v2\/comments?post=110132"}],"version-history":[{"count":0,"href":"https:\/\/www.europesays.com\/fr\/wp-json\/wp\/v2\/posts\/110132\/revisions"}],"wp:featuredmedia":[{"embeddable":true,"href":"https:\/\/www.europesays.com\/fr\/wp-json\/wp\/v2\/media\/110133"}],"wp:attachment":[{"href":"https:\/\/www.europesays.com\/fr\/wp-json\/wp\/v2\/media?parent=110132"}],"wp:term":[{"taxonomy":"category","embeddable":true,"href":"https:\/\/www.europesays.com\/fr\/wp-json\/wp\/v2\/categories?post=110132"},{"taxonomy":"post_tag","embeddable":true,"href":"https:\/\/www.europesays.com\/fr\/wp-json\/wp\/v2\/tags?post=110132"}],"curies":[{"name":"wp","href":"https:\/\/api.w.org\/{rel}","templated":true}]}}