{"id":110134,"date":"2025-05-18T20:26:08","date_gmt":"2025-05-18T20:26:08","guid":{"rendered":"https:\/\/www.europesays.com\/fr\/110134\/"},"modified":"2025-05-18T20:26:08","modified_gmt":"2025-05-18T20:26:08","slug":"je-pense-juste-sans-cesse-a-tout-ce-que-jaurais-pu-mieux-faire","status":"publish","type":"post","link":"https:\/\/www.europesays.com\/fr\/110134\/","title":{"rendered":"je pense juste, sans cesse, \u00e0 tout ce que j\u2019aurais pu mieux faire\u00bb"},"content":{"rendered":"<p>L\u2019actrice et r\u00e9alisatrice pr\u00e9sente au 78e Festival de Cannes The Phoenician Scheme, le nouveau film de Wes Anderson. L\u2019occasion de participer \u00e0 l\u2019un des talks Women In Motion, au cours duquel elle s\u2019est confi\u00e9e sur sa soif de d\u00e9fis.<\/p>\n<p class=\"fig-paragraph\">Son souvenir le plus fort, \u00e0 Cannes, reste \u00e9videmment son prix d\u2019interpr\u00e9tation f\u00e9minine pour Antichrist, de Lars Von Trier, en 2009. Invit\u00e9 d\u2019un talk Women In Motion, le programme de\u00a0<a href=\"https:\/\/madame.lefigaro.fr\/tag\/kering\" target=\"_blank\" rel=\"noopener\" data-gtm-custom-categorie=\"navigation\" data-gtm-custom-action=\"crossclick\" data-gtm-custom-label=\"Contextuel\" data-gtm-event=\"customEventSPE\">Kering\u00a0<\/a>qui met \u00e0 l\u2019honneur les femmes qui contribuent \u00e0 fa\u00e7onner la culture d\u2019aujourd\u2019hui,\u00a0<a href=\"https:\/\/madame.lefigaro.fr\/tag\/charlotte-gainsbourg\" target=\"_blank\" rel=\"noopener\" data-gtm-custom-categorie=\"navigation\" data-gtm-custom-action=\"crossclick\" data-gtm-custom-label=\"Contextuel\" data-gtm-event=\"customEventSPE\">Charlotte Gainsourg<\/a>\u00a0raconte\u00a0: \u00abApr\u00e8s la projection, j\u2019\u00e9tais d\u00e9j\u00e0 rentr\u00e9e \u00e0 Paris et Thierry Fr\u00e9maux m\u2019a rappel\u00e9e, me demandant de revenir \u00e0 Cannes, sans me dire pourquoi. Quand j\u2019ai appris que Lars, lui, n\u2019y serait pas, j\u2019ai commenc\u00e9 \u00e0 comprendre.\u00a0\u00bb Un prix prestigieux pour un film qui reste cher \u00e0 son c\u0153ur, avec un r\u00e9alisateur qui lui a \u00e9galement donn\u00e9 l\u2019impulsion de passer derri\u00e8re la cam\u00e9ra. C\u2019\u00e9tait en 2017, pour le clip de Deadly Valentine, extrait de son album Rest : \u00abJe souhaitais que Lars le r\u00e9alise or il n\u2019en avait pas le temps. Mais il m\u2019a encourag\u00e9e \u00e0 le tourner moi-m\u00eame, en me disant qu\u2019il allait m\u2019indiquer quoi faire.\u00bb Dont acte\u00a0: Charlotte Gainsbourg signe son premier clip, dans lequel elle place devant la cam\u00e9ra ses deux filles, Alice et Jo.<\/p>\n<p>\u00a0\u00bb<br \/>\n        data-script=\u00a0\u00bbhttps:\/\/static.lefigaro.fr\/widget-video\/short-ttl\/video\/index.js\u00a0\u00bb<br \/>\n    &gt;<\/p>\n<p>D\u00e9fis r\u00e9p\u00e9t\u00e9s<\/p>\n<p class=\"fig-paragraph\">La famille\u00a0: une notion qui vient \u00e9videmment \u00e0 l\u2019esprit quand on pense \u00e0 l\u2019actrice et \u00e0 ses parents,\u00a0<a href=\"https:\/\/madame.lefigaro.fr\/tag\/jane-birkin\" target=\"_blank\" rel=\"noopener\" data-gtm-custom-categorie=\"navigation\" data-gtm-custom-action=\"crossclick\" data-gtm-custom-label=\"Contextuel\" data-gtm-event=\"customEventSPE\">Jane Birkin<\/a>\u00a0et\u00a0<a href=\"https:\/\/madame.lefigaro.fr\/tag\/serge-gainsbourg\" target=\"_blank\" rel=\"noopener\" data-gtm-custom-categorie=\"navigation\" data-gtm-custom-action=\"crossclick\" data-gtm-custom-label=\"Contextuel\" data-gtm-event=\"customEventSPE\">Serge Gainsbourg<\/a>. Et \u00e0 laquelle elle d\u00e9cid\u00e9ment a voulu consacrer ses d\u00e9buts derri\u00e8re la cam\u00e9ra\u00a0: en 2024, Charlotte Gainsbourg pr\u00e9sentait au Festival, dans la section Cannes Premi\u00e8re, Jane par Charlotte, un documentaire sur sa m\u00e8re, disparue en 2023. Un souvenir encore \u00e0 vif\u00a0: \u00abComme elle \u00e9tait tr\u00e8s malade, je craignais \u00e0 tout moment qu\u2019elle ne meure pendant le tournage. J\u2019avais \u00e9galement peur, \u00e0 Cannes. Mais elle est venue, en h\u00e9licopt\u00e8re.\u00bb<\/p>\n<p class=\"fig-body-link&#10;    \">\n            \u00c0 lire aussi<br \/>\n        <a class=\"fig-body-link__link\" href=\"https:\/\/madame.lefigaro.fr\/celebrites\/jane-birkin-et-charlotte-gainsbourg-50-ans-photos-mere-fille-festival-de-cannes-film-050721-197265\" data-fig-type=\"Article\" data-gtm-custom-categorie=\"navigation\" data-gtm-custom-action=\"crossclick\" data-gtm-custom-label=\"Contextuel\" data-gtm-event=\"customEventSPE\" data-fig-domain=\"MADAME\" target=\"_blank\" rel=\"noopener\">\u00abJe t&rsquo;aime\u2026 moi aussi\u00bb: Charlotte Gainsbourg et Jane Birkin, 50 ans de photos m\u00e8re-fille<\/a>\n<\/p>\n<p class=\"fig-paragraph\">Timide, r\u00e9serv\u00e9e, Charlotte Gainsbourg a fait du cin\u00e9ma un espace pour vivre d\u2019autres vies, et explorer d\u2019autres personnalit\u00e9s que la sienne. Alors qu\u2019elle enregistre, \u00e0 l\u2019\u00e2ge de 13 ans, le titre Lemon Incest avec Serge Gainsbourg, sa m\u00e8re l\u2019encourage \u00e0 faire ses premiers pas d\u2019actrice\u00a0: \u00abElle avait pens\u00e9 que cela me permettrait d\u2019avoir un territoire qui ne soit rien qu\u2019\u00e0 moi.\u00bb A ses d\u00e9buts, seuls comptaient les films\u00a0: l\u2019adolescente de L\u2019Effront\u00e9e (1985) et de La Petite voleuse (1988) est mal \u00e0 l\u2019aise avec l\u2019exercice de la promotion, \u00abje ne comprenais pas pourquoi je devais faire toutes ces photos, r\u00e9pondre \u00e0 toutes ces questions.\u00bb Aujourd\u2019hui, l\u2019actrice confie combien sa carri\u00e8re l\u2019a aid\u00e9e \u00e0 prendre confiance en elle, \u00e0 coups de d\u00e9fis r\u00e9p\u00e9t\u00e9s. De 21 grammes, de Alejandro Gonz\u00e1lez I\u00f1\u00e1rritu (2003) \u00e0 Antichrist, Melancholia (2011) ou Nymphomaniac (2013), trois grands films que lui a offerts Lars Von Trier, les r\u00f4les les plus difficiles lui ont permis de s\u2019aventurer sur des terrains accident\u00e9s\u00a0: \u00abJ\u2019aime les r\u00e9alisateurs qui ont un go\u00fbt pour la provocation car je crois qu\u2019ils me rappellent un peu mon p\u00e8re\u00bb, a-t-elle confi\u00e9. Ils lui permettent aussi se d\u00e9passer, plus que jamais\u00a0: \u00abQuand on travaille \u00e9norm\u00e9ment, qu\u2019on se bat pour quelque chose, on a l\u2019impression de le m\u00e9riter vraiment.\u00bb<\/p>\n<p>Sortir de soi-m\u00eame<\/p>\n<p class=\"fig-paragraph\">Son d\u00e9fi le plus r\u00e9cent\u00a0: incarner la directrice d\u2019une compagnie de ballet parisienne, qui organise un \u00e9change de danseurs avec une institution new yorkaise\u00a0<a href=\"http:\/\/madame.lefigaro.fr\/celebrites\/cinema\/charlotte-gainsbourg-brille-dans-etoile-la-nouvelle-serie-evenement-20250402\" data-fig-type=\"Article\" data-gtm-custom-categorie=\"navigation\" data-gtm-custom-action=\"crossclick\" data-gtm-custom-label=\"Contextuel\" data-gtm-event=\"customEventSPE\" data-fig-domain=\"MADAME\" target=\"_blank\" rel=\"noopener\">dans la s\u00e9rie Etoile, disponible sur Prime vid\u00e9o<\/a>. Une pure com\u00e9die imagin\u00e9e par Amy Sherman Palladino, la showrunneuse de Gilmore Girls et de La fabuleuse Madame Maisel, dans laquelle elle interpr\u00e8te, en anglais et en fran\u00e7ais, des dialogues aussi rebondissants que des sauts de chats\u00a0: \u00abC\u2019est la premi\u00e8re fois que je jouais dans les deux langues. De plus, la com\u00e9die est un registre tr\u00e8s difficile\u00a0: tout est une question de rythme, et celui qu\u2019imprime Amy est tr\u00e8s rapide.\u00bb Quant \u00e0 son prochain challenge, il s\u2019agira d\u2019incarner Gis\u00e8le Halimi dans Gis\u00e8le, de Lauriane Escaffre et Yvo Muller. Une figure de la lutte contre l\u2019avortement, dont le plaidoyer contribua \u00e0 faire changer la loi fran\u00e7aise, qu\u2019elle avait peur de ne jamais parvenir \u00e0 incarner\u00a0: \u00abJe doute beaucoup de moi. D\u2019ailleurs, je ne regarde jamais mes films. J\u2019aime jouer pour sortir de moi-m\u00eame. Le r\u00e9sultat, je n\u2019ai pas besoin de le voir. Et ne croyez pas que c\u2019est de la modestie, je ne suis pas modeste du tout\u00a0: je pense juste, sans cesse, \u00e0 tout ce que j\u2019aurais pu mieux faire.\u00bb Ce 18 mai, Charlotte Gainsbourg montera les marches du palais des festivals pour The Phoenician Scheme, le nouveau film de\u00a0<a href=\"http:\/\/madame.lefigaro.fr\/style\/tendances\/et-si-on-s-habillait-comme-dans-les-films-de-wes-anderson-20250412\" data-fig-type=\"Article\" data-gtm-custom-categorie=\"navigation\" data-gtm-custom-action=\"crossclick\" data-gtm-custom-label=\"Contextuel\" data-gtm-event=\"customEventSPE\" data-fig-domain=\"MADAME\" target=\"_blank\" rel=\"noopener\">Wes Anderson<\/a>, dans lequel elle tient le r\u00f4le de la premi\u00e8re \u00e9pouse du h\u00e9ros, incarn\u00e9 par\u00a0<a href=\"https:\/\/madame.lefigaro.fr\/tag\/benicio-del-toro\" target=\"_blank\" rel=\"noopener\" data-gtm-custom-categorie=\"navigation\" data-gtm-custom-action=\"crossclick\" data-gtm-custom-label=\"Contextuel\" data-gtm-event=\"customEventSPE\">Benicio Del Toro<\/a>. Peut-\u00eatre repassera-t-elle un jour derri\u00e8re la cam\u00e9ra. Un nouveau d\u00e9fi, encore une fois.<\/p>\n","protected":false},"excerpt":{"rendered":"L\u2019actrice et r\u00e9alisatrice pr\u00e9sente au 78e Festival de Cannes The Phoenician Scheme, le nouveau film de Wes Anderson.&hellip;\n","protected":false},"author":2,"featured_media":110135,"comment_status":"","ping_status":"","sticky":false,"template":"","format":"standard","meta":{"footnotes":""},"categories":[1355],"tags":[3824,3734,1000,10498,650,251,58,59,1295,1294,5634,638,1011,27,1351,2003,977,3048,1361,873,973,521,104,252,22844],"class_list":{"0":"post-110134","1":"post","2":"type-post","3":"status-publish","4":"format-standard","5":"has-post-thumbnail","7":"category-musique","8":"tag-actualite-culture","9":"tag-art","10":"tag-celebrites","11":"tag-charlotte-gainsbourg","12":"tag-cinema","13":"tag-culture","14":"tag-divertissement","15":"tag-entertainment","16":"tag-feminin","17":"tag-femme","18":"tag-festival-de-cannes","19":"tag-figaro","20":"tag-fr","21":"tag-france","22":"tag-litterature","23":"tag-livre","24":"tag-madame","25":"tag-musee","26":"tag-music","27":"tag-musique","28":"tag-people","29":"tag-serie","30":"tag-societe","31":"tag-television","32":"tag-women-in-motion"},"share_on_mastodon":{"url":"https:\/\/pubeurope.com\/@fr\/114530719252542569","error":""},"_links":{"self":[{"href":"https:\/\/www.europesays.com\/fr\/wp-json\/wp\/v2\/posts\/110134","targetHints":{"allow":["GET"]}}],"collection":[{"href":"https:\/\/www.europesays.com\/fr\/wp-json\/wp\/v2\/posts"}],"about":[{"href":"https:\/\/www.europesays.com\/fr\/wp-json\/wp\/v2\/types\/post"}],"author":[{"embeddable":true,"href":"https:\/\/www.europesays.com\/fr\/wp-json\/wp\/v2\/users\/2"}],"replies":[{"embeddable":true,"href":"https:\/\/www.europesays.com\/fr\/wp-json\/wp\/v2\/comments?post=110134"}],"version-history":[{"count":0,"href":"https:\/\/www.europesays.com\/fr\/wp-json\/wp\/v2\/posts\/110134\/revisions"}],"wp:featuredmedia":[{"embeddable":true,"href":"https:\/\/www.europesays.com\/fr\/wp-json\/wp\/v2\/media\/110135"}],"wp:attachment":[{"href":"https:\/\/www.europesays.com\/fr\/wp-json\/wp\/v2\/media?parent=110134"}],"wp:term":[{"taxonomy":"category","embeddable":true,"href":"https:\/\/www.europesays.com\/fr\/wp-json\/wp\/v2\/categories?post=110134"},{"taxonomy":"post_tag","embeddable":true,"href":"https:\/\/www.europesays.com\/fr\/wp-json\/wp\/v2\/tags?post=110134"}],"curies":[{"name":"wp","href":"https:\/\/api.w.org\/{rel}","templated":true}]}}