{"id":110139,"date":"2025-05-18T20:30:08","date_gmt":"2025-05-18T20:30:08","guid":{"rendered":"https:\/\/www.europesays.com\/fr\/110139\/"},"modified":"2025-05-18T20:30:08","modified_gmt":"2025-05-18T20:30:08","slug":"eurovision-2025-les-coulisses-de-lincroyable-remontada-de-la-candidate-israelienne-grace-au-public","status":"publish","type":"post","link":"https:\/\/www.europesays.com\/fr\/110139\/","title":{"rendered":"Eurovision 2025\u00a0: les coulisses de l\u2019incroyable remontada de la candidate isra\u00e9lienne gr\u00e2ce au public"},"content":{"rendered":"<p class=\"paragraph text_align_left\">\u00c0 la fin du premier tour, fou serait celui qui aurait mis\u00e9 un euro sur les chances de victoire de <a href=\"https:\/\/www.leparisien.fr\/culture-loisirs\/musique\/eurovision\/eurovision-2025-qui-est-yuval-raphael-la-candidate-disrael-rescapee-du-festival-nova-le-7-octobre-13-05-2025-UICIMGMTWBB5ZFN75SRE6LHDKE.php\" target=\"_self\" rel=\"noopener\">Yuval Raphael<\/a> \u00e0 l\u2019<a href=\"https:\/\/www.leparisien.fr\/culture-loisirs\/musique\/eurovision\/\" target=\"_self\" rel=\"noopener\">Eurovision 2025<\/a>. Apr\u00e8s les d\u00e9comptes des points attribu\u00e9s par les jurys de chaque pays, la candidate isra\u00e9lienne pointait \u00e0 la 15e place avec seulement 60 points. Loin, tr\u00e8s loin de l\u2019Autriche (258) et m\u00eame de la France (180), alors 3e.<\/p>\n<p class=\"paragraph text_align_left\"><a href=\"https:\/\/www.leparisien.fr\/culture-loisirs\/musique\/eurovision\/eurovision-2025-une-survivante-des-attaques-du-7-octobre-pour-representer-israel-23-01-2025-XW5SOJ2SUVD6FC3G2L5F4YLUDU.php\" target=\"_blank\" rel=\"noreferrer noopener\">Cette rescap\u00e9e de l\u2019attaque terroriste du festival Nova<\/a> le 7 octobre 2023 a chant\u00e9 son titre \u00ab New Day Will Rise \u00bb, dont les paroles mixent fran\u00e7ais, anglais et h\u00e9breux, au tout d\u00e9but du concours, en quatri\u00e8me position. Une ballade sous le signe de l\u2018espoir, un peu proprette \u00e0 notre go\u00fbt, qu\u2019elle interpr\u00e8te toute en puissance en montant un escalier cach\u00e9 dans une grande structure en strass.<\/p>\n","protected":false},"excerpt":{"rendered":"\u00c0 la fin du premier tour, fou serait celui qui aurait mis\u00e9 un euro sur les chances de&hellip;\n","protected":false},"author":2,"featured_media":110140,"comment_status":"","ping_status":"","sticky":false,"template":"","format":"standard","meta":{"footnotes":""},"categories":[8],"tags":[1687,58,59,2399,1011,27,14,873],"class_list":{"0":"post-110139","1":"post","2":"type-post","3":"status-publish","4":"format-standard","5":"has-post-thumbnail","7":"category-divertissement","8":"tag-culture-loisirs","9":"tag-divertissement","10":"tag-entertainment","11":"tag-eurovision","12":"tag-fr","13":"tag-france","14":"tag-international","15":"tag-musique"},"share_on_mastodon":{"url":"https:\/\/pubeurope.com\/@fr\/114530735074817645","error":""},"_links":{"self":[{"href":"https:\/\/www.europesays.com\/fr\/wp-json\/wp\/v2\/posts\/110139","targetHints":{"allow":["GET"]}}],"collection":[{"href":"https:\/\/www.europesays.com\/fr\/wp-json\/wp\/v2\/posts"}],"about":[{"href":"https:\/\/www.europesays.com\/fr\/wp-json\/wp\/v2\/types\/post"}],"author":[{"embeddable":true,"href":"https:\/\/www.europesays.com\/fr\/wp-json\/wp\/v2\/users\/2"}],"replies":[{"embeddable":true,"href":"https:\/\/www.europesays.com\/fr\/wp-json\/wp\/v2\/comments?post=110139"}],"version-history":[{"count":0,"href":"https:\/\/www.europesays.com\/fr\/wp-json\/wp\/v2\/posts\/110139\/revisions"}],"wp:featuredmedia":[{"embeddable":true,"href":"https:\/\/www.europesays.com\/fr\/wp-json\/wp\/v2\/media\/110140"}],"wp:attachment":[{"href":"https:\/\/www.europesays.com\/fr\/wp-json\/wp\/v2\/media?parent=110139"}],"wp:term":[{"taxonomy":"category","embeddable":true,"href":"https:\/\/www.europesays.com\/fr\/wp-json\/wp\/v2\/categories?post=110139"},{"taxonomy":"post_tag","embeddable":true,"href":"https:\/\/www.europesays.com\/fr\/wp-json\/wp\/v2\/tags?post=110139"}],"curies":[{"name":"wp","href":"https:\/\/api.w.org\/{rel}","templated":true}]}}