{"id":1101448,"date":"2026-08-01T15:29:15","date_gmt":"2026-08-01T15:29:15","guid":{"rendered":"https:\/\/www.europesays.com\/fr\/1101448\/"},"modified":"2026-08-01T15:29:15","modified_gmt":"2026-08-01T15:29:15","slug":"participez-a-une-enquete-immersive-au-domaine-de-la-tour","status":"publish","type":"post","link":"https:\/\/www.europesays.com\/fr\/1101448\/","title":{"rendered":"Participez \u00e0 une enqu\u00eate immersive au Domaine de la Tour"},"content":{"rendered":"<p>                    Par<br \/>\n        <strong><br \/>\n            <a href=\"https:\/\/actu.fr\/auteur\/metropoop\" title=\"Consulter tous les articles de R\u00e9daction M\u00e9tropolitain\" rel=\"nofollow noopener\" target=\"_blank\">R\u00e9daction M\u00e9tropolitain<\/a><br \/>\n                    <\/strong><\/p>\n<p>        Publi\u00e9 le<\/p>\n<p>            1 ao\u00fbt 2026 \u00e0 16h44        <\/p>\n<p>Le dimanche 16 ao\u00fbt, <strong>le Domaine de la Tour, <\/strong>situ\u00e9 \u00e0 15 minutes du centre-ville de <strong>Montpellier<\/strong>, propose \u00ab\u00a0Vin &amp; Folie, une histoire de familles\u00a0\u00bb, <strong>une exp\u00e9rience \u0153notouristique<\/strong> in\u00e9dite m\u00ealant <strong>jeu d\u2019enqu\u00eate<\/strong>, <strong>patrimoine<\/strong> et <strong>d\u00e9couverte du monde viticole<\/strong>. Attention, le nombre de places est limit\u00e9.<\/p>\n<p>\u00c9nigme et atelier<\/p>\n<p class=\" wall-content\">Le 16 ao\u00fbt 1982, jour de l\u2019inauguration de la nouvelle cave du domaine de La Tour, un myst\u00e8re bouleverse la c\u00e9r\u00e9monie : la cl\u00e9 du b\u00e2timent \u00e0 disparu. C\u2019est sur cette base que les visiteurs sont invit\u00e9s \u00e0 r\u00e9soudre une \u00e9nigme, guid\u00e9s par trois intervenants costum\u00e9s, au coeur de l\u2019ancien domaine viticole, fra\u00eechement labellis\u00e9 Vignobles &amp; D\u00e9couvertes \u2013 Gr\u00e9s de Montpellier. Pour cela, rendez-vous le dimanche 16 ao\u00fbt de 14h \u00e0 15h30.<\/p>\n<p class=\" wall-content\">L\u2019apr\u00e8s-midi se poursuivra de 15h30 \u00e0 17h avec un atelier d\u2019\u0153nologie p\u00e9dagogique au cours duquel vous pourrez rencontrer la famille de producteur vigneron bio du Clos des Reboussiers (Pic St-Loup) qui vous fera exp\u00e9rimenter leur art du vin par le biais d\u2019animations, jeux et d\u00e9gustations.<\/p>\n<p>    <a href=\"https:\/\/www.google.com\/maps\/embed?pb=!1m18!1m12!1m3!1d2889.279413027616!2d3.847266675632549!3d43.60072355582415!2m3!1f0!2f0!3f0!3m2!1i1024!2i768!4f13.1!3m3!1m2!1s0x12b6af2fc23897ad%3A0x11104247636da56e!2sDomaine%20de%20la%20Tour%20Montpellier!5e0!3m2!1sfr!2sfr!4v1785430283979!5m2!1sfr!2sfr\" title=\"Ouvrie le lien\" rel=\"nofollow noopener\" target=\"_blank\">Cliquez ici pour visualiser le contenu<\/a><\/p>\n<p class=\" wall-content\">Accessible au grand public sur r\u00e9servation, les deux activit\u00e9s, pouvant \u00eatre pratiqu\u00e9es ind\u00e9pendamment, sont limit\u00e9es \u00e0 trente participants.<\/p>\n<p>Vid\u00e9os : en ce moment sur ActuDimanche 16 ao\u00fbt 2026 \u00e0 partir de 14h au Domaine de la Tour, 5 rue du Pas du Loup, Montpellier. Tramway ligne 5 \u2013 arr\u00eat Estanove. Parking priv\u00e9. Jeu d\u2019enqu\u00eate : 29\u20ac ; Atelier d\u2019oenologie : 19\u20ac ; Coffet Jeu et atelier : 44\u20ac. R\u00e9servation sur <a href=\"https:\/\/domaine-de-la-tour-montpellier.fr\/vin-et-folie-une-histoire-de-familles\/\" rel=\"nofollow noopener\" target=\"_blank\">domaine-de-la-tour-montpellier.fr<\/a>.<\/p>\n<p class=\" wall-content\">Personnalisez votre actualit\u00e9 en ajoutant vos villes et m\u00e9dias en favori avec <a href=\"https:\/\/moncompte.actu.fr\" title=\"D\u00e9couvez Mon Actu\" rel=\"nofollow noopener\" data-trk=\"{&quot;cta&quot;:{&quot;action&quot;:&quot;https:\\\/\\\/moncompte.actu.fr&quot;,&quot;category&quot;:&quot;mon compte&quot;,&quot;from&quot;:&quot;article footer&quot;,&quot;name&quot;:&quot;Mon actu&quot;,&quot;type&quot;:&quot;cta&quot;}}\" target=\"_blank\">Mon Actu<\/a>.<\/p>\n","protected":false},"excerpt":{"rendered":"Par R\u00e9daction M\u00e9tropolitain Publi\u00e9 le 1 ao\u00fbt 2026 \u00e0 16h44 Le dimanche 16 ao\u00fbt, le Domaine de la&hellip;\n","protected":false},"author":2,"featured_media":1101449,"comment_status":"","ping_status":"","sticky":false,"template":"","format":"standard","meta":{"footnotes":"","_share_on_mastodon":"0"},"categories":[9599],"tags":[1111,11,1777,674,1011,27,1652,2208,12,2680,2551,25,1662],"class_list":["post-1101448","post","type-post","status-publish","format-standard","has-post-thumbnail","category-montpellier","tag-actu","tag-actualites","tag-eu","tag-europe","tag-fr","tag-france","tag-loisirs-culture","tag-montpellier","tag-news","tag-occitanie","tag-patrimoine","tag-republique-francaise","tag-vin"],"share_on_mastodon":{"url":"","error":""},"_links":{"self":[{"href":"https:\/\/www.europesays.com\/fr\/wp-json\/wp\/v2\/posts\/1101448","targetHints":{"allow":["GET"]}}],"collection":[{"href":"https:\/\/www.europesays.com\/fr\/wp-json\/wp\/v2\/posts"}],"about":[{"href":"https:\/\/www.europesays.com\/fr\/wp-json\/wp\/v2\/types\/post"}],"author":[{"embeddable":true,"href":"https:\/\/www.europesays.com\/fr\/wp-json\/wp\/v2\/users\/2"}],"replies":[{"embeddable":true,"href":"https:\/\/www.europesays.com\/fr\/wp-json\/wp\/v2\/comments?post=1101448"}],"version-history":[{"count":0,"href":"https:\/\/www.europesays.com\/fr\/wp-json\/wp\/v2\/posts\/1101448\/revisions"}],"wp:featuredmedia":[{"embeddable":true,"href":"https:\/\/www.europesays.com\/fr\/wp-json\/wp\/v2\/media\/1101449"}],"wp:attachment":[{"href":"https:\/\/www.europesays.com\/fr\/wp-json\/wp\/v2\/media?parent=1101448"}],"wp:term":[{"taxonomy":"category","embeddable":true,"href":"https:\/\/www.europesays.com\/fr\/wp-json\/wp\/v2\/categories?post=1101448"},{"taxonomy":"post_tag","embeddable":true,"href":"https:\/\/www.europesays.com\/fr\/wp-json\/wp\/v2\/tags?post=1101448"}],"curies":[{"name":"wp","href":"https:\/\/api.w.org\/{rel}","templated":true}]}}