{"id":110150,"date":"2025-05-18T20:36:24","date_gmt":"2025-05-18T20:36:24","guid":{"rendered":"https:\/\/www.europesays.com\/fr\/110150\/"},"modified":"2025-05-18T20:36:24","modified_gmt":"2025-05-18T20:36:24","slug":"saint-etienne-sembrase-le-festival-musical-demarre-en-fanfare","status":"publish","type":"post","link":"https:\/\/www.europesays.com\/fr\/110150\/","title":{"rendered":"SAINT-\u00c9TIENNE S&rsquo;EMBRASE : LE FESTIVAL MUSICAL D\u00c9MARRE EN FANFARE"},"content":{"rendered":"<p>Du <strong>19 au 24 mai, Saint-\u00c9tienne vibre au rythme d\u2019un festival<\/strong> qui promet de marquer les esprits. La programmation \u00e9clectique de cette \u00e9dition rassemble des artistes de talent dans plusieurs lieux embl\u00e9matiques de la ville.<\/p>\n<p><strong>Un d\u00e9marrage en beaut\u00e9 ce lundi soir<\/strong><\/p>\n<p>Les festivit\u00e9s s\u2019ouvrent d\u00e8s ce lundi 19 mai avec un double plateau d\u2019exception. \u00c0 18h30, l\u2019Usine accueillera <strong>Sam Sauvage<\/strong> et <strong>Ad\u00e8le et Robin<\/strong>, (<a href=\"http:\/\/manager8.streamradio.fr:2110\/stream\" target=\"_blank\" rel=\"noreferrer noopener nofollow\">que vous pouvez \u00e9couter sur notre radio, Cadence<\/a>), pour un concert inaugural plein de promesses. En parall\u00e8le, la Com\u00e8te recevra <strong>H\u00e9l\u00e8ne Sio<\/strong> et <strong>Jeanne Cherhal<\/strong>, deux voix f\u00e9minines remarquables de la sc\u00e8ne fran\u00e7aise contemporaine.<\/p>\n<p><strong>La Com\u00e8te, \u00e9picentre des trois premi\u00e8res soir\u00e9es<\/strong><\/p>\n<p>C\u2019est dans cette salle mythique de Saint-\u00c9tienne que se concentreront les trois premiers jours du festival. Avec aussi le Z\u00e9nith. Un choix strat\u00e9gique qui permettra au public de s\u2019immerger totalement dans l\u2019ambiance unique de cet \u00e9v\u00e9nement.<\/p>\n<p><strong>L\u2019art de vivre ensemble<\/strong><\/p>\n<p>Au-del\u00e0 de la simple programmation musicale, ce festival cultive une philosophie particuli\u00e8re : celle du partage et de la convivialit\u00e9. Les organisateurs ont pens\u00e9 chaque moment pour cr\u00e9er des instants de bonheur collectif, transformant chaque concert en v\u00e9ritable c\u00e9l\u00e9bration de l\u2019humanit\u00e9.<\/p>\n","protected":false},"excerpt":{"rendered":"Du 19 au 24 mai, Saint-\u00c9tienne vibre au rythme d\u2019un festival qui promet de marquer les esprits. La&hellip;\n","protected":false},"author":2,"featured_media":110151,"comment_status":"","ping_status":"","sticky":false,"template":"","format":"standard","meta":{"footnotes":""},"categories":[9653],"tags":[1111,11,2430,1777,674,849,1011,27,3367,873,12,11072,25,4001],"class_list":{"0":"post-110150","1":"post","2":"type-post","3":"status-publish","4":"format-standard","5":"has-post-thumbnail","7":"category-saint-etienne","8":"tag-actu","9":"tag-actualites","10":"tag-auvergne-rhone-alpes","11":"tag-eu","12":"tag-europe","13":"tag-festival","14":"tag-fr","15":"tag-france","16":"tag-loire","17":"tag-musique","18":"tag-news","19":"tag-paroles-musiques","20":"tag-republique-francaise","21":"tag-saint-etienne"},"share_on_mastodon":{"url":"https:\/\/pubeurope.com\/@fr\/114530758371004633","error":""},"_links":{"self":[{"href":"https:\/\/www.europesays.com\/fr\/wp-json\/wp\/v2\/posts\/110150","targetHints":{"allow":["GET"]}}],"collection":[{"href":"https:\/\/www.europesays.com\/fr\/wp-json\/wp\/v2\/posts"}],"about":[{"href":"https:\/\/www.europesays.com\/fr\/wp-json\/wp\/v2\/types\/post"}],"author":[{"embeddable":true,"href":"https:\/\/www.europesays.com\/fr\/wp-json\/wp\/v2\/users\/2"}],"replies":[{"embeddable":true,"href":"https:\/\/www.europesays.com\/fr\/wp-json\/wp\/v2\/comments?post=110150"}],"version-history":[{"count":0,"href":"https:\/\/www.europesays.com\/fr\/wp-json\/wp\/v2\/posts\/110150\/revisions"}],"wp:featuredmedia":[{"embeddable":true,"href":"https:\/\/www.europesays.com\/fr\/wp-json\/wp\/v2\/media\/110151"}],"wp:attachment":[{"href":"https:\/\/www.europesays.com\/fr\/wp-json\/wp\/v2\/media?parent=110150"}],"wp:term":[{"taxonomy":"category","embeddable":true,"href":"https:\/\/www.europesays.com\/fr\/wp-json\/wp\/v2\/categories?post=110150"},{"taxonomy":"post_tag","embeddable":true,"href":"https:\/\/www.europesays.com\/fr\/wp-json\/wp\/v2\/tags?post=110150"}],"curies":[{"name":"wp","href":"https:\/\/api.w.org\/{rel}","templated":true}]}}