{"id":110154,"date":"2025-05-18T20:38:11","date_gmt":"2025-05-18T20:38:11","guid":{"rendered":"https:\/\/www.europesays.com\/fr\/110154\/"},"modified":"2025-05-18T20:38:11","modified_gmt":"2025-05-18T20:38:11","slug":"ladp-tour-seduit-les-visiteurs-venus-decouvrir-producteurs-et-specialites-locales","status":"publish","type":"post","link":"https:\/\/www.europesays.com\/fr\/110154\/","title":{"rendered":"l\u2019ADP Tour s\u00e9duit les visiteurs venus d\u00e9couvrir producteurs et sp\u00e9cialit\u00e9s locales"},"content":{"rendered":"<p>\u00ab\u00a0Garez-vous tout au fond l\u00e0-bas. Et il y a des navettes pour monter si vous voulez\u2026\u00a0\u00bb. V\u00eatu d\u2019un t-shirt rose \u00ab\u00a0ADP Tour Chez Nico\u00a0\u00bb, un b\u00e9n\u00e9vole du staff dirige les v\u00e9hicules vers une immense pelouse transform\u00e9e en parking. Il est 10\u00a0h\u00a030 et il y a d\u00e9j\u00e0 foule sur l\u2019exploitation de Nicolas Grandidier, \u00e0 la ferme du Montheu (Dommartin-sous-Amance).<\/p>\n<p>Candidat de la saison 9 de l\u2019Amour est dans le Pr\u00e9, l&rsquo;\u00e9mission phare de M6 pr\u00e9sent\u00e9e par Karine Le Marchand, l\u2019agriculteur <a href=\"https:\/\/www.estrepublicain.fr\/economie\/2025\/04\/07\/l-amour-est-dans-le-pre-d-anciens-candidats-bientot-reunis-sur-un-marche-pres-de-nancy\" target=\"_blank\" rel=\"noopener\">accueille une des \u00e9tapes de l\u2019ADP Tour 2025<\/a> , ce grand march\u00e9 itin\u00e9rant des producteurs cr\u00e9\u00e9 il y a un peu plus de deux ans par d\u2019anciens candidats.\u00a0Une premi\u00e8re en Meurthe-et-Moselle et m\u00eame en Lorraine.<\/p>\n<p>Alors ce samedi, les visiteurs sont venus nombreux et pas que du d\u00e9partement \u00e0 en juger par la vari\u00e9t\u00e9 des plaques d\u2019immatriculation sur le parking. Le signe que l\u2019\u00e9mission a ses fans, beaucoup de fans et que l\u2019ADP Tour prend du volume.<\/p>\n<p>Tout sourire, Nicolas accueille les visiteurs qui ont fait les quelques hectom\u00e8tres depuis le parking \u00e0 pied ou transport\u00e9s dans des remorques agricoles am\u00e9nag\u00e9es. \u00ab\u00a0On peut faire un selfie\u00a0?\u00a0\u00bb, demande une dame. Nicolas prend la pose. Comme il le fera des dizaines de fois dans la journ\u00e9e\u2026<\/p>\n<p>  Pierre le Gersois\u2026 avec du sang max\u00e9villois<\/p>\n<p>Cette \u00ab\u00a0notori\u00e9t\u00e9\u00a0\u00bb, les quatorze anciens candidats pr\u00e9sents ce week-end ont pu la mesurer toute la journ\u00e9e ce samedi. Alors que le rendez-vous accueille des candidats des saisons 7 \u00e0 19 (dont <a href=\"https:\/\/www.estrepublicain.fr\/economie\/2024\/08\/19\/l-amour-est-dans-le-pre-le-lorrain-stephane-a-l-affiche-de-la-nouvelle-saison\" target=\"_blank\" rel=\"noopener\">St\u00e9phane Boulas, l\u2019autre\u2019\u2019r\u00e9gional de l\u2019\u00e9tape\u2019\u2019, candidat l\u2019an dernier et agriculteur \u00e0 Domptail dans les Vosges<\/a> ), le grand hangar qui accueille les participants est\u00a0noir de monde en fin de matin\u00e9e.<\/p>\n<p>S\u2019il est possible d\u2019acheter des t-shirts et des mugs estampill\u00e9s \u00ab\u00a0ADP Tour\u00a0\u00bb, le public est venu avant tout pour les produits du terroir.<\/p>\n<p>Derri\u00e8re son stand, Pierre, un des candidats embl\u00e9matiques de l\u2019\u00e9mission (saison 7), vante les saveurs de son armagnac. \u00ab\u00a0Nicolas nous a ouvert son c\u0153ur pour nous accueillir chez lui\u00a0\u00bb, sourit-il entre deux ventes, \u00ab\u00a0ce march\u00e9 repr\u00e9sente aussi un chiffre d\u2019affaires qui peut permettre de sauver des exploitations\u00a0\u00bb.<\/p>\n<p>Habitu\u00e9 de l\u2019\u00e9v\u00e9nement, le Gersois \u00e0 l\u2019accent chantant papote avec les visiteurs\u2026 A qui il raconte une dr\u00f4le d\u2019anecdote\u00a0: sa maman est n\u00e9e \u00e0 Max\u00e9ville\u00a0! \u00ab\u00a0Elle s\u2019est mari\u00e9e en 1972 avec mon p\u00e8re apr\u00e8s des vacances dans le Gers.\u00a0Le caveau de famille est d\u2019ailleurs \u00e0 Max\u00e9ville. Pour la premi\u00e8re fois de ma vie, je vais aller y \u2018\u2019saluer\u2019\u2019 mon grand-p\u00e8re et mon arri\u00e8re-grand-p\u00e8re qui s\u2019y trouvent\u00a0\u00bb.<\/p>\n<p>  \u00ab\u00a0L\u2019occasion de voir les candidats\u2019\u2019en vrai\u2019\u2019\u00bb<\/p>\n<p>Durant toute la journ\u00e9e, les agriculteurs ont ainsi vendu leurs produits. Le plus important. Mais ils ont aussi beaucoup \u00e9chang\u00e9 avec les visiteurs. Lesquels \u00e9taient visiblement aux anges. \u00ab \u00a0 J\u2019ai suivi toutes les saisons depuis le d\u00e9but, sourit Essia, venue avec Sylvie et Julie d\u2019un village \u00e0 une dizaine de kilom\u00e8tres, quand on a appris sur les r\u00e9seaux sociaux que l\u2019ADP Tour passait, on n\u2019a pas h\u00e9sit\u00e9. C\u2019est l\u2019occasion de voir les candidats \u00a0 \u2018\u2019en vrai\u2019\u2019 \u00bb. <\/p>\n<p>Appareil photo autour du cou, Franck a lui aussi fait le plein de clich\u00e9s. \u00ab\u00a0Je suis un tr\u00e8s grand fan, l\u00e2che-t-il, c\u2019est tr\u00e8s sympa, tr\u00e8s bien organis\u00e9 et il y a des produits du terroir. C\u2019est vraiment l\u00e0 qu\u2019il faut venir\u00a0\u00bb.<\/p>\n<p>En guise de souvenirs, les visiteurs avaient aussi la possibilit\u00e9 d\u2019acheter mugs et t-shirts estampill\u00e9s \u00ab\u00a0ADP Tour\u00a0\u00bb.<\/p>\n<p>Un \u00ab\u00a0ADP Tour\u00a0\u00bb qui a fait le plein ce samedi \u00e0 Dommartin-sous-Amance\u2026<\/p>\n<p class=\"note\">L\u2019ADP Tour se poursuit ce dimanche \u00e0 la ferme du Montheu de 10\u00a0h \u00e0 17\u00a0h. Entr\u00e9e\u00a0et parking gratuits. Buvette et restauration sur place. Jeux pour enfants et Tombola.<\/p>\n<p>        &#13;<br \/>\n          <a href=\"https:\/\/cdn-s-www.estrepublicain.fr\/images\/c684a732-8229-4fea-8daa-f4457c1f966d\/NW_raw\/nicolas-grandidier-candidat-de-la-saison-9-de-l-emission-televisee-l-amour-est-dans-le-pre-diffusee-sur-la-chaine-m6-photo-fred-marvaux-1747519735.jpg\" title=\"Nicolas Grandidier, candidat de la saison 9 de l\u2019\u00e9mission t\u00e9l\u00e9vis\u00e9e &quot;L\u2019Amour est dans le pr\u00e9&quot; diffus\u00e9e sur la cha\u00eene M6. Photo Fred Marvaux\" class=\"chocolat-image GA-tracking\" data-ga_type=\"click\" data-ga_category=\"D\u00e9tail\" data-ga_action=\"zoomer\" data-ga_label=\"agrandir image\" target=\"_blank\" rel=\"noopener\">&#13;<br \/>\n            <img loading=\"lazy\" decoding=\"async\" src=\"https:\/\/www.europesays.com\/fr\/wp-content\/uploads\/2025\/05\/nicolas-grandidier-candidat-de-la-saison-9-de-l-emission-televisee-l-amour-est-dans-le-pre-diffusee-.jpeg\" alt=\"Nicolas Grandidier, candidat de la saison 9 de l\u2019\u00e9mission t\u00e9l\u00e9vis\u00e9e &quot;L\u2019Amour est dans le pr\u00e9&quot; diffus\u00e9e sur la cha\u00eene M6. Photo Fred Marvaux\"\/>&#13;<br \/>\n          <\/a>&#13;<br \/>\n          &#13;<\/p>\n<p class=\"insetTitle\">\u00ab\u00a0Les amis sont tous l\u00e0. Cela fait chaud au c\u0153ur\u00a0\u00bb<\/p>\n<blockquote class=\"question\"><p><strong>\u00ab\u00a0L\u2019Amour est dans le Pr\u00e9 Tour\u00a0\u00bb passe pour la premi\u00e8re fois en Lorraine. C\u2019est difficile d\u2019organiser un \u00e9v\u00e9nement de ce type\u00a0?<\/strong><\/p><\/blockquote>\n<p>\u00ab\u00a0Non, car le c\u0153ur y est, les amis sont tous l\u00e0. Quand on a l\u2019euphorie, les retours des amis qui disent que c\u2019est exceptionnel et qu\u2019on va passer des bons moments, cela fait chaud au c\u0153ur. Notre force est d\u00e9cupl\u00e9e\u00a0\u00bb.<\/p>\n<p>\u00ab\u00a0J\u2019ai postul\u00e9 pour organiser un ADT Tour, car il y a une fan zone \u00e0 Nancy\u00a0\u00bb<\/p>\n<p><strong>Cela fait quatre ans que l\u2019ADP Tour existe. Comment d\u00e9finiriez-vous la philosophie de cet \u00e9v\u00e9nement\u00a0?<\/strong><\/p>\n<p>\u00ab\u00a0L\u2019ADP Tour, ce sont des anciens candidats de l\u2019Amour est dans le Pr\u00e9 qui sont producteurs et qui font des march\u00e9s dans toute la France. Il y en a 14 dans toute la France, j\u2019ai postul\u00e9 pour en organiser un, car il y a une fan zone \u00e0 Nancy.\u00a0\u00bb<\/p>\n<blockquote class=\"question\"><p><strong>Cela fait 10 ans que vous avez particip\u00e9 \u00e0 l\u2019\u00e9mission. Cela change la vie\u00a0?<\/strong><\/p><\/blockquote>\n<p>\u00ab\u00a0C\u2019est vrai que cela change un peu la vie. Il faut aimer les gens mais c\u2019est mon cas. J\u2019aime communiquer, faire plaisir aux gens. Regardez tout ce qu\u2019on a fait ici avec les b\u00e9n\u00e9voles. On a 50 b\u00e9n\u00e9voles qui viennent donner des coups de main durant tout le week-end et m\u00eame quatre jours avec le d\u00e9montage apr\u00e8s.\u00a0\u00bb<\/p>\n<p>        &#13;<br \/>\n          <a href=\"https:\/\/cdn-s-www.estrepublicain.fr\/images\/42f5f0df-5921-4b24-8f05-f84c2476db53\/NW_raw\/stephane-boulas-candidat-de-la-saison-19-photo-a-g-1747518932.jpg\" title=\"St\u00e9phane Boulas, candidat de la saison 19.  Photo\u00a0A.\u00a0G.\" class=\"chocolat-image GA-tracking\" data-ga_type=\"click\" data-ga_category=\"D\u00e9tail\" data-ga_action=\"zoomer\" data-ga_label=\"agrandir image\" target=\"_blank\" rel=\"noopener\">&#13;<br \/>\n            <img loading=\"lazy\" decoding=\"async\" src=\"https:\/\/www.europesays.com\/fr\/wp-content\/uploads\/2025\/05\/stephane-boulas-candidat-de-la-saison-19-photo-a-g-1747518932.jpg\" alt=\"St\u00e9phane Boulas, candidat de la saison 19.  Photo\u00a0A.\u00a0G.\"\/>&#13;<br \/>\n          <\/a>&#13;<br \/>\n          &#13;<\/p>\n<p class=\"insetTitle\">L\u2019ADP Tour de retour dans les Vosges en octobre<\/p>\n<p>Cr\u00e9\u00e9 par d\u2019anciens candidats de l\u2019Amour est dans le Pr\u00e9, l\u2019ADP Tour sillonne la France et les exploitations des anciens candidats. Un march\u00e9 des producteurs qui donne l\u2019occasion aux fans d\u2019aller \u00e0 la rencontre de leurs agriculteurs pr\u00e9f\u00e9r\u00e9s et de d\u00e9couvrir diff\u00e9rents produits du terroir.<\/p>\n<p>14 dates entre avril et d\u00e9cembre<\/p>\n<p>Cette ann\u00e9e 2025 est assez riche avec 14 dates chez les agriculteurs entre le mois d\u2019avril et le mois de d\u00e9cembre.<\/p>\n<p>Apr\u00e8s l\u2019\u00e9tape de ce week-end chez Nicolas Grandidier, candidat de la saison 9, l\u2019ADP Tour repassera m\u00eame par la Lorraine en octobre. <a href=\"https:\/\/www.estrepublicain.fr\/economie\/2024\/08\/19\/l-amour-est-dans-le-pre-le-lorrain-stephane-a-l-affiche-de-la-nouvelle-saison\" target=\"_blank\" rel=\"noopener\">Candidat de la saison 19 de l\u2019Amour est dans le pr\u00e9, St\u00e9phane Boulas<\/a> accueillera le rendez-vous les 25 et 26\u00a0octobre \u00e0 Domptail (Vosges) avec sa compagne Nejla.<\/p>\n<p>Une bonne nouvelle pour les aficionados lorrains qui auront \u00ab\u00a0double ration\u00a0\u00bb de l\u2019ADP Tour cette ann\u00e9e\u00a0!<\/p>\n","protected":false},"excerpt":{"rendered":"\u00ab\u00a0Garez-vous tout au fond l\u00e0-bas. Et il y a des navettes pour monter si vous voulez\u2026\u00a0\u00bb. V\u00eatu d\u2019un&hellip;\n","protected":false},"author":2,"featured_media":110155,"comment_status":"","ping_status":"","sticky":false,"template":"","format":"standard","meta":{"footnotes":""},"categories":[9635],"tags":[1111,11,327,1687,33,1707,1704,1706,1705,1777,674,1685,1011,27,775,3457,1702,12,3456,25,273],"class_list":{"0":"post-110154","1":"post","2":"type-post","3":"status-publish","4":"format-standard","5":"has-post-thumbnail","7":"category-nancy","8":"tag-actu","9":"tag-actualites","10":"tag-agriculture","11":"tag-culture-loisirs","12":"tag-economie","13":"tag-edition-luneville","14":"tag-edition-nancy-et-agglomeration","15":"tag-edition-pont-a-mousson","16":"tag-edition-toul","17":"tag-eu","18":"tag-europe","19":"tag-foire-et-salon","20":"tag-fr","21":"tag-france","22":"tag-grand-est","23":"tag-meurthe-et-moselle","24":"tag-nancy","25":"tag-news","26":"tag-region-lorraine","27":"tag-republique-francaise","28":"tag-selection-de-la-redaction"},"share_on_mastodon":{"url":"https:\/\/pubeurope.com\/@fr\/114530766353371765","error":""},"_links":{"self":[{"href":"https:\/\/www.europesays.com\/fr\/wp-json\/wp\/v2\/posts\/110154","targetHints":{"allow":["GET"]}}],"collection":[{"href":"https:\/\/www.europesays.com\/fr\/wp-json\/wp\/v2\/posts"}],"about":[{"href":"https:\/\/www.europesays.com\/fr\/wp-json\/wp\/v2\/types\/post"}],"author":[{"embeddable":true,"href":"https:\/\/www.europesays.com\/fr\/wp-json\/wp\/v2\/users\/2"}],"replies":[{"embeddable":true,"href":"https:\/\/www.europesays.com\/fr\/wp-json\/wp\/v2\/comments?post=110154"}],"version-history":[{"count":0,"href":"https:\/\/www.europesays.com\/fr\/wp-json\/wp\/v2\/posts\/110154\/revisions"}],"wp:featuredmedia":[{"embeddable":true,"href":"https:\/\/www.europesays.com\/fr\/wp-json\/wp\/v2\/media\/110155"}],"wp:attachment":[{"href":"https:\/\/www.europesays.com\/fr\/wp-json\/wp\/v2\/media?parent=110154"}],"wp:term":[{"taxonomy":"category","embeddable":true,"href":"https:\/\/www.europesays.com\/fr\/wp-json\/wp\/v2\/categories?post=110154"},{"taxonomy":"post_tag","embeddable":true,"href":"https:\/\/www.europesays.com\/fr\/wp-json\/wp\/v2\/tags?post=110154"}],"curies":[{"name":"wp","href":"https:\/\/api.w.org\/{rel}","templated":true}]}}