{"id":110158,"date":"2025-05-18T20:40:10","date_gmt":"2025-05-18T20:40:10","guid":{"rendered":"https:\/\/www.europesays.com\/fr\/110158\/"},"modified":"2025-05-18T20:40:10","modified_gmt":"2025-05-18T20:40:10","slug":"la-garde-labellisee-cite-mistralienne-en-marge-de-sa-journee-dediee-a-la-provence","status":"publish","type":"post","link":"https:\/\/www.europesays.com\/fr\/110158\/","title":{"rendered":"La Garde labellis\u00e9e cit\u00e9 mistralienne en marge de sa journ\u00e9e d\u00e9di\u00e9e \u00e0 la Provence"},"content":{"rendered":"<p>Les traditions proven\u00e7ales \u00e9taient \u00e0 l\u2019honneur ce dimanche 18 mai, dans la cit\u00e9 du Rocher. Toute la journ\u00e9e, \u00e0 l\u2019occasion de l\u2019\u00e9v\u00e8nement \u00ab\u00a0La Garde, Terre de Provence\u00a0\u00bb, stands et animations \u00e9taient propos\u00e9s aux nombreux visiteurs ayant investi la place de la R\u00e9publique. Ces derniers pouvaient notamment assister au grand d\u00e9fil\u00e9 traditionnel, au spectacle de danse folklorique, ainsi qu\u2019\u00e0 un moment de \u00ab\u00a0rock-trad proven\u00e7al\u00a0\u00bb, sous l\u2019impulsion du groupe Les Cigales Engats\u00e9es.<\/p>\n<p>Des d\u00e9monstrations li\u00e9es aux m\u00e9tiers d\u2019antan \u00e9taient \u00e9galement propos\u00e9es par l\u2019association Giens 1900, de m\u00eame que plusieurs ateliers autour de la langue et des expressions proven\u00e7ales.<\/p>\n<p>C\u00f4t\u00e9 saveurs, les gourmands du centre-ville n\u2019\u00e9taient pas en reste, avec la pr\u00e9sence de nombreux artisans ayant fait la part belle aux sp\u00e9cialit\u00e9s locales (tapenade, oreillettes, huile d\u2019olive, cade, calissons\u2026).<\/p>\n<p>Enfin, dans le m\u00eame temps, l\u2019engagement de La Garde en faveur du patrimoine proven\u00e7al a \u00e9t\u00e9 r\u00e9compens\u00e9. La maire, H\u00e9l\u00e8ne Arnaud-Bill, s\u2019est engag\u00e9e \u00e0 continuer de valoriser cette identit\u00e9 en signant la charte d\u2019adh\u00e9sion au label Ci\u00e9uta mistralenco (\u00ab\u00a0Cit\u00e9 mistralienne\u00a0\u00bb). D\u00e9livr\u00e9 par l\u2019association F\u00e9librige, il r\u00e9compense, valorise et met en relation les diff\u00e9rentes communes \u0153uvrant pour la culture proven\u00e7ale. \u00ab\u00a0Il y a un \u00e9tat d\u2019esprit et une langue \u00e0 pr\u00e9server\u00a0\u00bb, a assur\u00e9 l\u2019\u00e9dile, qui s\u2019est dite tr\u00e8s fi\u00e8re de cette reconnaissance.<\/p>\n<p>              <img ci-src=\"https:\/\/www.varmatin.com\/festivites\/protec\/DATA_ART_15541726-vZsFq6ig.jpg?vh=852614&amp;ci_seal=572c4c5555\" alt=\"\"\/><\/p>\n","protected":false},"excerpt":{"rendered":"Les traditions proven\u00e7ales \u00e9taient \u00e0 l\u2019honneur ce dimanche 18 mai, dans la cit\u00e9 du Rocher. Toute la journ\u00e9e,&hellip;\n","protected":false},"author":2,"featured_media":110159,"comment_status":"","ping_status":"","sticky":false,"template":"","format":"standard","meta":{"footnotes":""},"categories":[9619],"tags":[1111,11,251,1777,674,7186,1011,27,12,882,25,2310,3366],"class_list":{"0":"post-110158","1":"post","2":"type-post","3":"status-publish","4":"format-standard","5":"has-post-thumbnail","7":"category-toulon","8":"tag-actu","9":"tag-actualites","10":"tag-culture","11":"tag-eu","12":"tag-europe","13":"tag-festivites","14":"tag-fr","15":"tag-france","16":"tag-news","17":"tag-provence-alpes-cote-dazur","18":"tag-republique-francaise","19":"tag-toulon","20":"tag-vie-locale"},"share_on_mastodon":{"url":"https:\/\/pubeurope.com\/@fr\/114530774197799282","error":""},"_links":{"self":[{"href":"https:\/\/www.europesays.com\/fr\/wp-json\/wp\/v2\/posts\/110158","targetHints":{"allow":["GET"]}}],"collection":[{"href":"https:\/\/www.europesays.com\/fr\/wp-json\/wp\/v2\/posts"}],"about":[{"href":"https:\/\/www.europesays.com\/fr\/wp-json\/wp\/v2\/types\/post"}],"author":[{"embeddable":true,"href":"https:\/\/www.europesays.com\/fr\/wp-json\/wp\/v2\/users\/2"}],"replies":[{"embeddable":true,"href":"https:\/\/www.europesays.com\/fr\/wp-json\/wp\/v2\/comments?post=110158"}],"version-history":[{"count":0,"href":"https:\/\/www.europesays.com\/fr\/wp-json\/wp\/v2\/posts\/110158\/revisions"}],"wp:featuredmedia":[{"embeddable":true,"href":"https:\/\/www.europesays.com\/fr\/wp-json\/wp\/v2\/media\/110159"}],"wp:attachment":[{"href":"https:\/\/www.europesays.com\/fr\/wp-json\/wp\/v2\/media?parent=110158"}],"wp:term":[{"taxonomy":"category","embeddable":true,"href":"https:\/\/www.europesays.com\/fr\/wp-json\/wp\/v2\/categories?post=110158"},{"taxonomy":"post_tag","embeddable":true,"href":"https:\/\/www.europesays.com\/fr\/wp-json\/wp\/v2\/tags?post=110158"}],"curies":[{"name":"wp","href":"https:\/\/api.w.org\/{rel}","templated":true}]}}