{"id":110169,"date":"2025-05-18T20:47:58","date_gmt":"2025-05-18T20:47:58","guid":{"rendered":"https:\/\/www.europesays.com\/fr\/110169\/"},"modified":"2025-05-18T20:47:58","modified_gmt":"2025-05-18T20:47:58","slug":"hockey-sur-glace-ligue-magnus-les-pionniers-de-chamonix-recrute-un-ex-gardien-des-bruleurs-de-loups","status":"publish","type":"post","link":"https:\/\/www.europesays.com\/fr\/110169\/","title":{"rendered":"Hockey sur glace &#8211; Ligue Magnus. Les Pionniers de Chamonix recrute un ex-gardien des Br\u00fbleurs de loups"},"content":{"rendered":"<p>\u00c0 28 ans, Rapha\u00ebl Garnier va d\u00e9couvrir un cinqui\u00e8me club de Ligue Magnus. Pass\u00e9 par Rouen (2017-2018), Angers (2020-2021), Grenoble (2021-2024) et Nice (2024-2025), le gardien de but s\u2019est donc engag\u00e9 ce vendredi avec les Pionniers de Chamonix pour la prochaine saison. <a href=\"https:\/\/www.ledauphine.com\/sport\/2023\/01\/24\/bdl-raphael-garnier-comment-ca-se-passe-pour-le-gardien-remplacant\" target=\"_blank\" rel=\"noopener\"> Exp\u00e9riment\u00e9, il va apporter de la profondeur<\/a> sur le banc des Haut-Savoyards, qui ont perdu Lucas Mugnier \u00e0 l\u2019issue de la saison.<\/p>\n<p>Ce contenu est bloqu\u00e9 car vous n&rsquo;avez pas accept\u00e9 les cookies et autres traceurs.<\/p>\n<p>En cliquant sur \u00ab J\u2019accepte \u00bb, les cookies et autres traceurs seront d\u00e9pos\u00e9s et vous pourrez visualiser les contenus  (<a href=\"\" class=\"consentModule_policy\" target=\"_blank\" title=\"Consulter la politique de protection des donn\u00e9es du fournisseur\">plus d&rsquo;informations<\/a>).<\/p>\n<p>En cliquant sur \u00ab J\u2019accepte tous les cookies \u00bb, vous autorisez des d\u00e9p\u00f4ts de cookies et autres traceurs pour le stockage de vos donn\u00e9es sur nos sites et applications \u00e0 des fins de personnalisation et de ciblage publicitaire.<\/p>\n<p class=\"consentModule_secondaryText\">Vous gardez la possibilit\u00e9 de retirer votre consentement \u00e0 tout moment en consultant notre <a href=\"https:\/\/www.ledauphine.com\/protection-des-donnees\" target=\"_blank\" title=\"Consulter notre politique de protection des donn\u00e9es\" rel=\"noopener\">politique de protection des donn\u00e9es<\/a>. <br \/>&#13;<br \/>\n            <a href=\"https:\/\/www.ledauphine.com\/sport\/2025\/05\/16\/javascript:Didomi.notice.show()\" class=\"consentModule_cmp\" target=\"_blank\" rel=\"noopener\">G\u00e9rer mes choix<\/a>&#13;\n        <\/p>\n<p>&#13;<br \/>\n                        J&rsquo;accepte&#13;<br \/>\n            J&rsquo;accepte tous les cookies&#13;\n        <\/p>\n<p>  Une saison \u00e0 Nice<\/p>\n<p>Champion de France avec Rouen et avec Grenoble, Garnier avait quitt\u00e9 les Br\u00fbleurs de loups la saison derni\u00e8re pour tenter de prendre <a href=\"https:\/\/www.ledauphine.com\/sport\/2024\/05\/22\/un-gardien-quitte-les-bruleurs-de-loups\" target=\"_blank\" rel=\"noopener\">du temps de jeu et une place de titulaire dans les filets des Aigles de Nice<\/a>. Il avait plut\u00f4t bien commenc\u00e9 la saison avant que l\u2019Estonien Molder ne soit confirm\u00e9 dans le but azur\u00e9en. Rapha\u00ebl Garnier a disput\u00e9 quand m\u00eame deux matchs de play-offs avec Nice, en quart de finale face aux futurs champions de France, les Br\u00fbleurs de loups de Grenoble (4-0 dans la s\u00e9rie), avec un taux d\u2019arr\u00eats 96,6\u00a0%. Sur la saison r\u00e9guli\u00e8re,\u00a0son score tombe \u00e0 88,40\u00a0% en 16 rencontres. \u00ab\u00a0Il a su d\u00e9montrer, chaque fois qu\u2019il a tenu la cage, qu\u2019il \u00e9tait digne de confiance.<\/p>\n<p>C\u2019est un vrai professionnel, travailleur et talentueux, que nous sommes tr\u00e8s heureux d\u2019accueillir dans notre organisation\u00a0\u00bb, se r\u00e9jouit Christophe Ville, le manager des Pionniers.<\/p>\n","protected":false},"excerpt":{"rendered":"\u00c0 28 ans, Rapha\u00ebl Garnier va d\u00e9couvrir un cinqui\u00e8me club de Ligue Magnus. Pass\u00e9 par Rouen (2017-2018), Angers&hellip;\n","protected":false},"author":2,"featured_media":110170,"comment_status":"","ping_status":"","sticky":false,"template":"","format":"standard","meta":{"footnotes":""},"categories":[9566],"tags":[1111,11,2430,22849,9543,1777,674,1701,1011,27,2731,4638,4133,22848,10145,108,10146,12,22850,25,517],"class_list":{"0":"post-110169","1":"post","2":"type-post","3":"status-publish","4":"format-standard","5":"has-post-thumbnail","7":"category-grenoble","8":"tag-actu","9":"tag-actualites","10":"tag-auvergne-rhone-alpes","11":"tag-chamonix-mont-blanc","12":"tag-edition-mont-blanc-arve","13":"tag-eu","14":"tag-europe","15":"tag-fil-info-sport","16":"tag-fr","17":"tag-france","18":"tag-grenoble","19":"tag-haute-savoie","20":"tag-hockey-sur-glace","21":"tag-hockey-sur-glace-chamonix","22":"tag-hockey-sur-glace-grenoble","23":"tag-isere","24":"tag-ligue-magnus-hockey-sur-glace","25":"tag-news","26":"tag-ouverture-chamonix","27":"tag-republique-francaise","28":"tag-sport"},"share_on_mastodon":{"url":"https:\/\/pubeurope.com\/@fr\/114530805697553869","error":""},"_links":{"self":[{"href":"https:\/\/www.europesays.com\/fr\/wp-json\/wp\/v2\/posts\/110169","targetHints":{"allow":["GET"]}}],"collection":[{"href":"https:\/\/www.europesays.com\/fr\/wp-json\/wp\/v2\/posts"}],"about":[{"href":"https:\/\/www.europesays.com\/fr\/wp-json\/wp\/v2\/types\/post"}],"author":[{"embeddable":true,"href":"https:\/\/www.europesays.com\/fr\/wp-json\/wp\/v2\/users\/2"}],"replies":[{"embeddable":true,"href":"https:\/\/www.europesays.com\/fr\/wp-json\/wp\/v2\/comments?post=110169"}],"version-history":[{"count":0,"href":"https:\/\/www.europesays.com\/fr\/wp-json\/wp\/v2\/posts\/110169\/revisions"}],"wp:featuredmedia":[{"embeddable":true,"href":"https:\/\/www.europesays.com\/fr\/wp-json\/wp\/v2\/media\/110170"}],"wp:attachment":[{"href":"https:\/\/www.europesays.com\/fr\/wp-json\/wp\/v2\/media?parent=110169"}],"wp:term":[{"taxonomy":"category","embeddable":true,"href":"https:\/\/www.europesays.com\/fr\/wp-json\/wp\/v2\/categories?post=110169"},{"taxonomy":"post_tag","embeddable":true,"href":"https:\/\/www.europesays.com\/fr\/wp-json\/wp\/v2\/tags?post=110169"}],"curies":[{"name":"wp","href":"https:\/\/api.w.org\/{rel}","templated":true}]}}