{"id":110174,"date":"2025-05-18T20:51:26","date_gmt":"2025-05-18T20:51:26","guid":{"rendered":"https:\/\/www.europesays.com\/fr\/110174\/"},"modified":"2025-05-18T20:51:26","modified_gmt":"2025-05-18T20:51:26","slug":"en-juin-le-campus-ynov-ouvre-ses-portes-a-strasbourg","status":"publish","type":"post","link":"https:\/\/www.europesays.com\/fr\/110174\/","title":{"rendered":"en juin, le campus Ynov ouvre ses portes \u00e0 Strasbourg !"},"content":{"rendered":"<p>    <img loading=\"lazy\" width=\"1800\" height=\"900\" src=\"https:\/\/www.europesays.com\/fr\/wp-content\/uploads\/2025\/04\/jeanne-callthepolice.jpg\" class=\"attachment-full size-full\" alt=\"\" id=\"imageLove\" decoding=\"async\"  \/><\/p>\n<p id=\"breadcrumbs\"><a href=\"https:\/\/pokaa.fr\/\" target=\"_blank\" rel=\"noopener\">Accueil<\/a> \/ <a href=\"https:\/\/pokaa.fr\/categories\/strasbourg\/\" target=\"_blank\" rel=\"noopener\">Strasbourg<\/a> \/ Se former aux m\u00e9tiers de demain : en juin, le campus Ynov ouvre ses portes \u00e0 Strasbourg !<\/p>\n<p>                    Strasbourg<\/p>\n<p><strong>On vous en parlait il y a quelques temps sur Pokaa : le campus Ynov, d\u00e9j\u00e0 pr\u00e9sent \u00e0 Paris, Lyon ou encore Bordeaux, se pr\u00e9parait \u00e0 d\u00e9barquer \u00e0 Strasbourg avec des formations pour les m\u00e9tiers 2.0. C\u2019est maintenant chose faite, et on vous fait visiter les locaux dans lesquels vous pourrez vous former aux jeux vid\u00e9o, \u00e0 l\u2019architecture d\u2019int\u00e9rieur, ou encore \u00e0 la cybers\u00e9curit\u00e9, l\u2019illustration et les data sciences.\u00a0 <\/strong><\/p>\n<p><strong>2 500m\u00b2<\/strong>\u00a0: c\u2019est la surface du <strong>campus Ynov<\/strong>, qui vient d\u2019ouvrir ses portes \u00e0 Strasbourg. Situ\u00e9 au c\u0153ur du quartier de l\u2019Esplanade, il propose <strong>des formations du Bachelor au Master. <\/strong><\/p>\n<p><strong>Animation 3D, audiovisuel, architecture d\u2019int\u00e9rieur, informatique, marketing et communication digitale, cybers\u00e9curit\u00e9\u2026<\/strong> Autant de domaines qui sont propos\u00e9s par cette \u00e9cole sp\u00e9cialis\u00e9e dans la technologie du digital.<\/p>\n<p>                <a href=\"https:\/\/pokaa.fr\/2023\/11\/09\/cap-sur-les-metiers-davenir-49-formations-innovantes-au-sein-dune-nouvelle-ecole-a-strasbourg\/\" target=\"_blank\" rel=\"noopener\"><br \/>\n                    <img width=\"450\" height=\"270\" src=\"https:\/\/www.europesays.com\/fr\/wp-content\/uploads\/2025\/05\/ynov-1-450x270.png\" class=\"attachment-card-horizontal--same-subject size-card-horizontal--same-subject wp-post-image\" alt=\"\" decoding=\"async\" loading=\"lazy\"\/>                <\/a><\/p>\n<p>                <img width=\"667\" height=\"500\" src=\"https:\/\/www.europesays.com\/fr\/wp-content\/uploads\/2025\/05\/ynov-11-667x500.jpeg\" class=\"attachment-gallery size-gallery\" alt=\"Ynov (11)\" data-full-url=\"https:\/\/pokaa.fr\/wp-content\/uploads\/2025\/05\/15\/ynov-11.jpeg\" decoding=\"async\" loading=\"lazy\"  \/>            <\/p>\n<p>                <img width=\"667\" height=\"500\" src=\"https:\/\/www.europesays.com\/fr\/wp-content\/uploads\/2025\/05\/ynov-12-667x500.jpeg\" class=\"attachment-gallery size-gallery\" alt=\"Ynov (12)\" data-full-url=\"https:\/\/pokaa.fr\/wp-content\/uploads\/2025\/05\/15\/ynov-12.jpeg\" decoding=\"async\" loading=\"lazy\"  \/>            <\/p>\n<p>                <img width=\"667\" height=\"500\" src=\"https:\/\/www.europesays.com\/fr\/wp-content\/uploads\/2025\/05\/ynov-15-667x500.jpeg\" class=\"attachment-gallery size-gallery\" alt=\"Ynov (15)\" data-full-url=\"https:\/\/pokaa.fr\/wp-content\/uploads\/2025\/05\/15\/ynov-15.jpeg\" decoding=\"async\" loading=\"lazy\"  \/>            <\/p>\n<p>                <img width=\"667\" height=\"500\" src=\"https:\/\/www.europesays.com\/fr\/wp-content\/uploads\/2025\/05\/ynov-1-667x500.jpeg\" class=\"attachment-gallery size-gallery\" alt=\"Ynov (1)\" data-full-url=\"https:\/\/pokaa.fr\/wp-content\/uploads\/2025\/05\/15\/ynov-1.jpeg\" decoding=\"async\" loading=\"lazy\"  \/>            <\/p>\n<p>                    \u00a9 Ynov Strasbourg \/ Documents remis<\/p>\n<p>L\u2019innovation \u00e0 port\u00e9e de main <\/p>\n<p>Le mode d\u2019apprentissage de l\u2019\u00e9cole est principalement ax\u00e9 sur <strong>l\u2019exp\u00e9rience collective<\/strong>. Le principe ? <strong>Faire travailler les \u00e9tudiant(e)s des diff\u00e9rentes fili\u00e8res ensemble \u00e0 travers des projets concrets, port\u00e9s par des entreprises, et soutenus par les \u00e9quipements de pointe dont dispose l\u2019\u00e9cole.<\/strong><\/p>\n<p>Au menu : 13 salles de cours, une salle d\u2019art pour les architectes, un studio audiovisuel, une r\u00e9gie, une salle 3D, des salles d\u2019informatique et de cybers\u00e9curit\u00e9, et surtout, des espaces de travail collaboratifs\u2026 et de d\u00e9tente !<\/p>\n<p>Dans les frais de scolarit\u00e9 sont \u00e9galement inclus des outils professionnels tels que des kits de cam\u00e9ra ou des licences logicielles, histoire <strong>d\u2019avoir toutes les cl\u00e9s en mains pour faire na\u00eetre ses projets. <\/strong><\/p>\n<p>                <img width=\"667\" height=\"500\" src=\"https:\/\/www.europesays.com\/fr\/wp-content\/uploads\/2025\/05\/ynov-4-667x500.jpeg\" class=\"attachment-gallery size-gallery\" alt=\"Ynov (4)\" data-full-url=\"https:\/\/pokaa.fr\/wp-content\/uploads\/2025\/05\/15\/ynov-4.jpeg\" decoding=\"async\" loading=\"lazy\"  \/>            <\/p>\n<p>                <img width=\"667\" height=\"500\" src=\"https:\/\/www.europesays.com\/fr\/wp-content\/uploads\/2025\/05\/ynov-5-667x500.jpeg\" class=\"attachment-gallery size-gallery\" alt=\"Ynov (5)\" data-full-url=\"https:\/\/pokaa.fr\/wp-content\/uploads\/2025\/05\/15\/ynov-5.jpeg\" decoding=\"async\" loading=\"lazy\"  \/>            <\/p>\n<p>                <img width=\"667\" height=\"500\" src=\"https:\/\/www.europesays.com\/fr\/wp-content\/uploads\/2025\/05\/ynov-7-667x500.jpeg\" class=\"attachment-gallery size-gallery\" alt=\"Ynov (7)\" data-full-url=\"https:\/\/pokaa.fr\/wp-content\/uploads\/2025\/05\/15\/ynov-7.jpeg\" decoding=\"async\" loading=\"lazy\"  \/>            <\/p>\n<p>                <img width=\"667\" height=\"500\" src=\"https:\/\/www.europesays.com\/fr\/wp-content\/uploads\/2025\/05\/ynov-8-667x500.jpeg\" class=\"attachment-gallery size-gallery\" alt=\"Ynov (8)\" data-full-url=\"https:\/\/pokaa.fr\/wp-content\/uploads\/2025\/05\/15\/ynov-8.jpeg\" decoding=\"async\" loading=\"lazy\"  \/>            <\/p>\n<p>                    \u00a9 Ynov Strasbourg \/ Documents remis<\/p>\n<p>Une journ\u00e9e portes ouvertes pour d\u00e9couvrir le campus flambant neuf <\/p>\n<p><strong>Le 4 juin<\/strong>, l\u2019\u00e9cole organise une journ\u00e9e portes ouvertes pour faire visiter ses locaux aux curieux\/ses. Au programme : <strong>exploration des salles,<\/strong> mais \u00e9galement <strong>des ateliers ludiques<\/strong> pour d\u00e9couvrir les infrastructures, et <strong>rencontrer les \u00e9quipes.<\/strong> Si \u00e7a vous int\u00e9resse, il suffit de <strong>s\u2019inscrire <a href=\"https:\/\/www.ynov.com\/journees-portes-ouvertes\/strasbourg\" target=\"_blank\" rel=\"noopener\">par ici. <\/a><br \/><\/strong><\/p>\n<p>            Portes ouvertes du Campus Ynov<\/p>\n<p>            Quoi ? <\/p>\n<p>Visite du nouveau campus<\/p>\n<p>                Quand ?<\/p>\n<p>Le mercredi 4 juin , de 13h30 \u00e0 16h<\/p>\n<p>            o\u00f9 ?<\/p>\n<p>16 rue Leicester, Strasbourg<\/p>\n<p>                Plus d&rsquo;infos ?<\/p>\n<p><a href=\"https:\/\/www.ynov.com\/campus\/strasbourg\" target=\"_blank\" rel=\"noopener\">Page web du Campus Ynov Strasbourg<\/a><\/p>\n<p><a href=\"https:\/\/www.ynov.com\/journees-portes-ouvertes\/strasbourg\" target=\"_blank\" rel=\"noopener\">Inscription aux portes ouvertes\u00a0<\/a><\/p>\n<p>                <img width=\"375\" height=\"500\" src=\"https:\/\/www.europesays.com\/fr\/wp-content\/uploads\/2025\/05\/ynov-4-375x500.jpg\" class=\"attachment-gallery size-gallery\" alt=\"Ynov (4)\" data-full-url=\"https:\/\/pokaa.fr\/wp-content\/uploads\/2025\/05\/15\/ynov-4.jpg\" decoding=\"async\" loading=\"lazy\"  \/>            <\/p>\n<p>                <img width=\"375\" height=\"500\" src=\"https:\/\/www.europesays.com\/fr\/wp-content\/uploads\/2025\/05\/ynov-1-375x500.jpg\" class=\"attachment-gallery size-gallery\" alt=\"Ynov (1)\" data-full-url=\"https:\/\/pokaa.fr\/wp-content\/uploads\/2025\/05\/15\/ynov-1.jpg\" decoding=\"async\" loading=\"lazy\"  \/>            <\/p>\n<p>                <img width=\"667\" height=\"500\" src=\"https:\/\/www.europesays.com\/fr\/wp-content\/uploads\/2025\/05\/ynov-3-667x500.jpeg\" class=\"attachment-gallery size-gallery\" alt=\"Ynov (3)\" data-full-url=\"https:\/\/pokaa.fr\/wp-content\/uploads\/2025\/05\/15\/ynov-3.jpeg\" decoding=\"async\" loading=\"lazy\"  \/>            <\/p>\n<p>                <img width=\"375\" height=\"500\" src=\"https:\/\/www.europesays.com\/fr\/wp-content\/uploads\/2025\/05\/ynov-6-375x500.jpg\" class=\"attachment-gallery size-gallery\" alt=\"Ynov (6)\" data-full-url=\"https:\/\/pokaa.fr\/wp-content\/uploads\/2025\/05\/15\/ynov-6.jpg\" decoding=\"async\" loading=\"lazy\"  \/>            <\/p>\n<p>                    \u00a9 Ynov Strasbourg \/ Documents remis<\/p>\n<p>    <img width=\"450\" height=\"600\" src=\"https:\/\/www.europesays.com\/fr\/wp-content\/uploads\/2025\/05\/ynov-2-450x600.jpeg\" class=\"attachment-image-size-M size-image-size-M\" alt=\"Ynov (2)\" decoding=\"async\" loading=\"lazy\"  \/>         \u00a9 Ynov Strasbourg \/ Documents remis <\/p>\n","protected":false},"excerpt":{"rendered":"Accueil \/ Strasbourg \/ Se former aux m\u00e9tiers de demain : en juin, le campus Ynov ouvre ses&hellip;\n","protected":false},"author":2,"featured_media":110175,"comment_status":"","ping_status":"","sticky":false,"template":"","format":"standard","meta":{"footnotes":""},"categories":[2820],"tags":[1111,11,6973,1777,674,1011,27,775,12,14241,25,640,717,22851],"class_list":{"0":"post-110174","1":"post","2":"type-post","3":"status-publish","4":"format-standard","5":"has-post-thumbnail","7":"category-strasbourg","8":"tag-actu","9":"tag-actualites","10":"tag-digital","11":"tag-eu","12":"tag-europe","13":"tag-fr","14":"tag-france","15":"tag-grand-est","16":"tag-news","17":"tag-portes-ouvertes","18":"tag-republique-francaise","19":"tag-strasbourg","20":"tag-technologie","21":"tag-ynov"},"share_on_mastodon":{"url":"https:\/\/pubeurope.com\/@fr\/114530817771328098","error":""},"_links":{"self":[{"href":"https:\/\/www.europesays.com\/fr\/wp-json\/wp\/v2\/posts\/110174","targetHints":{"allow":["GET"]}}],"collection":[{"href":"https:\/\/www.europesays.com\/fr\/wp-json\/wp\/v2\/posts"}],"about":[{"href":"https:\/\/www.europesays.com\/fr\/wp-json\/wp\/v2\/types\/post"}],"author":[{"embeddable":true,"href":"https:\/\/www.europesays.com\/fr\/wp-json\/wp\/v2\/users\/2"}],"replies":[{"embeddable":true,"href":"https:\/\/www.europesays.com\/fr\/wp-json\/wp\/v2\/comments?post=110174"}],"version-history":[{"count":0,"href":"https:\/\/www.europesays.com\/fr\/wp-json\/wp\/v2\/posts\/110174\/revisions"}],"wp:featuredmedia":[{"embeddable":true,"href":"https:\/\/www.europesays.com\/fr\/wp-json\/wp\/v2\/media\/110175"}],"wp:attachment":[{"href":"https:\/\/www.europesays.com\/fr\/wp-json\/wp\/v2\/media?parent=110174"}],"wp:term":[{"taxonomy":"category","embeddable":true,"href":"https:\/\/www.europesays.com\/fr\/wp-json\/wp\/v2\/categories?post=110174"},{"taxonomy":"post_tag","embeddable":true,"href":"https:\/\/www.europesays.com\/fr\/wp-json\/wp\/v2\/tags?post=110174"}],"curies":[{"name":"wp","href":"https:\/\/api.w.org\/{rel}","templated":true}]}}