{"id":110186,"date":"2025-05-18T20:58:13","date_gmt":"2025-05-18T20:58:13","guid":{"rendered":"https:\/\/www.europesays.com\/fr\/110186\/"},"modified":"2025-05-18T20:58:13","modified_gmt":"2025-05-18T20:58:13","slug":"r1f-bordeaux-signe-le-carton-de-ce-dimanche-face-a-pole-palois","status":"publish","type":"post","link":"https:\/\/www.europesays.com\/fr\/110186\/","title":{"rendered":"R1F : Bordeaux signe le carton de ce dimanche face \u00e0 P\u00f4le Palois"},"content":{"rendered":"<p><img decoding=\"async\" src=\"https:\/\/www.europesays.com\/fr\/wp-content\/uploads\/2025\/05\/671_6474a079eb4fa53dd353dc4c69b51ace.jpg\" alt=\"R1F : Bordeaux signe le carton de ce dimanche face \u00e0 P\u00f4le Palois\" class=\"img-responsive mt-3\"\/><\/p>\n<p class=\"text-center mb-3\" style=\"font-size: 14px\">\u00a9 Iconsport<\/p>\n<p style=\"text-align: justify;\">Les Girondins alignent une grosse \u00e9quipe (voir la composition de Romain Vitry en bas de page) et pr\u00e9parent sa demi-finale de Coupe d&rsquo;Aquitaine qui se joue le 25 mai face \u00e0 Limoges.<\/p>\n<p><strong>Deux quadrupl\u00e9s et deux doubl\u00e9s<\/strong><\/p>\n<p style=\"text-align: justify;\">Dans cette partie, Bordeaux conc\u00e8de d&rsquo;ailleurs le premier tir, en d\u00e9but de rencontre par la dynamique num\u00e9ro 5 paloise, Lolita Martin. Il est alors bien capt\u00e9 par Orph\u00e9e Roubine qui n&rsquo;aura plus grand-chose \u00e0 faire lors du reste de la rencontre.<\/p>\n<p style=\"text-align: justify;\">Bordeaux domine tr\u00e8s vite son sujet, Sarah Guellil d\u00e9borde et centre pour Sarah Danguiat Avrila qui finit facilement devant le but (0-1, 6&prime;).<\/p>\n<p style=\"text-align: justify;\">\u00c0 la 21e minute, apr\u00e8s un raid, Sophie Istillart transmet dans la surface \u00e0 Danguiat Avrila qui frappe hors de port\u00e9e de la gardienne (0-2).<\/p>\n<p style=\"text-align: justify;\">Tout s&rsquo;acc\u00e9l\u00e8re alors, une-deux Julia Roux-Istillart, la num\u00e9ro 10 bordelaise frappe magnifiquement \u00e0 l&rsquo;entr\u00e9e de la surface (0-3, 23&prime;)<\/p>\n<p style=\"text-align: justify;\">Puis Axelle Graveleau d\u00e9borde sur la droite et adresse un caviar \u00e0 Danguiat Avrila qui fait valoir son adresse devant le but (0-4, 25&prime;).<\/p>\n<p style=\"text-align: justify;\">Pour finir la premi\u00e8re mi-temps, Andr\u00e9a Lardez trouve Guellil dans le dos de la d\u00e9fense couloir gauche. Elle centre pour Istillart en retrait qui marque proprement du plat du pied (0-5, 37).<\/p>\n<p style=\"text-align: justify;\">En d\u00e9but de seconde p\u00e9riode, la jeune gardienne paloise Cl\u00e9mence Destruhaut retarde l&rsquo;\u00e9volution du score par plusieurs parades.<\/p>\n<p style=\"text-align: justify;\">C&rsquo;est sans compter sur une Guellil en grande forme, buteuse avec Istillart encore \u00e0 la passe (0-6, 53&prime;). Puis une frappe exceptionnelle de Sophie Istillart de 28 m\u00e8tres finit en pleine lucarne, ce qui fait rugir le stade, entonnant un chant \u00e0 sa gloire (0-7, 59&prime;).<\/p>\n<p style=\"text-align: justify;\">\u00c0 la 63&prime;, Sarah Danguiat Avrila, apr\u00e8s un bon contr\u00f4le orient\u00e9,dribble la gardienne et marque dans le but adverse,pour son quadrupl\u00e9 (0-8, 63&prime;). Une des belles nouvelles de l&rsquo;apr\u00e8s-midi, Amandine Herbert, de retour de blessure, centre sur son c\u00f4t\u00e9 gauche pour Roux qui conclut de pr\u00e8s (0-9, 65&prime;).<\/p>\n<p style=\"text-align: justify;\">Dans les dix derni\u00e8res minutes, la travailleuse du milieu Aliz\u00e9e Ribeiro va \u00eatre r\u00e9compens\u00e9e de ses efforts,avec d&rsquo;abord une passe d\u00e9cisive de l&rsquo;ext\u00e9rieur du pied pour Roux (0-10, 81&prime;) puis en \u00e9tant buteuse apr\u00e8s avoir frapp\u00e9e dans la surface,ayant b\u00e9n\u00e9fici\u00e9 d&rsquo;un contre opportun (0-11).<\/p>\n<p style=\"text-align: justify;\">Julia Roux, la meneuse de jeu bordelaise, marquera d&rsquo;une belle frappe \u00e0 l&rsquo;entr\u00e9e de la surface (0-12, 87&prime;).<\/p>\n<p style=\"text-align: justify;\">Sarah Guellil finissant le travail sur un service maison d&rsquo;Ilona Koko qui prouve son altruisme et sa capacit\u00e9 \u00e0 \u00eatre d\u00e9cisive pour l&rsquo;\u00e9quipe (0-13, 89&prime;).<\/p>\n<p><strong>114 buts marqu\u00e9s cette saison<\/strong><\/p>\n<p style=\"text-align: justify;\">Bordeaux aura fait le m\u00e9tier pendant ces 22 journ\u00e9es, en respectant ses adversaires par la performance. Les joueuses de l&rsquo;entra\u00eeneur Romain Vitry ont marqu\u00e9 114 buts en 22 journ\u00e9es, soit une moyenne de plus de 5 buts par match.<\/p>\n<p style=\"text-align: justify;\">Au-del\u00e0 de saluer l&rsquo;accueil chaleureux du club de P\u00f4le Palois r\u00e9serv\u00e9 aux supporters bordelais, toutes nos pens\u00e9es vont \u00e0 Lola Caetano, joueuse paloise bless\u00e9e gravement ce dimanche.<\/p>\n<p style=\"text-align: justify;\">Le 11 bordelais : 1-Roubine 2-Marcandella 3-Wong 4-Lardez 5-Meunier (C) 6-Ribeiro 7-Graveleau 8-Istillart 9-Danguiat Avrila 10-Roux 11-Guellil.<\/p>\n<p>Rempla\u00e7antes : 12-Herbert 13-Koko 14-Nounou.<\/p>\n<p style=\"text-align: justify;\">Les buteuses : Danguiat Avrila (x4) Roux (x4) Istillart (x2) Guellil (x2) Ribeiro.<\/p>\n<p style=\"text-align: justify;\">Contribution de Djino Fort\u00e9, socio de WebGirondins.<\/p>\n<p>&gt;&gt;\u00a0<a href=\"https:\/\/www.webgirondins.com\/actualite-girondins-entretien-jussie-bordeaux-a-le-cancer-et-tant-que-ces-gens-la-ne-partiront-pas-il-restera-dans-le-coma-129117\" target=\"_blank\" rel=\"noopener nofollow\"><strong>Entretien. Jussi\u00e9 : \u00ab\u00a0Bordeaux a le cancer, et tant que ces gens-l\u00e0 ne partiront pas, il restera dans le coma\u00a0\u00bb<\/strong><\/a><\/p>\n<p>Notre podcast court \u00e0 \u00e9couter :<\/p>\n<p>\u00a0<\/p>\n","protected":false},"excerpt":{"rendered":"\u00a9 Iconsport Les Girondins alignent une grosse \u00e9quipe (voir la composition de Romain Vitry en bas de page)&hellip;\n","protected":false},"author":2,"featured_media":110187,"comment_status":"","ping_status":"","sticky":false,"template":"","format":"standard","meta":{"footnotes":""},"categories":[2817],"tags":[1111,11,150,22853,17272,6041,1997,7288,3477,22854,1442,16712,6664,2263,1777,674,2823,189,1011,27,11961,12,3946,2219,22852,22534,14190,22855,25,3242,3789],"class_list":{"0":"post-110186","1":"post","2":"type-post","3":"status-publish","4":"format-standard","5":"has-post-thumbnail","7":"category-bordeaux","8":"tag-actu","9":"tag-actualites","10":"tag-apres","11":"tag-assiste","12":"tag-avons","13":"tag-belle","14":"tag-bordeaux","15":"tag-carton","16":"tag-cette","17":"tag-cloture","18":"tag-deja","19":"tag-difficulte","20":"tag-dimanche","21":"tag-equipe","22":"tag-eu","23":"tag-europe","24":"tag-face","25":"tag-facture","26":"tag-fr","27":"tag-france","28":"tag-midi","29":"tag-news","30":"tag-nous","31":"tag-nouvelle-aquitaine","32":"tag-palois","33":"tag-pole","34":"tag-regional","35":"tag-releguee","36":"tag-republique-francaise","37":"tag-saison","38":"tag-signe"},"share_on_mastodon":{"url":"https:\/\/pubeurope.com\/@fr\/114530845002848541","error":""},"_links":{"self":[{"href":"https:\/\/www.europesays.com\/fr\/wp-json\/wp\/v2\/posts\/110186","targetHints":{"allow":["GET"]}}],"collection":[{"href":"https:\/\/www.europesays.com\/fr\/wp-json\/wp\/v2\/posts"}],"about":[{"href":"https:\/\/www.europesays.com\/fr\/wp-json\/wp\/v2\/types\/post"}],"author":[{"embeddable":true,"href":"https:\/\/www.europesays.com\/fr\/wp-json\/wp\/v2\/users\/2"}],"replies":[{"embeddable":true,"href":"https:\/\/www.europesays.com\/fr\/wp-json\/wp\/v2\/comments?post=110186"}],"version-history":[{"count":0,"href":"https:\/\/www.europesays.com\/fr\/wp-json\/wp\/v2\/posts\/110186\/revisions"}],"wp:featuredmedia":[{"embeddable":true,"href":"https:\/\/www.europesays.com\/fr\/wp-json\/wp\/v2\/media\/110187"}],"wp:attachment":[{"href":"https:\/\/www.europesays.com\/fr\/wp-json\/wp\/v2\/media?parent=110186"}],"wp:term":[{"taxonomy":"category","embeddable":true,"href":"https:\/\/www.europesays.com\/fr\/wp-json\/wp\/v2\/categories?post=110186"},{"taxonomy":"post_tag","embeddable":true,"href":"https:\/\/www.europesays.com\/fr\/wp-json\/wp\/v2\/tags?post=110186"}],"curies":[{"name":"wp","href":"https:\/\/api.w.org\/{rel}","templated":true}]}}