{"id":1101869,"date":"2026-08-01T20:25:29","date_gmt":"2026-08-01T20:25:29","guid":{"rendered":"https:\/\/www.europesays.com\/fr\/1101869\/"},"modified":"2026-08-01T20:25:29","modified_gmt":"2026-08-01T20:25:29","slug":"au-petit-dejeuner-en-collation-ou-avec-le-cafe-cette-boisson-booste-la-perte-de-poids-apres-50-ans","status":"publish","type":"post","link":"https:\/\/www.europesays.com\/fr\/1101869\/","title":{"rendered":"Au petit d\u00e9jeuner, en collation ou avec le caf\u00e9, cette boisson booste la perte de poids apr\u00e8s 50\u00a0ans"},"content":{"rendered":"<p>\n                            Apr\u00e8s 50\u00a0ans, la balance devient beaucoup moins conciliante. Une boisson pourrait pourtant aider \u00e0 favoriser la perte de poids, au point que certains nutritionnistes commencent \u00e0 s&rsquo;y int\u00e9resser de pr\u00e8s.<\/p>\n<p>Perdre du poids apr\u00e8s 50\u00a0ans, c&rsquo;est parfois un peu frustrant. On a l&rsquo;impression de faire les m\u00eames efforts qu&rsquo;avant, de ne pas manger beaucoup plus, et pourtant les kilos s&rsquo;accrochent comme s&rsquo;ils avaient sign\u00e9 un bail. En effet, avec l&rsquo;\u00e2ge, le corps br\u00fble un peu moins d&rsquo;\u00e9nergie et la masse musculaire diminue progressivement. Du coup, les habitudes qui fonctionnaient dix ou quinze ans plus t\u00f4t ne donnent plus forc\u00e9ment les m\u00eames r\u00e9sultats.<\/p>\n<p>C&rsquo;est aussi pour cette raison que de plus en plus de personnes regardent de pr\u00e8s ce qu&rsquo;elles mettent dans leur tasse le matin. Effectivement, certaines boissons sont choisies pour leur profil nutritionnel, avec<a href=\"https:\/\/sante.journaldesfemmes.fr\/quotidien\/3259203-habitude-simple-pour-perdre-du-ventre-durablement\/\" target=\"_self\" rel=\"nofollow noopener\"> l&rsquo;id\u00e9e de rendre un r\u00e9\u00e9quilibrage alimentaire<\/a> plus efficace. Et parmi elles, l&rsquo;une commence s\u00e9rieusement \u00e0 sortir du lot. Pourquoi ? Car elle apporte naturellement des fibres et des prot\u00e9ines, deux nutriments importants lorsqu&rsquo;on cherche \u00e0 perdre du poids. Les fibres ralentissent la digestion, tandis que les prot\u00e9ines prolongent la sensation de sati\u00e9t\u00e9. R\u00e9sultat, il devient plus facile de manger \u00e0 sa faim sans augmenter les quantit\u00e9s.\u00a0<\/p>\n<p>Comme le rapporte le magazine <a href=\"https:\/\/www.womansworld.com\/wellness\/chia-milk-benefits-for-women-over-50\" target=\"_blank\" rel=\"nofollow noopener\">Woman&rsquo;s World<\/a>, le Dr Will Haas, fondateur de VYVE Wellness, explique \u00e9galement que son ingr\u00e9dient principal a une particularit\u00e9 assez \u00e9tonnante\u00a0: au contact de l&rsquo;eau, il gonfle et forme une texture naturellement \u00e9paisse. Cette caract\u00e9ristique ralentit encore davantage la digestion et contribue \u00e0 prolonger la sati\u00e9t\u00e9. L&rsquo;id\u00e9e n&rsquo;est \u00e9videmment pas de boire un verre le matin en esp\u00e9rant perdre un kilo le lendemain \u2013 si seulement c&rsquo;\u00e9tait aussi simple&#8230; En revanche, int\u00e9grer cette boisson dans une alimentation \u00e9quilibr\u00e9e peut aider \u00e0 atteindre plus facilement un d\u00e9ficit calorique, indispensable pour perdre du poids.<\/p>\n<p>La boisson en question est le lait de chia. Il est pr\u00e9par\u00e9 en laissant tremper des graines de chia dans de l&rsquo;eau pendant huit \u00e0 douze heures avant de mixer le tout jusqu&rsquo;\u00e0 obtenir une texture onctueuse. Il est possible d&rsquo;ajouter un peu de vanille, de cannelle ou une touche de miel selon les go\u00fbts, puis de le conserver jusqu&rsquo;\u00e0 cinq jours au r\u00e9frig\u00e9rateur. On le trouve \u00e9galement pr\u00eat \u00e0 l&#8217;emploi dans certains magasins sp\u00e9cialis\u00e9s ou sur Internet.<\/p>\n<p><img decoding=\"async\" alt=\"lait-chia-minceur\" src=\"https:\/\/www.europesays.com\/fr\/wp-content\/uploads\/2026\/08\/40090984.jpg\"\/><br \/>\n\u00a9\u00a0betiargi<\/p>\n<p>Maria Kn\u00f6bel, m\u00e9decin sp\u00e9cialis\u00e9e en m\u00e9decine du mode de vie, raconte, elle aussi dans les colonnes de Woman&rsquo;s World, avoir suivi une femme de 52\u00a0ans qui a perdu 8 kilos en 4 mois apr\u00e8s avoir remplac\u00e9 son caf\u00e9 au lait matinal par cette boisson.\u00a0Les experts estiment d&rsquo;ailleurs que cette version liquide pr\u00e9sente un avantage par rapport <a href=\"https:\/\/sante.journaldesfemmes.fr\/fiches-nutrition\/2556816-graines-de-chia-bienfaits-danger-utilisation-comment-les-manger-coupe-faim-maigrir-propriete\/\" target=\"_self\" rel=\"nofollow noopener\">aux graines consomm\u00e9es directement<\/a>.<\/p>\n<p>Apr\u00e8s plusieurs heures de trempage, celles-ci sont d\u00e9j\u00e0 bien hydrat\u00e9es, ce qui faciliterait l&rsquo;assimilation de certains nutriments. C&rsquo;est aussi beaucoup plus pratique au quotidien. Un verre au petit-d\u00e9jeuner, un peu dans un smoothie, un porridge ou m\u00eame dans le caf\u00e9, et le tour est jou\u00e9.<\/p>\n","protected":false},"excerpt":{"rendered":"Apr\u00e8s 50\u00a0ans, la balance devient beaucoup moins conciliante. Une boisson pourrait pourtant aider \u00e0 favoriser la perte de&hellip;\n","protected":false},"author":2,"featured_media":1101870,"comment_status":"","ping_status":"","sticky":false,"template":"","format":"standard","meta":{"footnotes":"","_share_on_mastodon":"0"},"categories":[10],"tags":[113421,51761,51763,53013,1011,27,72,51989,51766,51767,71],"class_list":["post-1101869","post","type-post","status-publish","format-standard","has-post-thumbnail","category-sante","tag-cms-journaldesfemmes-3273143","tag-controller-content","tag-format-papier","tag-forme-et-minceur","tag-fr","tag-france","tag-health","tag-index-tag-interdit-hors-redacchef","tag-les-histoires-du-jdf","tag-parallaxeinfeed","tag-sante"],"share_on_mastodon":{"url":"https:\/\/pubeurope.com\/@fr\/117022132180243986","error":""},"_links":{"self":[{"href":"https:\/\/www.europesays.com\/fr\/wp-json\/wp\/v2\/posts\/1101869","targetHints":{"allow":["GET"]}}],"collection":[{"href":"https:\/\/www.europesays.com\/fr\/wp-json\/wp\/v2\/posts"}],"about":[{"href":"https:\/\/www.europesays.com\/fr\/wp-json\/wp\/v2\/types\/post"}],"author":[{"embeddable":true,"href":"https:\/\/www.europesays.com\/fr\/wp-json\/wp\/v2\/users\/2"}],"replies":[{"embeddable":true,"href":"https:\/\/www.europesays.com\/fr\/wp-json\/wp\/v2\/comments?post=1101869"}],"version-history":[{"count":0,"href":"https:\/\/www.europesays.com\/fr\/wp-json\/wp\/v2\/posts\/1101869\/revisions"}],"wp:featuredmedia":[{"embeddable":true,"href":"https:\/\/www.europesays.com\/fr\/wp-json\/wp\/v2\/media\/1101870"}],"wp:attachment":[{"href":"https:\/\/www.europesays.com\/fr\/wp-json\/wp\/v2\/media?parent=1101869"}],"wp:term":[{"taxonomy":"category","embeddable":true,"href":"https:\/\/www.europesays.com\/fr\/wp-json\/wp\/v2\/categories?post=1101869"},{"taxonomy":"post_tag","embeddable":true,"href":"https:\/\/www.europesays.com\/fr\/wp-json\/wp\/v2\/tags?post=1101869"}],"curies":[{"name":"wp","href":"https:\/\/api.w.org\/{rel}","templated":true}]}}