{"id":1101928,"date":"2026-08-01T21:07:17","date_gmt":"2026-08-01T21:07:17","guid":{"rendered":"https:\/\/www.europesays.com\/fr\/1101928\/"},"modified":"2026-08-01T21:07:17","modified_gmt":"2026-08-01T21:07:17","slug":"une-nuit-aux-cotes-des-policiers-de-marseille","status":"publish","type":"post","link":"https:\/\/www.europesays.com\/fr\/1101928\/","title":{"rendered":"Une nuit aux c\u00f4t\u00e9s des policiers de Marseille"},"content":{"rendered":"<p class=\"jsx-a2e2feb2a010d590 Time\">Publi\u00e9 le 1 ao\u00fbt 2026 \u00e0 19h57<\/p>\n<p class=\"jsx-3150768112 jsx-3884010115 ExpandableText__Text\">Pour eux, l&rsquo;\u00e9t\u00e9 est loin d&rsquo;\u00eatre synonyme de farniente. \u00c0 Marseille, chaque nuit, 30 policiers municipaux sont mobilis\u00e9s pour s\u00e9curiser la ville et les plages. Ils contr\u00f4lent les endroits connus pour la vente de stup\u00e9fiants et les passent au peigne fin. Ils font des contr\u00f4les routiers et v\u00e9rifient les v\u00e9hicules suspects. Ils se chargent aussi de la s\u00e9curisation d&rsquo;\u00e9v\u00e9nements festifs \u00e0 haut risque. Avec plus de 60 agents, la mairie souhaite doubler ses effectifs de la brigade de nuit de la police municipale.<\/p>\n<p>Lire plusReplier<\/p>\n","protected":false},"excerpt":{"rendered":"Publi\u00e9 le 1 ao\u00fbt 2026 \u00e0 19h57 Pour eux, l&rsquo;\u00e9t\u00e9 est loin d&rsquo;\u00eatre synonyme de farniente. \u00c0 Marseille,&hellip;\n","protected":false},"author":2,"featured_media":1101929,"comment_status":"","ping_status":"","sticky":false,"template":"","format":"standard","meta":{"footnotes":"","_share_on_mastodon":"0"},"categories":[2814],"tags":[1111,11,1777,674,1011,27,2954,2952,884,12,1072,882,25,133,2953,34308],"class_list":["post-1101928","post","type-post","status-publish","format-standard","has-post-thumbnail","category-marseille","tag-actu","tag-actualites","tag-eu","tag-europe","tag-fr","tag-france","tag-justice-et-faits-divers","tag-le-20h","tag-marseille","tag-news","tag-police","tag-provence-alpes-cote-dazur","tag-republique-francaise","tag-video","tag-video-police","tag-vie-en-regions"],"share_on_mastodon":{"url":"https:\/\/pubeurope.com\/@fr\/117022297064165855","error":""},"_links":{"self":[{"href":"https:\/\/www.europesays.com\/fr\/wp-json\/wp\/v2\/posts\/1101928","targetHints":{"allow":["GET"]}}],"collection":[{"href":"https:\/\/www.europesays.com\/fr\/wp-json\/wp\/v2\/posts"}],"about":[{"href":"https:\/\/www.europesays.com\/fr\/wp-json\/wp\/v2\/types\/post"}],"author":[{"embeddable":true,"href":"https:\/\/www.europesays.com\/fr\/wp-json\/wp\/v2\/users\/2"}],"replies":[{"embeddable":true,"href":"https:\/\/www.europesays.com\/fr\/wp-json\/wp\/v2\/comments?post=1101928"}],"version-history":[{"count":0,"href":"https:\/\/www.europesays.com\/fr\/wp-json\/wp\/v2\/posts\/1101928\/revisions"}],"wp:featuredmedia":[{"embeddable":true,"href":"https:\/\/www.europesays.com\/fr\/wp-json\/wp\/v2\/media\/1101929"}],"wp:attachment":[{"href":"https:\/\/www.europesays.com\/fr\/wp-json\/wp\/v2\/media?parent=1101928"}],"wp:term":[{"taxonomy":"category","embeddable":true,"href":"https:\/\/www.europesays.com\/fr\/wp-json\/wp\/v2\/categories?post=1101928"},{"taxonomy":"post_tag","embeddable":true,"href":"https:\/\/www.europesays.com\/fr\/wp-json\/wp\/v2\/tags?post=1101928"}],"curies":[{"name":"wp","href":"https:\/\/api.w.org\/{rel}","templated":true}]}}